{"id":3622,"date":"2023-08-23T08:00:00","date_gmt":"2023-08-23T11:00:00","guid":{"rendered":"https:\/\/universofamilia.com\/?p=3622"},"modified":"2025-01-22T01:29:10","modified_gmt":"2025-01-22T01:29:10","slug":"cantando-para-nossos-bebes","status":"publish","type":"post","link":"https:\/\/universofamilia.com\/sk\/cantando-para-nossos-bebes\/","title":{"rendered":"Spievanie pre na\u0161e b\u00e1b\u00e4tk\u00e1: 5 skladieb s o\u010daruj\u00facimi textami a p\u00fatav\u00fdm p\u00f4vodom"},"content":{"rendered":"<p>Spievame pre na\u0161e b\u00e1b\u00e4tk\u00e1, 5 pesni\u010diek s o\u010daruj\u00facimi textami a podmaniv\u00fdm p\u00f4vodom. Sila hudby je neocenite\u013en\u00e1, najm\u00e4 pokia\u013e ide o upokojenie a spojenie s na\u0161imi najmen\u0161\u00edmi.<\/p>\n\n\n\n<p>Spev pre b\u00e1b\u00e4tk\u00e1 nie je len sp\u00f4sob, ako vytvori\u0165 emocion\u00e1lne v\u00e4zby, ale aj stimulova\u0165 kognit\u00edvny a emocion\u00e1lny v\u00fdvoj.<\/p>\n\n\n\n<p>Z\u00e1bavnou formou v\u00e1m uk\u00e1\u017eeme p\u00e4\u0165 popul\u00e1rnych pesni\u010diek, ktor\u00e9 m\u00f4\u017eete spieva\u0165 b\u00e1b\u00e4tk\u00e1m, vr\u00e1tane ich p\u00fatav\u00fdch textov a fascinuj\u00facich pr\u00edbehov o ich p\u00f4vode.<\/p>\n\n\n<div class=\"wp-block-image\">\n<figure class=\"aligncenter size-full\"><img loading=\"lazy\" decoding=\"async\" width=\"550\" height=\"350\" src=\"http:\/\/universofamilia.com\/wp-content\/uploads\/sites\/148\/2023\/08\/POST-Cantando-para-as-criancas-universo-familia-.png\" alt=\"\" class=\"wp-image-3623\" srcset=\"https:\/\/universofamilia.com\/wp-content\/uploads\/sites\/148\/2023\/08\/POST-Cantando-para-as-criancas-universo-familia-.png 550w, https:\/\/universofamilia.com\/wp-content\/uploads\/sites\/148\/2023\/08\/POST-Cantando-para-as-criancas-universo-familia--300x191.png 300w\" sizes=\"(max-width: 550px) 100vw, 550px\" \/><figcaption class=\"wp-element-caption\"><em>Foto: (reprodukcia\/internet)<\/em><\/figcaption><\/figure><\/div>\n\n\n<h3 class=\"wp-block-heading\">1. \u201eBoa Noite, Amiguinho\u201c \u2013 L\u00e1skav\u00e1 mel\u00f3dia na sp\u00e1nok<\/h3>\n\n\n\n<h4 class=\"wp-block-heading\">P\u00f4vod a v\u00fdznam<\/h4>\n\n\n\n<p>Hudba \u201eBoa Noite, Amiguinho\u201c je tradi\u010dn\u00e1 piese\u0148 nin\u00e1r, ktor\u00e1 je o\u010daruj\u00faca. S jemnou mel\u00f3diou a l\u00e1skypln\u00fdm textom si t\u00fato piese\u0148 spievali deti, aby upokojili svoje b\u00e1b\u00e4tk\u00e1 pred span\u00edm.<\/p>\n\n\n\n<p>Jednoduchos\u0165 slov a ne\u017enos\u0165 mel\u00f3die z nej robia ob\u013e\u00faben\u00fa \u0161kolu, ktor\u00e1 odovzd\u00e1va n\u00e1klonnos\u0165 a pokoj najmen\u0161\u00edm.<\/p>\n\n\n\n<h4 class=\"wp-block-heading\">List:<\/h4>\n\n\n\n<div class=\"wp-block-columns is-layout-flex wp-container-core-columns-layout-1 wp-block-columns-is-layout-flex\">\n<div class=\"wp-block-column is-layout-flow wp-block-column-is-layout-flow\" style=\"flex-basis:100%\">\n<div class=\"wp-block-group is-layout-constrained wp-block-group-is-layout-constrained\"><div class=\"wp-block-group__inner-container\">\n<p>\u201eDobra noc, priate\u013eu.\u201c<\/p>\n\n\n\n<p>Je \u010das spa\u0165<\/p>\n\n\n\n<p>A lua j\u00e1 chegou<\/p>\n\n\n\n<p>Ako hviezdy chcete pokra\u010dova\u0165<\/p>\n\n\n\n<p>Dobre, priate\u013eu<\/p>\n\n\n\n<p>O c\u00e9u j\u00e1 vai se luminosa<\/p>\n\n\n\n<p>S kr\u00e1snymi synmi<\/p>\n\n\n\n<p>\u201e\u010co \u0165a chce\u0161 posla\u0165?\u201c<\/p>\n<\/div><\/div>\n<\/div>\n<\/div>\n\n\n\n<h3 class=\"wp-block-heading\">2. \u201eO Barquinho\u201c \u2013 Plavba pokojn\u00fdmi a pokojn\u00fdmi vodami<\/h3>\n\n\n\n<h4 class=\"wp-block-heading\">P\u00f4vod a v\u00fdznam<\/h4>\n\n\n\n<p>Mel\u00f3dia \u201eO Barquinho\u201c n\u00e1s prenesie pokojn\u00fdm d\u0148om cez more fant\u00e1zie. T\u00e1to hudba, ktor\u00e1 m\u00e1 p\u00f4vod v \u013eudov\u00fdch pies\u0148ach, symbolizuje pokoj a mier, ktor\u00e9 dok\u00e1\u017ee vystopova\u0165 lo\u010f pl\u00e1vaj\u00faca v pokojn\u00fdch vod\u00e1ch.<\/p>\n\n\n\n<p>Jeho jemn\u00e1 mel\u00f3dia a jemn\u00fd text sa st\u00e1vaj\u00fa ob\u013e\u00fabenou pies\u0148ou na upokojenie b\u00e1b\u00e4tiek a in\u0161pir\u00e1ciu k pokojn\u00fdm snom.<\/p>\n\n\n\n<h4 class=\"wp-block-heading\">List:<\/h4>\n\n\n\n<div class=\"wp-block-columns is-layout-flex wp-container-core-columns-layout-2 wp-block-columns-is-layout-flex\">\n<div class=\"wp-block-column is-layout-flow wp-block-column-is-layout-flow\" style=\"flex-basis:100%\">\n<div class=\"wp-block-group is-layout-constrained wp-block-group-is-layout-constrained\"><div class=\"wp-block-group__inner-container\">\n<p>\u201e\u00d3 barquinho vai, tardinha cai<\/p>\n\n\n\n<p>O sol j\u00e1 vai embora, o dia findou<\/p>\n\n\n\n<p>O barquinho vai, tardinha cai<\/p>\n\n\n\n<p>\u201cO sol j\u00e1 vai embora, o dia findou\u201d<\/p>\n<\/div><\/div>\n<\/div>\n<\/div>\n\n\n\n<h3 class=\"wp-block-heading\">3. \u201eDorme, nen\u00e9m\u201c \u2013 A Convite para o Soninho Tranquilo<\/h3>\n\n\n\n<h4 class=\"wp-block-heading\">P\u00f4vod a v\u00fdznam<\/h4>\n\n\n\n<p>\u201eDorme, nen\u00e9m\u201c je piese\u0148, ktor\u00e1 vy\u017earuje pokoj a \u00fatechu. T\u00e1to mel\u00f3dia, ktor\u00e1 m\u00e1 p\u00f4vod v kult\u00farnych trad\u00edci\u00e1ch, je jemnou ma\u0161krtou pre va\u0161e die\u0165atko, aby pokojne zaspalo.<\/p>\n\n\n\n<p>Jemn\u00e9 slov\u00e1 a obklopuj\u00faca mel\u00f3dia robia z tejto hudby ob\u013e\u00faben\u00fa \u0161kolu po celom svete, ktor\u00e1 pren\u00e1\u0161a l\u00e1sku a n\u00e1klonnos\u0165.<\/p>\n\n\n\n<h4 class=\"wp-block-heading\">List:<\/h4>\n\n\n\n<div class=\"wp-block-group is-layout-constrained wp-block-group-is-layout-constrained\"><div class=\"wp-block-group__inner-container\">\n<p>\u201eSpi, nen\u00e9m, zasiahneme cuca.\u201c<\/p>\n\n\n\n<p>Papai bol pre ro\u00e7a, mama bola pre pr\u00e1cu<\/p>\n\n\n\n<p>Cho\u010f spa\u0165, zlatko, idem trafi\u0165 Cucu.<\/p>\n\n\n\n<p>Papai bol pre ro\u00e7a, mama bola pre pr\u00e1cu<\/p>\n<\/div><\/div>\n\n\n\n<h3 class=\"wp-block-heading\">4. \u201cBorboletinha\u201d \u2013 Piese\u0148 o\u010darovania a Brincadeira<\/h3>\n\n\n\n<h4 class=\"wp-block-heading\">P\u00f4vod a v\u00fdznam<\/h4>\n\n\n\n<p>\u201eBorboletinha\u201c je detsk\u00e1 pesni\u010dka, ktor\u00e1 kombinuje hudbu a sk\u00e1kanie. V\u010faka veselej mel\u00f3dii a textu, ktor\u00fd podnecuje fant\u00e1ziu, je t\u00e1to hudba ob\u013e\u00fabenou pesni\u010dkou pre b\u00e1b\u00e4tk\u00e1.<\/p>\n\n\n\n<p>Odkaz na bublinu, ktor\u00e1 prech\u00e1dza z kvetu na kvet, je metaforou pre objavovanie a zvedavos\u0165 det\u00ed v procese rastu.<\/p>\n\n\n\n<h4 class=\"wp-block-heading\">List:<\/h4>\n\n\n\n<div class=\"wp-block-group is-layout-constrained wp-block-group-is-layout-constrained\"><div class=\"wp-block-group__inner-container\">\n<p>\u201eBorboletinha je v kuchyni.\u201c<\/p>\n\n\n\n<p>V\u00fdroba \u010dokol\u00e1dy s krstnou mamou<\/p>\n\n\n\n<p>Rob\u00ed\u0161 to, rob\u00ed\u0161 to, rob\u00ed\u0161 to, rob\u00ed\u0161 to<\/p>\n\n\n\n<p>&quot;A canela \u00e9 quente, bude to horie\u0165?&quot;<\/p>\n<\/div><\/div>\n\n\n\n<h3 class=\"wp-block-heading\">5. \u201eAcalanto\u201c \u2013 Priestorov\u00e1 mel\u00f3dia pre sny<\/h3>\n\n\n\n<h4 class=\"wp-block-heading\">P\u00f4vod a v\u00fdznam<\/h4>\n\n\n\n<p>\u201eAcalanto\u201c je detsk\u00e1 piese\u0148, ktor\u00e1 prekra\u010duje kult\u00farne hranice. S obklopuj\u00facou mel\u00f3diou a textom, ktor\u00fd vyjadruje pokoj, je t\u00e1to piese\u0148 vyjadren\u00edm l\u00e1sky a n\u00e1klonnosti od opatrovate\u013eov k b\u00e1b\u00e4tk\u00e1m.<\/p>\n\n\n\n<p>Slovo \u201eacalanto\u201c ozna\u010duje proces zahrievania a balenia, v\u010faka \u010domu je t\u00e1to hudba prirodzenou vo\u013ebou pre chv\u00edle pokoja.<\/p>\n\n\n\n<h4 class=\"wp-block-heading\">List:<\/h4>\n\n\n\n<div class=\"wp-block-group is-layout-constrained wp-block-group-is-layout-constrained\"><div class=\"wp-block-group__inner-container\">\n<p>\u201eSpi, meu menino, meu acalanto<\/p>\n\n\n\n<p>\u010co v noci h\u013ead\u00e1m<\/p>\n\n\n\n<p>O sol vai se deitar<\/p>\n\n\n\n<p>Spi, chlap\u010de m\u00f4j, m\u00f4j acalanto<\/p>\n\n\n\n<p>\u010co v noci h\u013ead\u00e1m<\/p>\n\n\n\n<p>\u201eO sol vai se deitar\u201c<\/p>\n<\/div><\/div>\n\n\n\n<h3 class=\"wp-block-heading\">Z\u00e1ver: Seren\u00e1da l\u00e1sky pre najmen\u0161\u00edch<\/h3>\n\n\n\n<p>Spev pre b\u00e1b\u00e4tk\u00e1 je trad\u00edcia pln\u00e1 v\u00fdznamu a n\u00e1klonnosti. Hudba v \u0161k\u00f4lke nielen\u017ee poskytuje \u00fatechu, ale aj vytv\u00e1ra \u0161peci\u00e1lne puto medzi opatrovate\u013emi a b\u00e1b\u00e4tkami.<\/p>\n\n\n\n<p>Spievan\u00edm t\u00fdchto piesn\u00ed s p\u00fatav\u00fdmi pr\u00edbehmi sa del\u00edme o vz\u00e1cny dar \u2013 hudbu, ktor\u00e1 vy\u017eivuje srdcia a mysle na\u0161ich najmen\u0161\u00edch.<\/p>\n\n\n\n<h3 class=\"wp-block-heading\">\u010casto kladen\u00e9 ot\u00e1zky<\/h3>\n\n\n\n<h4 class=\"wp-block-heading\">1. Pre\u010do je spev pre b\u00e1b\u00e4tk\u00e1 d\u00f4le\u017eit\u00fd?<\/h4>\n\n\n\n<p>Spievanie b\u00e1b\u00e4tk\u00e1m pom\u00e1ha vytv\u00e1ra\u0165 emocion\u00e1lne v\u00e4zby, upokojuje deti a stimuluje kognit\u00edvny v\u00fdvoj.<\/p>\n\n\n\n<h4 class=\"wp-block-heading\">2. Je t\u00e1to hudba \u0161pecifick\u00e1 pre nejak\u00fa kult\u00faru?<\/h4>\n\n\n\n<p>Niektor\u00e9 druhy hudby maj\u00fa \u0161pecifick\u00fd p\u00f4vod, zatia\u013e \u010do in\u00e9 sa spievaj\u00fa v r\u00f4znych kult\u00farach po celom svete.<\/p>\n\n\n\n<h4 class=\"wp-block-heading\">3. Ako si vybra\u0165 spr\u00e1vnu hudbu na spievanie m\u00f4jmu die\u0165a\u0165u?<\/h4>\n\n\n\n<p>Vyberajte hudbu s jemn\u00fdmi mel\u00f3diami a jemn\u00fdmi textami. Pozorovanie reakcie die\u0165a\u0165a m\u00f4\u017ee pom\u00f4c\u0165 ur\u010di\u0165, ktor\u00fa hudbu uprednost\u0148uje.<\/p>\n\n\n\n<h4 class=\"wp-block-heading\">4. M\u00e1 hudba pre b\u00e1b\u00e4tk\u00e1 pozit\u00edvne \u00fa\u010dinky?<\/h4>\n\n\n\n<p>Sim, detsk\u00e1 hudba m\u00f4\u017ee pom\u00f4c\u0165 upokoji\u0165 die\u0165a a vytvori\u0165 relaxa\u010dn\u00fa rutinu pred span\u00edm.<\/p>\n\n\n\n<h4 class=\"wp-block-heading\">5. Okrem tejto hudby, existuj\u00fa aj in\u00e9 popul\u00e1rne mo\u017enosti, ako spieva\u0165 b\u00e1b\u00e4tk\u00e1m?<\/h4>\n\n\n\n<p>Sim, v r\u00f4znych kult\u00farach existuje mno\u017estvo hudobn\u00fdch \u017e\u00e1nrov, z ktor\u00fdch ka\u017ed\u00fd m\u00e1 svoje vlastn\u00e9 pr\u00edbehy a v\u00fdznamy.<\/p>\n\n\n\n<p>Al\u00e9m disso, potrebuje doplnky a oble\u010denie, conhe\u00e7a |&nbsp;<a href=\"https:\/\/www.luzbaby.com.br\/\" target=\"_blank\" rel=\"noreferrer noopener\">Luz Baby je jeden z najlep\u0161\u00edch obchodov s detsk\u00fdmi potrebami. Kliknite sem.<\/a><\/p>","protected":false},"excerpt":{"rendered":"<p>Spievanie pre na\u0161e b\u00e1b\u00e4tk\u00e1, 5 pesni\u010diek s o\u010daruj\u00facimi textami a podmaniv\u00fdm p\u00f4vodom. Sila hudby je neocenite\u013en\u00e1, najm\u00e4 pokia\u013e ide o upokojenie a spojenie s na\u0161imi najmen\u0161\u00edmi. Spievanie pre b\u00e1b\u00e4tk\u00e1 nie je len sp\u00f4sob, ako vytvori\u0165 emocion\u00e1lne v\u00e4zby, ale aj stimulova\u0165 kognit\u00edvny a emocion\u00e1lny v\u00fdvoj. Z\u00e1bavn\u00fdm sp\u00f4sobom [\u2026]<\/p>","protected":false},"author":139,"featured_media":3625,"comment_status":"closed","ping_status":"open","sticky":false,"template":"","format":"standard","meta":{"footnotes":""},"categories":[3],"tags":[],"yoast_head":"<!-- This site is optimized with the Yoast SEO plugin v23.3 - https:\/\/yoast.com\/wordpress\/plugins\/seo\/ -->\n<title>Cantando para Nossos Beb\u00eas: 5 M\u00fasicas com Letras Encantadoras e Origens Cativantes - Universo Fam\u00edlia<\/title>\n<meta name=\"description\" content=\"Cantando para nossos beb\u00eas, 5 m\u00fasicas com letras encantadoras e origens cativantes. O poder da m\u00fasica \u00e9 ineg\u00e1vel, especialmente quando se trata de acalmar\" \/>\n<meta name=\"robots\" content=\"index, follow, max-snippet:-1, max-image-preview:large, max-video-preview:-1\" \/>\n<link rel=\"canonical\" href=\"https:\/\/universofamilia.com\/sk\/cantando-para-nossos-bebes\/\" \/>\n<meta property=\"og:locale\" content=\"sk_SK\" \/>\n<meta property=\"og:type\" content=\"article\" \/>\n<meta property=\"og:title\" content=\"Cantando para Nossos Beb\u00eas: 5 M\u00fasicas com Letras Encantadoras e Origens Cativantes - Universo Fam\u00edlia\" \/>\n<meta property=\"og:description\" content=\"Cantando para nossos beb\u00eas, 5 m\u00fasicas com letras encantadoras e origens cativantes. O poder da m\u00fasica \u00e9 ineg\u00e1vel, especialmente quando se trata de acalmar\" \/>\n<meta property=\"og:url\" content=\"https:\/\/universofamilia.com\/sk\/cantando-para-nossos-bebes\/\" \/>\n<meta property=\"og:site_name\" content=\"Universo Fam\u00edlia\" \/>\n<meta property=\"article:published_time\" content=\"2023-08-23T11:00:00+00:00\" \/>\n<meta property=\"article:modified_time\" content=\"2025-01-22T01:29:10+00:00\" \/>\n<meta property=\"og:image\" content=\"https:\/\/universofamilia.com\/wp-content\/uploads\/sites\/148\/2023\/08\/DESTAQUE-cantando-para-as-criancas-universo-familia-.png\" \/>\n\t<meta property=\"og:image:width\" content=\"448\" \/>\n\t<meta property=\"og:image:height\" content=\"350\" \/>\n\t<meta property=\"og:image:type\" content=\"image\/png\" \/>\n<meta name=\"author\" content=\"Pedro Henrique\" \/>\n<meta name=\"twitter:card\" content=\"summary_large_image\" \/>\n<meta name=\"twitter:label1\" content=\"Written by\" \/>\n\t<meta name=\"twitter:data1\" content=\"Pedro Henrique\" \/>\n\t<meta name=\"twitter:label2\" content=\"Est. reading time\" \/>\n\t<meta name=\"twitter:data2\" content=\"5 min\u00fat\" \/>\n<script type=\"application\/ld+json\" class=\"yoast-schema-graph\">{\"@context\":\"https:\/\/schema.org\",\"@graph\":[{\"@type\":\"WebPage\",\"@id\":\"https:\/\/universofamilia.com\/sr\/cantando-para-nossos-bebes\/\",\"url\":\"https:\/\/universofamilia.com\/sr\/cantando-para-nossos-bebes\/\",\"name\":\"Cantando para Nossos Beb\u00eas: 5 M\u00fasicas com Letras Encantadoras e Origens Cativantes - Universo Fam\u00edlia\",\"isPartOf\":{\"@id\":\"http:\/\/universofamilia.com\/zh_hk\/#website\"},\"primaryImageOfPage\":{\"@id\":\"https:\/\/universofamilia.com\/sr\/cantando-para-nossos-bebes\/#primaryimage\"},\"image\":{\"@id\":\"https:\/\/universofamilia.com\/sr\/cantando-para-nossos-bebes\/#primaryimage\"},\"thumbnailUrl\":\"https:\/\/universofamilia.com\/wp-content\/uploads\/sites\/148\/2023\/08\/DESTAQUE-cantando-para-as-criancas-universo-familia-.png\",\"datePublished\":\"2023-08-23T11:00:00+00:00\",\"dateModified\":\"2025-01-22T01:29:10+00:00\",\"author\":{\"@id\":\"http:\/\/universofamilia.com\/zh_hk\/#\/schema\/person\/f07ce98187dd84d31154262e79b3b7ca\"},\"description\":\"Cantando para nossos beb\u00eas, 5 m\u00fasicas com letras encantadoras e origens cativantes. O poder da m\u00fasica \u00e9 ineg\u00e1vel, especialmente quando se trata de acalmar\",\"breadcrumb\":{\"@id\":\"https:\/\/universofamilia.com\/sr\/cantando-para-nossos-bebes\/#breadcrumb\"},\"inLanguage\":\"sk-SK\",\"potentialAction\":[{\"@type\":\"ReadAction\",\"target\":[\"https:\/\/universofamilia.com\/sr\/cantando-para-nossos-bebes\/\"]}]},{\"@type\":\"ImageObject\",\"inLanguage\":\"sk-SK\",\"@id\":\"https:\/\/universofamilia.com\/sr\/cantando-para-nossos-bebes\/#primaryimage\",\"url\":\"https:\/\/universofamilia.com\/wp-content\/uploads\/sites\/148\/2023\/08\/DESTAQUE-cantando-para-as-criancas-universo-familia-.png\",\"contentUrl\":\"https:\/\/universofamilia.com\/wp-content\/uploads\/sites\/148\/2023\/08\/DESTAQUE-cantando-para-as-criancas-universo-familia-.png\",\"width\":448,\"height\":350},{\"@type\":\"BreadcrumbList\",\"@id\":\"https:\/\/universofamilia.com\/sr\/cantando-para-nossos-bebes\/#breadcrumb\",\"itemListElement\":[{\"@type\":\"ListItem\",\"position\":1,\"name\":\"Home\",\"item\":\"http:\/\/universofamilia.com\/zh_hk\/\"},{\"@type\":\"ListItem\",\"position\":2,\"name\":\"Cantando para Nossos Beb\u00eas: 5 M\u00fasicas com Letras Encantadoras e Origens Cativantes\"}]},{\"@type\":\"WebSite\",\"@id\":\"http:\/\/universofamilia.com\/zh_hk\/#website\",\"url\":\"http:\/\/universofamilia.com\/zh_hk\/\",\"name\":\"Universo Fam\u00edlia\",\"description\":\"\",\"potentialAction\":[{\"@type\":\"SearchAction\",\"target\":{\"@type\":\"EntryPoint\",\"urlTemplate\":\"http:\/\/universofamilia.com\/zh_hk\/?s={search_term_string}\"},\"query-input\":\"required name=search_term_string\"}],\"inLanguage\":\"sk-SK\"},{\"@type\":\"Person\",\"@id\":\"http:\/\/universofamilia.com\/zh_hk\/#\/schema\/person\/f07ce98187dd84d31154262e79b3b7ca\",\"name\":\"Pedro Henrique\",\"image\":{\"@type\":\"ImageObject\",\"inLanguage\":\"sk-SK\",\"@id\":\"http:\/\/universofamilia.com\/zh_hk\/#\/schema\/person\/image\/\",\"url\":\"https:\/\/secure.gravatar.com\/avatar\/9edfeb808cb4e1599f64d6e45b130154?s=96&d=mm&r=g\",\"contentUrl\":\"https:\/\/secure.gravatar.com\/avatar\/9edfeb808cb4e1599f64d6e45b130154?s=96&d=mm&r=g\",\"caption\":\"Pedro Henrique\"},\"url\":\"https:\/\/universofamilia.com\/sk\/author\/editor01\/\"}]}<\/script>\n<!-- \/ Yoast SEO plugin. -->","yoast_head_json":{"title":"Cantando para Nossos Beb\u00eas: 5 M\u00fasicas com Letras Encantadoras e Origens Cativantes - Universo Fam\u00edlia","description":"Cantando para nossos beb\u00eas, 5 m\u00fasicas com letras encantadoras e origens cativantes. O poder da m\u00fasica \u00e9 ineg\u00e1vel, especialmente quando se trata de acalmar","robots":{"index":"index","follow":"follow","max-snippet":"max-snippet:-1","max-image-preview":"max-image-preview:large","max-video-preview":"max-video-preview:-1"},"canonical":"https:\/\/universofamilia.com\/sk\/cantando-para-nossos-bebes\/","og_locale":"sk_SK","og_type":"article","og_title":"Cantando para Nossos Beb\u00eas: 5 M\u00fasicas com Letras Encantadoras e Origens Cativantes - Universo Fam\u00edlia","og_description":"Cantando para nossos beb\u00eas, 5 m\u00fasicas com letras encantadoras e origens cativantes. O poder da m\u00fasica \u00e9 ineg\u00e1vel, especialmente quando se trata de acalmar","og_url":"https:\/\/universofamilia.com\/sk\/cantando-para-nossos-bebes\/","og_site_name":"Universo Fam\u00edlia","article_published_time":"2023-08-23T11:00:00+00:00","article_modified_time":"2025-01-22T01:29:10+00:00","og_image":[{"width":448,"height":350,"url":"https:\/\/universofamilia.com\/wp-content\/uploads\/sites\/148\/2023\/08\/DESTAQUE-cantando-para-as-criancas-universo-familia-.png","type":"image\/png"}],"author":"Pedro Henrique","twitter_card":"summary_large_image","twitter_misc":{"Written by":"Pedro Henrique","Est. reading time":"5 min\u00fat"},"schema":{"@context":"https:\/\/schema.org","@graph":[{"@type":"WebPage","@id":"https:\/\/universofamilia.com\/sr\/cantando-para-nossos-bebes\/","url":"https:\/\/universofamilia.com\/sr\/cantando-para-nossos-bebes\/","name":"Cantando para Nossos Beb\u00eas: 5 M\u00fasicas com Letras Encantadoras e Origens Cativantes - Universo Fam\u00edlia","isPartOf":{"@id":"http:\/\/universofamilia.com\/zh_hk\/#website"},"primaryImageOfPage":{"@id":"https:\/\/universofamilia.com\/sr\/cantando-para-nossos-bebes\/#primaryimage"},"image":{"@id":"https:\/\/universofamilia.com\/sr\/cantando-para-nossos-bebes\/#primaryimage"},"thumbnailUrl":"https:\/\/universofamilia.com\/wp-content\/uploads\/sites\/148\/2023\/08\/DESTAQUE-cantando-para-as-criancas-universo-familia-.png","datePublished":"2023-08-23T11:00:00+00:00","dateModified":"2025-01-22T01:29:10+00:00","author":{"@id":"http:\/\/universofamilia.com\/zh_hk\/#\/schema\/person\/f07ce98187dd84d31154262e79b3b7ca"},"description":"Cantando para nossos beb\u00eas, 5 m\u00fasicas com letras encantadoras e origens cativantes. O poder da m\u00fasica \u00e9 ineg\u00e1vel, especialmente quando se trata de acalmar","breadcrumb":{"@id":"https:\/\/universofamilia.com\/sr\/cantando-para-nossos-bebes\/#breadcrumb"},"inLanguage":"sk-SK","potentialAction":[{"@type":"ReadAction","target":["https:\/\/universofamilia.com\/sr\/cantando-para-nossos-bebes\/"]}]},{"@type":"ImageObject","inLanguage":"sk-SK","@id":"https:\/\/universofamilia.com\/sr\/cantando-para-nossos-bebes\/#primaryimage","url":"https:\/\/universofamilia.com\/wp-content\/uploads\/sites\/148\/2023\/08\/DESTAQUE-cantando-para-as-criancas-universo-familia-.png","contentUrl":"https:\/\/universofamilia.com\/wp-content\/uploads\/sites\/148\/2023\/08\/DESTAQUE-cantando-para-as-criancas-universo-familia-.png","width":448,"height":350},{"@type":"BreadcrumbList","@id":"https:\/\/universofamilia.com\/sr\/cantando-para-nossos-bebes\/#breadcrumb","itemListElement":[{"@type":"ListItem","position":1,"name":"Home","item":"http:\/\/universofamilia.com\/zh_hk\/"},{"@type":"ListItem","position":2,"name":"Cantando para Nossos Beb\u00eas: 5 M\u00fasicas com Letras Encantadoras e Origens Cativantes"}]},{"@type":"WebSite","@id":"http:\/\/universofamilia.com\/zh_hk\/#website","url":"http:\/\/universofamilia.com\/zh_hk\/","name":"Universo Fam\u00edlia","description":"","potentialAction":[{"@type":"SearchAction","target":{"@type":"EntryPoint","urlTemplate":"http:\/\/universofamilia.com\/zh_hk\/?s={search_term_string}"},"query-input":"required name=search_term_string"}],"inLanguage":"sk-SK"},{"@type":"Person","@id":"http:\/\/universofamilia.com\/zh_hk\/#\/schema\/person\/f07ce98187dd84d31154262e79b3b7ca","name":"Pedro Henrique","image":{"@type":"ImageObject","inLanguage":"sk-SK","@id":"http:\/\/universofamilia.com\/zh_hk\/#\/schema\/person\/image\/","url":"https:\/\/secure.gravatar.com\/avatar\/9edfeb808cb4e1599f64d6e45b130154?s=96&d=mm&r=g","contentUrl":"https:\/\/secure.gravatar.com\/avatar\/9edfeb808cb4e1599f64d6e45b130154?s=96&d=mm&r=g","caption":"Pedro Henrique"},"url":"https:\/\/universofamilia.com\/sk\/author\/editor01\/"}]}},"_links":{"self":[{"href":"https:\/\/universofamilia.com\/sk\/wp-json\/wp\/v2\/posts\/3622"}],"collection":[{"href":"https:\/\/universofamilia.com\/sk\/wp-json\/wp\/v2\/posts"}],"about":[{"href":"https:\/\/universofamilia.com\/sk\/wp-json\/wp\/v2\/types\/post"}],"author":[{"embeddable":true,"href":"https:\/\/universofamilia.com\/sk\/wp-json\/wp\/v2\/users\/139"}],"replies":[{"embeddable":true,"href":"https:\/\/universofamilia.com\/sk\/wp-json\/wp\/v2\/comments?post=3622"}],"version-history":[{"count":1,"href":"https:\/\/universofamilia.com\/sk\/wp-json\/wp\/v2\/posts\/3622\/revisions"}],"predecessor-version":[{"id":8285,"href":"https:\/\/universofamilia.com\/sk\/wp-json\/wp\/v2\/posts\/3622\/revisions\/8285"}],"wp:featuredmedia":[{"embeddable":true,"href":"https:\/\/universofamilia.com\/sk\/wp-json\/wp\/v2\/media\/3625"}],"wp:attachment":[{"href":"https:\/\/universofamilia.com\/sk\/wp-json\/wp\/v2\/media?parent=3622"}],"wp:term":[{"taxonomy":"category","embeddable":true,"href":"https:\/\/universofamilia.com\/sk\/wp-json\/wp\/v2\/categories?post=3622"},{"taxonomy":"post_tag","embeddable":true,"href":"https:\/\/universofamilia.com\/sk\/wp-json\/wp\/v2\/tags?post=3622"}],"curies":[{"name":"wp","href":"https:\/\/api.w.org\/{rel}","templated":true}]}}