{"id":3627,"date":"2023-08-24T08:00:00","date_gmt":"2023-08-24T11:00:00","guid":{"rendered":"https:\/\/universofamilia.com\/?p=3627"},"modified":"2025-01-22T01:27:43","modified_gmt":"2025-01-22T01:27:43","slug":"os-10-utensilios-indispensaveis-para-a-introducao-alimentar-de-bebes","status":"publish","type":"post","link":"https:\/\/universofamilia.com\/sk\/os-10-utensilios-indispensaveis-para-a-introducao-alimentar-de-bebes\/","title":{"rendered":"10 nevyhnutn\u00fdch pom\u00f4cok na zav\u00e1dzanie detskej v\u00fd\u017eivy"},"content":{"rendered":"<p>10 z\u00e1kladn\u00fdch pom\u00f4cok na zav\u00e1dzanie doj\u010denia. Zav\u00e1dzanie doj\u010denia je vzru\u0161uj\u00facim a d\u00f4le\u017eit\u00fdm momentom vo v\u00fdvoji v\u00e1\u0161ho die\u0165a\u0165a.<\/p>\n\n\n\n<p>Pri objavovan\u00ed nov\u00fdch chut\u00ed a text\u00far je nevyhnutn\u00e9 ma\u0165 spr\u00e1vne n\u00e1\u010dinie, aby bol tento prechod hladk\u00fd a bezpe\u010dn\u00fd.<\/p>\n\n\n\n<p>Uk\u00e1\u017eem v\u00e1m 10 z\u00e1kladn\u00fdch pom\u00f4cok, ktor\u00e9 zabezpe\u010dia, \u017ee \u00favod do k\u0155menia v\u00e1\u0161ho die\u0165a\u0165a bude pozit\u00edvnym a v\u00fd\u017eivn\u00fdm z\u00e1\u017eitkom. V\u010faka podrobn\u00fdm a praktick\u00fdm pokynom budete pripraven\u00ed \u010deli\u0165 tejto novej etape s istotou.<\/p>\n\n\n<div class=\"wp-block-image\">\n<figure class=\"aligncenter size-full\"><img loading=\"lazy\" decoding=\"async\" width=\"550\" height=\"350\" src=\"http:\/\/universofamilia.com\/wp-content\/uploads\/sites\/148\/2023\/08\/POST-utensilios-para-introducao-alimentar-universo-familia-.png\" alt=\"\" class=\"wp-image-3628\" srcset=\"https:\/\/universofamilia.com\/wp-content\/uploads\/sites\/148\/2023\/08\/POST-utensilios-para-introducao-alimentar-universo-familia-.png 550w, https:\/\/universofamilia.com\/wp-content\/uploads\/sites\/148\/2023\/08\/POST-utensilios-para-introducao-alimentar-universo-familia--300x191.png 300w\" sizes=\"(max-width: 550px) 100vw, 550px\" \/><figcaption class=\"wp-element-caption\"><em>Foto: (reprodukcia\/internet)<\/em><\/figcaption><\/figure><\/div>\n\n\n<h3 class=\"wp-block-heading\">1. Silik\u00f3nov\u00e9 Colheres od Macias<\/h3>\n\n\n\n<p>Po\u010das k\u0155menia je nevyhnutn\u00e9 pou\u017e\u00edva\u0165 pevn\u00e9 silik\u00f3nov\u00e9 vlo\u017eky. S\u00fa ve\u013emi citliv\u00e9 na \u010fasn\u00e1 die\u0165a\u0165a a po k\u0155men\u00ed je to pohodlnej\u0161\u00ed z\u00e1\u017eitok. Pre jednoduch\u0161ie k\u0155menie zvo\u013ete obojky s m\u00e4kkou \u0161pi\u010dkou a ergonomickou rukov\u00e4\u0165ou.<\/p>\n\n\n\n<h3 class=\"wp-block-heading\">2. Pratos com Divis\u00f3rias<\/h3>\n\n\n\n<p>Misky s prep\u00e1\u017ekami s\u00fa vynikaj\u00face na oddelenie r\u00f4znych jed\u00e1l a zabr\u00e1nenie ich zmie\u0161aniu. To pom\u00e1ha die\u0165a\u0165u vychutna\u0165 si r\u00f4zne chute bez toho, aby sa v\u0161etko premenilo na jednu zmes.<\/p>\n\n\n\n<h3 class=\"wp-block-heading\">3. Treinamento vlo\u010dky<\/h3>\n\n\n\n<p>Ke\u010f je die\u0165a pr\u00edli\u0161 skoro na to, aby za\u010dalo pi\u0165 in\u00e9 tekutiny ako mlieko, tr\u00e9ningov\u00e9 vlo\u010dky s\u00fa inteligentnou vo\u013ebou.<\/p>\n\n\n\n<p>Toto s\u00fa k\u013e\u00fa\u010de na zabezpe\u010denie a upevnenie k\u00e1blov, ktor\u00e9 u\u013eah\u010duj\u00fa prechod matersk\u00e9ho mlieka do snehovej vlo\u010dky.<\/p>\n\n\n\n<h3 class=\"wp-block-heading\">4. Bib\u00e0dores Imperme\u00e1veis<\/h3>\n\n\n\n<p>Zav\u00e1dzanie jedla sa \u010dasto sp\u00e1ja s bagun\u00e7ou. Nepremokav\u00e9 detsk\u00e9 oble\u010denie t\u00fato situ\u00e1ciu zabezpe\u010d\u00ed t\u00fdm, \u017ee chr\u00e1ni detsk\u00e9 oble\u010denie pred \u0161kvrnami a f\u013eakmi. Zvo\u013ete modely s vreckami na zber zvy\u0161kov jedla.<\/p>\n\n\n\n<h3 class=\"wp-block-heading\">5. Kuchynsk\u00fd robot<\/h3>\n\n\n\n<p>Ke\u010f je va\u0161e die\u0165a pr\u00edli\u0161 skoro na to, aby vysk\u00fa\u0161alo nov\u00e9 text\u00fary, m\u00f4\u017ee by\u0165 u\u017eito\u010dn\u00fd kuchynsk\u00fd robot.<\/p>\n\n\n\n<p>Umo\u017e\u0148uje v\u00e1m \u013eahko pripravi\u0165 pyr\u00e9 a dom\u00e1ce zemiaky, \u010d\u00edm zabezpe\u010d\u00edte, \u017ee va\u0161e die\u0165a bude konzumova\u0165 \u010derstv\u00e9 a restovan\u00e9 jedl\u00e1.<\/p>\n\n\n\n<h3 class=\"wp-block-heading\">6. Cadeira de Alimenta\u00e7\u00e3o Adequada<\/h3>\n\n\n\n<p>Bezpe\u010dn\u00e1 a nastavite\u013en\u00e1 re\u0165az na k\u0155menie je nevyhnutn\u00e1 na polohovanie die\u0165a\u0165a po\u010das jedla. Chr\u00e1\u0148te re\u0165az bezpe\u010dnostn\u00fdm p\u00e1som a podoprite si nohy, \u010d\u00edm zabezpe\u010d\u00edte pohodln\u00e9 dr\u017eanie tela.<\/p>\n\n\n\n<h3 class=\"wp-block-heading\">7. Proti\u0161mykov\u00e1 silik\u00f3nov\u00e1 podlo\u017eka<\/h3>\n\n\n\n<p>Zabr\u00e1\u0148te \u0161m\u00fdkaniu detskej v\u00fd\u017eivy a vlo\u010diek po\u010das jedla pomocou proti\u0161mykovej silik\u00f3novej podlo\u017eky.<\/p>\n\n\n\n<p>To nielen\u017ee zni\u017euje hmotnos\u0165, ale tie\u017e zabezpe\u010duje, \u017ee sa die\u0165a m\u00f4\u017ee s\u00fastredi\u0165 na k\u0155menie.<\/p>\n\n\n\n<h3 class=\"wp-block-heading\">8. Tr\u00e9ningov\u00e9 workshopy<\/h3>\n\n\n\n<p>Ako si va\u0161e die\u0165a rozv\u00edja motorick\u00e9 zru\u010dnosti, pou\u017e\u00edvaj\u00fa sa tr\u00e9ningov\u00e9 pom\u00f4cky, ktor\u00e9 mu umo\u017enia sk\u00fasi\u0165 zdv\u00edha\u0165 \u0161pinav\u00e9 jedlo.<\/p>\n\n\n\n<p>Pre v\u00e4\u010d\u0161iu bezpe\u010dnos\u0165 si vyberte modely s ergonomick\u00fdmi rukov\u00e4\u0165ami a zaoblen\u00fdmi koncami.<\/p>\n\n\n\n<h3 class=\"wp-block-heading\">9. Prechodn\u00fd poh\u00e1r s Tampou<\/h3>\n\n\n\n<p>Ke\u010f je die\u0165a pr\u00edli\u0161 skoro na to, aby pilo tekutiny, je potrebn\u00e9 matersk\u00e9 mlieko, najlep\u0161ou vo\u013ebou je prechodn\u00fd poh\u00e1r s vie\u010dkom.<\/p>\n\n\n\n<p>Vrchn\u00e1k zabra\u0148uje rozliatiu a umo\u017e\u0148uje die\u0165a\u0165u pi\u0165 samostatnej\u0161ie.<\/p>\n\n\n\n<h3 class=\"wp-block-heading\">10. Steriliz\u00e1tor riadu<\/h3>\n\n\n\n<p>Udr\u017eiavanie detsk\u00e9ho riadu \u010dist\u00e9ho a bez bakt\u00e9ri\u00ed je nevyhnutn\u00e9. Praktick\u00fd steriliz\u00e1tor riadu zabezpe\u010d\u00ed, \u017ee v\u00e1\u0161 riad, misky a vlo\u010dky bud\u00fa v\u017edy pripraven\u00e9 na pou\u017eitie.<\/p>\n\n\n\n<p>Al\u00e9m disso, obchod, ktor\u00fd ozna\u010duje a ak\u00e9 s\u00fa pr\u00e1vne mo\u017enosti<a href=\"https:\/\/www.luzbaby.com.br\/\" target=\"_blank\" rel=\"noreferrer noopener\"> Baby Light je jeden z najlep\u0161\u00edch obchodov s detsk\u00fdmi potrebami. Kliknite sem.<\/a><\/p>\n\n\n\n<h3 class=\"wp-block-heading\">Z\u00e1ver<\/h3>\n\n\n\n<p>Niektor\u00e9 pr\u00edbory m\u00f4\u017eu po\u010das \u00favodn\u00e9ho k\u0155menia v\u00e1\u0161ho die\u0165a\u0165a v\u0161etko zmeni\u0165. S 10 z\u00e1kladn\u00fdmi vecami budete pripraven\u00ed, aby bol tento z\u00e1\u017eitok bezpe\u010dn\u00fd, pohodln\u00fd a v\u00fd\u017eivn\u00fd.<\/p>\n\n\n\n<p>Vedzte, \u017ee ka\u017ed\u00e9 die\u0165a je jedine\u010dn\u00e9, preto prisp\u00f4sobte alebo pou\u017e\u00edvajte tieto pom\u00f4cky pod\u013ea individu\u00e1lnych preferenci\u00ed v\u00e1\u0161ho die\u0165a\u0165a.<\/p>\n\n\n\n<h3 class=\"wp-block-heading\">\u010casto kladen\u00e9 ot\u00e1zky (FAQ):<\/h3>\n\n\n\n<h4 class=\"wp-block-heading\">1. Kedy by som mala za\u010da\u0165 s doj\u010den\u00edm svojho die\u0165a\u0165a?<\/h4>\n\n\n\n<p>Zav\u00e1dzanie pr\u00edkrmov sa zvy\u010dajne za\u010d\u00edna okolo 6 mesiacov veku die\u0165a\u0165a, ke\u010f je pripraven\u00e9 objavova\u0165 nov\u00e9 jedl\u00e1.<\/p>\n\n\n\n<h4 class=\"wp-block-heading\">2. Ko\u013eko pr\u00edborov by som si mal k\u00fapi\u0165 pred za\u010dat\u00edm zav\u00e1dzania pr\u00edkrmu?<\/h4>\n\n\n\n<p>10 kuchynsk\u00fdch pom\u00f4cok uveden\u00fdch v tomto \u010dl\u00e1nku je nevyhnutn\u00fdch pre zabezpe\u010denie hladk\u00e9ho \u00favodu do jedla. Pred za\u010dat\u00edm procesu sa uistite, \u017ee ich m\u00e1te k dispoz\u00edcii.<\/p>\n\n\n\n<h4 class=\"wp-block-heading\">3. Ako zist\u00edm, \u010di je moje die\u0165a pripraven\u00e9 pou\u017e\u00edva\u0165 tr\u00e9ningov\u00e9 pom\u00f4cky?<\/h4>\n\n\n\n<p>Ke\u010f b\u00e1b\u00e4tko za\u010dne udiera\u0165 predmety mojou m\u00fakou a prejavuje z\u00e1ujem o napodob\u0148ovanie k\u0155menia dospel\u00fdch, je to znamenie, \u017ee je pripraven\u00e9 vysk\u00fa\u0161a\u0165 si tr\u00e9ningov\u00e9 \u00falohy.<\/p>\n\n\n\n<h4 class=\"wp-block-heading\">4. Mus\u00edm sterilizova\u0165 riad po ka\u017edom pou\u017eit\u00ed?<\/h4>\n\n\n\n<p>Sterilizovanie riadu po ka\u017edom pou\u017eit\u00ed sa odpor\u00fa\u010da, najm\u00e4 v prv\u00fdch mesiacoch. Ako die\u0165a rastie, t\u00fato frekvenciu mo\u017eno zn\u00ed\u017ei\u0165.<\/p>\n\n\n\n<h4 class=\"wp-block-heading\">5. \u010co m\u00e1m robi\u0165, ak moje die\u0165a dr\u017e\u00ed alebo pou\u017e\u00edva talheres?<\/h4>\n\n\n\n<p>Je be\u017en\u00e9, \u017ee b\u00e1b\u00e4tk\u00e1m trv\u00e1 nejak\u00fd \u010das, k\u00fdm si na veci zvykn\u00fa. Neust\u00e1le im pon\u00fakajte a modelujte alebo ich povzbudzujte k experimentovaniu.<\/p>","protected":false},"excerpt":{"rendered":"<p>Os 10 utens\u00edlios indispens\u00e1veis para a introdu\u00e7\u00e3o alimentar de beb\u00eas. A fase de introdu\u00e7\u00e3o alimentar \u00e9 um momento emocionante e importante no desenvolvimento do beb\u00ea. \u00c0 medida que eles exploram novos sabores e texturas, \u00e9 essencial contar com os utens\u00edlios corretos para tornar essa transi\u00e7\u00e3o suave e segura. Vou te mostrar os 10 utens\u00edlios indispens\u00e1veis [&hellip;]<\/p>","protected":false},"author":139,"featured_media":3629,"comment_status":"closed","ping_status":"open","sticky":false,"template":"","format":"standard","meta":{"footnotes":""},"categories":[5],"tags":[],"yoast_head":"<!-- This site is optimized with the Yoast SEO plugin v23.3 - https:\/\/yoast.com\/wordpress\/plugins\/seo\/ -->\n<title>Os 10 Utens\u00edlios Indispens\u00e1veis para a Introdu\u00e7\u00e3o Alimentar de Beb\u00eas - Universo Fam\u00edlia<\/title>\n<meta name=\"description\" content=\"Os 10 utens\u00edlios indispens\u00e1veis para a introdu\u00e7\u00e3o alimentar de beb\u00eas. A fase de introdu\u00e7\u00e3o alimentar \u00e9 um momento emocionante\" \/>\n<meta name=\"robots\" content=\"index, follow, max-snippet:-1, max-image-preview:large, max-video-preview:-1\" \/>\n<link rel=\"canonical\" href=\"https:\/\/universofamilia.com\/sk\/os-10-utensilios-indispensaveis-para-a-introducao-alimentar-de-bebes\/\" \/>\n<meta property=\"og:locale\" content=\"sk_SK\" \/>\n<meta property=\"og:type\" content=\"article\" \/>\n<meta property=\"og:title\" content=\"Os 10 Utens\u00edlios Indispens\u00e1veis para a Introdu\u00e7\u00e3o Alimentar de Beb\u00eas - Universo Fam\u00edlia\" \/>\n<meta property=\"og:description\" content=\"Os 10 utens\u00edlios indispens\u00e1veis para a introdu\u00e7\u00e3o alimentar de beb\u00eas. A fase de introdu\u00e7\u00e3o alimentar \u00e9 um momento emocionante\" \/>\n<meta property=\"og:url\" content=\"https:\/\/universofamilia.com\/sk\/os-10-utensilios-indispensaveis-para-a-introducao-alimentar-de-bebes\/\" \/>\n<meta property=\"og:site_name\" content=\"Universo Fam\u00edlia\" \/>\n<meta property=\"article:published_time\" content=\"2023-08-24T11:00:00+00:00\" \/>\n<meta property=\"article:modified_time\" content=\"2025-01-22T01:27:43+00:00\" \/>\n<meta property=\"og:image\" content=\"https:\/\/universofamilia.com\/wp-content\/uploads\/sites\/148\/2023\/08\/DESTAQUE-utensilios-para-introducao-alimentar-universo-familia-.png\" \/>\n\t<meta property=\"og:image:width\" content=\"448\" \/>\n\t<meta property=\"og:image:height\" content=\"350\" \/>\n\t<meta property=\"og:image:type\" content=\"image\/png\" \/>\n<meta name=\"author\" content=\"Pedro Henrique\" \/>\n<meta name=\"twitter:card\" content=\"summary_large_image\" \/>\n<meta name=\"twitter:label1\" content=\"Written by\" \/>\n\t<meta name=\"twitter:data1\" content=\"Pedro Henrique\" \/>\n\t<meta name=\"twitter:label2\" content=\"Est. reading time\" \/>\n\t<meta name=\"twitter:data2\" content=\"5 min\u00fat\" \/>\n<script type=\"application\/ld+json\" class=\"yoast-schema-graph\">{\"@context\":\"https:\/\/schema.org\",\"@graph\":[{\"@type\":\"WebPage\",\"@id\":\"https:\/\/universofamilia.com\/da\/os-10-utensilios-indispensaveis-para-a-introducao-alimentar-de-bebes\/\",\"url\":\"https:\/\/universofamilia.com\/da\/os-10-utensilios-indispensaveis-para-a-introducao-alimentar-de-bebes\/\",\"name\":\"Os 10 Utens\u00edlios Indispens\u00e1veis para a Introdu\u00e7\u00e3o Alimentar de Beb\u00eas - Universo Fam\u00edlia\",\"isPartOf\":{\"@id\":\"https:\/\/universofamilia.com\/el\/#website\"},\"primaryImageOfPage\":{\"@id\":\"https:\/\/universofamilia.com\/da\/os-10-utensilios-indispensaveis-para-a-introducao-alimentar-de-bebes\/#primaryimage\"},\"image\":{\"@id\":\"https:\/\/universofamilia.com\/da\/os-10-utensilios-indispensaveis-para-a-introducao-alimentar-de-bebes\/#primaryimage\"},\"thumbnailUrl\":\"https:\/\/universofamilia.com\/wp-content\/uploads\/sites\/148\/2023\/08\/DESTAQUE-utensilios-para-introducao-alimentar-universo-familia-.png\",\"datePublished\":\"2023-08-24T11:00:00+00:00\",\"dateModified\":\"2025-01-22T01:27:43+00:00\",\"author\":{\"@id\":\"https:\/\/universofamilia.com\/el\/#\/schema\/person\/f07ce98187dd84d31154262e79b3b7ca\"},\"description\":\"Os 10 utens\u00edlios indispens\u00e1veis para a introdu\u00e7\u00e3o alimentar de beb\u00eas. A fase de introdu\u00e7\u00e3o alimentar \u00e9 um momento emocionante\",\"breadcrumb\":{\"@id\":\"https:\/\/universofamilia.com\/da\/os-10-utensilios-indispensaveis-para-a-introducao-alimentar-de-bebes\/#breadcrumb\"},\"inLanguage\":\"sk-SK\",\"potentialAction\":[{\"@type\":\"ReadAction\",\"target\":[\"https:\/\/universofamilia.com\/da\/os-10-utensilios-indispensaveis-para-a-introducao-alimentar-de-bebes\/\"]}]},{\"@type\":\"ImageObject\",\"inLanguage\":\"sk-SK\",\"@id\":\"https:\/\/universofamilia.com\/da\/os-10-utensilios-indispensaveis-para-a-introducao-alimentar-de-bebes\/#primaryimage\",\"url\":\"https:\/\/universofamilia.com\/wp-content\/uploads\/sites\/148\/2023\/08\/DESTAQUE-utensilios-para-introducao-alimentar-universo-familia-.png\",\"contentUrl\":\"https:\/\/universofamilia.com\/wp-content\/uploads\/sites\/148\/2023\/08\/DESTAQUE-utensilios-para-introducao-alimentar-universo-familia-.png\",\"width\":448,\"height\":350},{\"@type\":\"BreadcrumbList\",\"@id\":\"https:\/\/universofamilia.com\/da\/os-10-utensilios-indispensaveis-para-a-introducao-alimentar-de-bebes\/#breadcrumb\",\"itemListElement\":[{\"@type\":\"ListItem\",\"position\":1,\"name\":\"Home\",\"item\":\"https:\/\/universofamilia.com\/el\/\"},{\"@type\":\"ListItem\",\"position\":2,\"name\":\"Os 10 Utens\u00edlios Indispens\u00e1veis para a Introdu\u00e7\u00e3o Alimentar de Beb\u00eas\"}]},{\"@type\":\"WebSite\",\"@id\":\"https:\/\/universofamilia.com\/el\/#website\",\"url\":\"https:\/\/universofamilia.com\/el\/\",\"name\":\"Universo Fam\u00edlia\",\"description\":\"\",\"potentialAction\":[{\"@type\":\"SearchAction\",\"target\":{\"@type\":\"EntryPoint\",\"urlTemplate\":\"https:\/\/universofamilia.com\/el\/?s={search_term_string}\"},\"query-input\":\"required name=search_term_string\"}],\"inLanguage\":\"sk-SK\"},{\"@type\":\"Person\",\"@id\":\"https:\/\/universofamilia.com\/el\/#\/schema\/person\/f07ce98187dd84d31154262e79b3b7ca\",\"name\":\"Pedro Henrique\",\"image\":{\"@type\":\"ImageObject\",\"inLanguage\":\"sk-SK\",\"@id\":\"https:\/\/universofamilia.com\/el\/#\/schema\/person\/image\/\",\"url\":\"https:\/\/secure.gravatar.com\/avatar\/9edfeb808cb4e1599f64d6e45b130154?s=96&d=mm&r=g\",\"contentUrl\":\"https:\/\/secure.gravatar.com\/avatar\/9edfeb808cb4e1599f64d6e45b130154?s=96&d=mm&r=g\",\"caption\":\"Pedro Henrique\"},\"url\":\"https:\/\/universofamilia.com\/sk\/author\/editor01\/\"}]}<\/script>\n<!-- \/ Yoast SEO plugin. -->","yoast_head_json":{"title":"Os 10 Utens\u00edlios Indispens\u00e1veis para a Introdu\u00e7\u00e3o Alimentar de Beb\u00eas - Universo Fam\u00edlia","description":"Os 10 utens\u00edlios indispens\u00e1veis para a introdu\u00e7\u00e3o alimentar de beb\u00eas. A fase de introdu\u00e7\u00e3o alimentar \u00e9 um momento emocionante","robots":{"index":"index","follow":"follow","max-snippet":"max-snippet:-1","max-image-preview":"max-image-preview:large","max-video-preview":"max-video-preview:-1"},"canonical":"https:\/\/universofamilia.com\/sk\/os-10-utensilios-indispensaveis-para-a-introducao-alimentar-de-bebes\/","og_locale":"sk_SK","og_type":"article","og_title":"Os 10 Utens\u00edlios Indispens\u00e1veis para a Introdu\u00e7\u00e3o Alimentar de Beb\u00eas - Universo Fam\u00edlia","og_description":"Os 10 utens\u00edlios indispens\u00e1veis para a introdu\u00e7\u00e3o alimentar de beb\u00eas. A fase de introdu\u00e7\u00e3o alimentar \u00e9 um momento emocionante","og_url":"https:\/\/universofamilia.com\/sk\/os-10-utensilios-indispensaveis-para-a-introducao-alimentar-de-bebes\/","og_site_name":"Universo Fam\u00edlia","article_published_time":"2023-08-24T11:00:00+00:00","article_modified_time":"2025-01-22T01:27:43+00:00","og_image":[{"width":448,"height":350,"url":"https:\/\/universofamilia.com\/wp-content\/uploads\/sites\/148\/2023\/08\/DESTAQUE-utensilios-para-introducao-alimentar-universo-familia-.png","type":"image\/png"}],"author":"Pedro Henrique","twitter_card":"summary_large_image","twitter_misc":{"Written by":"Pedro Henrique","Est. reading time":"5 min\u00fat"},"schema":{"@context":"https:\/\/schema.org","@graph":[{"@type":"WebPage","@id":"https:\/\/universofamilia.com\/da\/os-10-utensilios-indispensaveis-para-a-introducao-alimentar-de-bebes\/","url":"https:\/\/universofamilia.com\/da\/os-10-utensilios-indispensaveis-para-a-introducao-alimentar-de-bebes\/","name":"Os 10 Utens\u00edlios Indispens\u00e1veis para a Introdu\u00e7\u00e3o Alimentar de Beb\u00eas - Universo Fam\u00edlia","isPartOf":{"@id":"https:\/\/universofamilia.com\/el\/#website"},"primaryImageOfPage":{"@id":"https:\/\/universofamilia.com\/da\/os-10-utensilios-indispensaveis-para-a-introducao-alimentar-de-bebes\/#primaryimage"},"image":{"@id":"https:\/\/universofamilia.com\/da\/os-10-utensilios-indispensaveis-para-a-introducao-alimentar-de-bebes\/#primaryimage"},"thumbnailUrl":"https:\/\/universofamilia.com\/wp-content\/uploads\/sites\/148\/2023\/08\/DESTAQUE-utensilios-para-introducao-alimentar-universo-familia-.png","datePublished":"2023-08-24T11:00:00+00:00","dateModified":"2025-01-22T01:27:43+00:00","author":{"@id":"https:\/\/universofamilia.com\/el\/#\/schema\/person\/f07ce98187dd84d31154262e79b3b7ca"},"description":"Os 10 utens\u00edlios indispens\u00e1veis para a introdu\u00e7\u00e3o alimentar de beb\u00eas. A fase de introdu\u00e7\u00e3o alimentar \u00e9 um momento emocionante","breadcrumb":{"@id":"https:\/\/universofamilia.com\/da\/os-10-utensilios-indispensaveis-para-a-introducao-alimentar-de-bebes\/#breadcrumb"},"inLanguage":"sk-SK","potentialAction":[{"@type":"ReadAction","target":["https:\/\/universofamilia.com\/da\/os-10-utensilios-indispensaveis-para-a-introducao-alimentar-de-bebes\/"]}]},{"@type":"ImageObject","inLanguage":"sk-SK","@id":"https:\/\/universofamilia.com\/da\/os-10-utensilios-indispensaveis-para-a-introducao-alimentar-de-bebes\/#primaryimage","url":"https:\/\/universofamilia.com\/wp-content\/uploads\/sites\/148\/2023\/08\/DESTAQUE-utensilios-para-introducao-alimentar-universo-familia-.png","contentUrl":"https:\/\/universofamilia.com\/wp-content\/uploads\/sites\/148\/2023\/08\/DESTAQUE-utensilios-para-introducao-alimentar-universo-familia-.png","width":448,"height":350},{"@type":"BreadcrumbList","@id":"https:\/\/universofamilia.com\/da\/os-10-utensilios-indispensaveis-para-a-introducao-alimentar-de-bebes\/#breadcrumb","itemListElement":[{"@type":"ListItem","position":1,"name":"Home","item":"https:\/\/universofamilia.com\/el\/"},{"@type":"ListItem","position":2,"name":"Os 10 Utens\u00edlios Indispens\u00e1veis para a Introdu\u00e7\u00e3o Alimentar de Beb\u00eas"}]},{"@type":"WebSite","@id":"https:\/\/universofamilia.com\/el\/#website","url":"https:\/\/universofamilia.com\/el\/","name":"Universo Fam\u00edlia","description":"","potentialAction":[{"@type":"SearchAction","target":{"@type":"EntryPoint","urlTemplate":"https:\/\/universofamilia.com\/el\/?s={search_term_string}"},"query-input":"required name=search_term_string"}],"inLanguage":"sk-SK"},{"@type":"Person","@id":"https:\/\/universofamilia.com\/el\/#\/schema\/person\/f07ce98187dd84d31154262e79b3b7ca","name":"Pedro Henrique","image":{"@type":"ImageObject","inLanguage":"sk-SK","@id":"https:\/\/universofamilia.com\/el\/#\/schema\/person\/image\/","url":"https:\/\/secure.gravatar.com\/avatar\/9edfeb808cb4e1599f64d6e45b130154?s=96&d=mm&r=g","contentUrl":"https:\/\/secure.gravatar.com\/avatar\/9edfeb808cb4e1599f64d6e45b130154?s=96&d=mm&r=g","caption":"Pedro Henrique"},"url":"https:\/\/universofamilia.com\/sk\/author\/editor01\/"}]}},"_links":{"self":[{"href":"https:\/\/universofamilia.com\/sk\/wp-json\/wp\/v2\/posts\/3627"}],"collection":[{"href":"https:\/\/universofamilia.com\/sk\/wp-json\/wp\/v2\/posts"}],"about":[{"href":"https:\/\/universofamilia.com\/sk\/wp-json\/wp\/v2\/types\/post"}],"author":[{"embeddable":true,"href":"https:\/\/universofamilia.com\/sk\/wp-json\/wp\/v2\/users\/139"}],"replies":[{"embeddable":true,"href":"https:\/\/universofamilia.com\/sk\/wp-json\/wp\/v2\/comments?post=3627"}],"version-history":[{"count":1,"href":"https:\/\/universofamilia.com\/sk\/wp-json\/wp\/v2\/posts\/3627\/revisions"}],"predecessor-version":[{"id":8284,"href":"https:\/\/universofamilia.com\/sk\/wp-json\/wp\/v2\/posts\/3627\/revisions\/8284"}],"wp:featuredmedia":[{"embeddable":true,"href":"https:\/\/universofamilia.com\/sk\/wp-json\/wp\/v2\/media\/3629"}],"wp:attachment":[{"href":"https:\/\/universofamilia.com\/sk\/wp-json\/wp\/v2\/media?parent=3627"}],"wp:term":[{"taxonomy":"category","embeddable":true,"href":"https:\/\/universofamilia.com\/sk\/wp-json\/wp\/v2\/categories?post=3627"},{"taxonomy":"post_tag","embeddable":true,"href":"https:\/\/universofamilia.com\/sk\/wp-json\/wp\/v2\/tags?post=3627"}],"curies":[{"name":"wp","href":"https:\/\/api.w.org\/{rel}","templated":true}]}}