{"id":3989,"date":"2023-09-22T11:46:13","date_gmt":"2023-09-22T14:46:13","guid":{"rendered":"https:\/\/universofamilia.com\/?p=3989"},"modified":"2025-01-28T14:25:30","modified_gmt":"2025-01-28T14:25:30","slug":"preparacao-para-a-segunda-gravidez","status":"publish","type":"post","link":"https:\/\/universofamilia.com\/sk\/preparacao-para-a-segunda-gravidez\/","title":{"rendered":"Pr\u00edprava na druh\u00e9 tehotenstvo"},"content":{"rendered":"<p>Pr\u00edprava na druh\u00e9 tehotenstvo. Prem\u00fd\u0161\u013eate, \u010di ste pripraven\u00ed na druh\u00fd rok? Tu je nieko\u013eko pozit\u00edvnych a negat\u00edvnych aspektov, ktor\u00e9 by ste mali zv\u00e1\u017ei\u0165 pri pl\u00e1novan\u00ed druh\u00e9ho tehotenstva.<\/p>\n\n\n\n<h3 class=\"wp-block-heading\">Krok za krokom:<\/h3>\n\n\n\n<ul>\n<li>Rozhodnutie, \u010di ste pripraven\u00ed na druh\u00fd film<\/li>\n\n\n\n<li>Pr\u00edprava na druh\u00e9 tehotenstvo<\/li>\n\n\n\n<li>Druh\u00e9 tehotenstvo<\/li>\n\n\n\n<li>Zvl\u00e1danie \u0165a\u017ekost\u00ed v druhom tehotenstve<\/li>\n\n\n\n<li>Zdravie po\u010das druh\u00e9ho tehotenstva<\/li>\n\n\n\n<li>Finan\u010dn\u00e9 riadenie po\u010das druh\u00e9ho tehotenstva<\/li>\n<\/ul>\n\n\n<div class=\"wp-block-image\">\n<figure class=\"aligncenter size-full\"><img loading=\"lazy\" decoding=\"async\" width=\"960\" height=\"540\" src=\"http:\/\/universofamilia.com\/wp-content\/uploads\/sites\/148\/2023\/09\/P-UNIV-FAMILIA-Preparacao-para-a-Segunda-Gravidez-1-1.png\" alt=\"\" class=\"wp-image-3994\" srcset=\"https:\/\/universofamilia.com\/wp-content\/uploads\/sites\/148\/2023\/09\/P-UNIV-FAMILIA-Preparacao-para-a-Segunda-Gravidez-1-1.png 960w, https:\/\/universofamilia.com\/wp-content\/uploads\/sites\/148\/2023\/09\/P-UNIV-FAMILIA-Preparacao-para-a-Segunda-Gravidez-1-1-300x169.png 300w, https:\/\/universofamilia.com\/wp-content\/uploads\/sites\/148\/2023\/09\/P-UNIV-FAMILIA-Preparacao-para-a-Segunda-Gravidez-1-1-768x432.png 768w\" sizes=\"(max-width: 960px) 100vw, 960px\" \/><\/figure><\/div>\n\n\n<p>Mo\u017eno preto, \u017ee si v\u017edy predstavujem viac det\u00ed, alebo preto, \u017ee mi v poslednej dobe napad\u00e1 my\u0161lienka da\u0165 svojmu die\u0165a\u0165u znamenie, je \u010das prem\u00fd\u0161\u013ea\u0165 o druhom b\u00e1b\u00e4tku. Predstava roz\u0161\u00edrenia rodiny je vzru\u0161uj\u00faca, ale aj znepokojuj\u00faca:<\/p>\n\n\n\n<ol style=\"list-style-type:1\">\n<li>Ako viete, \u010di ste naozaj pripraven\u00ed?<\/li>\n\n\n\n<li>Je prv\u00fd s\u00fabor st\u00e1le pr\u00edli\u0161 mal\u00fd?<\/li>\n\n\n\n<li>Stoj\u00ed za to \u010deli\u0165 chaosu a vy\u010derpaniu dvoch b\u00e1b\u00e4tiek;<\/li>\n\n\n\n<li>Je lep\u0161ie po\u010dka\u0165 e\u0161te chv\u00ed\u013eu?<\/li>\n<\/ol>\n\n\n\n<p>Neexistuj\u00fa definit\u00edvne odpovede, ale je d\u00f4le\u017eit\u00e9 zamyslie\u0165 sa nad t\u00fdmito ot\u00e1zkami, aby ste sa mohli informovane rozhodn\u00fa\u0165.<\/p>\n\n\n\n<h3 class=\"wp-block-heading\"><strong>Rozhodnutie, \u010di ste pripraven\u00ed na druh\u00fd film<\/strong><\/h3>\n\n\n\n<p>Ako va\u0161e die\u0165a rastie a men\u00ed sa z b\u00e1b\u00e4tka v n\u00e1ru\u010d\u00ed na die\u0165a, ktor\u00e9 chod\u00ed a pad\u00e1, mo\u017eno sa p\u00fdtate, kedy je ten spr\u00e1vny \u010das na druh\u00e9 die\u0165a. Ke\u010f\u017ee toto rozhodnutie je pre ka\u017ed\u00fa rodinu jedine\u010dn\u00e9, nieko\u013eko ot\u00e1zok, ktor\u00e9 v\u00e1m m\u00f4\u017eu pom\u00f4c\u0165 ur\u010di\u0165 najvhodnej\u0161\u00ed \u010das:<\/p>\n\n\n\n<ol style=\"list-style-type:1\">\n<li>M\u00e1te pocit, \u017ee je nedostatok det\u00ed z okolit\u00fdch komun\u00edt, aby ste mohli by\u0165 spolo\u010dn\u00edkmi brincadeiras?<\/li>\n\n\n\n<li>Si ochotn\u00fd\/\u00e1 op\u00e4\u0165 \u010deli\u0165 f\u00e1ze noc\u00ed a noc\u00ed bez sp\u00e1nku, ale vzd\u00e1vam sa alebo je u\u017e neskoro?<\/li>\n\n\n\n<li>Uprednost\u0148ujete rozlo\u017eenie tehotenstva, aby ste mohli vyu\u017ei\u0165 detsk\u00fa f\u00e1zu ka\u017ed\u00e9ho die\u0165a\u0165a bez rozpty\u013eovania?<\/li>\n\n\n\n<li>P\u00e1\u010di sa v\u00e1m my\u0161lienka rozostupov medzi de\u0165mi alebo dostato\u010dn\u00fdch rozstupov na minimaliz\u00e1ciu konfliktov medzi de\u0165mi kv\u00f4li ve\u013emi podobn\u00fdm stavom a v\u00fdvojov\u00fdm \u0161t\u00e1di\u00e1m?<\/li>\n<\/ol>\n\n\n\n<h4 class=\"wp-block-heading\"><mark class=\"has-inline-color has-ast-global-color-0-color\">Pre\u010d\u00edtajte si tie\u017e:<\/mark><\/h4>\n\n\n<table style=\"border-collapse: collapse;width: 840px;height: 171px\">\n<tbody>\n<tr style=\"height: 21px\">\n<td style=\"width: 18.5759%;height: 21px\"><a href=\"https:\/\/universofamilia.com\/sk\/7-passos-de-como-criar-e-manter-um-orcamento-familiar\/\"><img loading=\"lazy\" decoding=\"async\" class=\"alignnone wp-image-3984 size-medium\" src=\"http:\/\/universofamilia.com\/wp-content\/uploads\/sites\/148\/2023\/09\/L-Universo-Familia-7-Passos-de-Como-Criar-e-Manter-um-Orcamento-Familiar-300x300.png\" alt=\"\" width=\"300\" height=\"300\" srcset=\"https:\/\/universofamilia.com\/wp-content\/uploads\/sites\/148\/2023\/09\/L-Universo-Familia-7-Passos-de-Como-Criar-e-Manter-um-Orcamento-Familiar-300x300.png 300w, https:\/\/universofamilia.com\/wp-content\/uploads\/sites\/148\/2023\/09\/L-Universo-Familia-7-Passos-de-Como-Criar-e-Manter-um-Orcamento-Familiar-150x150.png 150w, https:\/\/universofamilia.com\/wp-content\/uploads\/sites\/148\/2023\/09\/L-Universo-Familia-7-Passos-de-Como-Criar-e-Manter-um-Orcamento-Familiar.png 315w\" sizes=\"(max-width: 300px) 100vw, 300px\" \/><\/a><\/td>\n<td style=\"width: 81.4241%;height: 21px\">\n<h4><span style=\"color: #000000\"><a style=\"color: #000000\" href=\"https:\/\/universofamilia.com\/sk\/7-passos-de-como-criar-e-manter-um-orcamento-familiar\/\" target=\"_blank\" rel=\"noopener\">7 krokov, ako vychova\u0165 a udr\u017ea\u0165 rodinu (or\u00e7amento)<\/a><\/span><\/h4>\n<\/td>\n<\/tr>\n<tr style=\"height: 21px\">\n<td style=\"width: 18.5759%;height: 10px\">\u00a0<\/td>\n<td style=\"width: 81.4241%;height: 10px\">\u00a0<\/td>\n<\/tr>\n<tr style=\"height: 21px\">\n<td style=\"width: 18.5759%;height: 21px\">\u00a0<\/td>\n<td style=\"width: 81.4241%;height: 21px\">\u00a0<\/td>\n<\/tr>\n<\/tbody>\n<\/table>\n\n\n<p>Ak ste na prv\u00fdch nieko\u013eko ot\u00e1zok odpovedali \u201e\u00e1no\u201c, mo\u017eno je priskoro na to, aby ste prem\u00fd\u0161\u013eali o druhej ot\u00e1zke.<\/p>\n\n\n\n<p>Ak s\u00fa v\u0161ak posledn\u00e9 dve ot\u00e1zky zodpovedan\u00e9 \u201e\u00e1no\u201c, m\u00f4\u017ee by\u0165 dobr\u00e9 po\u010dka\u0165 e\u0161te chv\u00ed\u013eu, k\u00fdm za\u010dnete pl\u00e1nova\u0165 druh\u00e9 tehotenstvo.<\/p>\n\n\n\n<p>Okrem t\u00fdchto \u00favah je zn\u00e1me, \u017ee je potrebn\u00e9 zhodnoti\u0165 aj \u010fal\u0161ie faktory, ako napr\u00edklad finan\u010dn\u00fa situ\u00e1ciu rodiny, mo\u017enosti starostlivosti o deti a profesion\u00e1lne povinnosti.<\/p>\n\n\n\n<p>Bez oh\u013eadu na to, ak\u00e9 rozhodnutie urob\u00edte, viete, \u017ee ka\u017ed\u00e1 mo\u017enos\u0165 rozdelenia priestoru medzi deti prin\u00e1\u0161a svoje vlastn\u00e9 radosti aj v\u00fdzvy. <\/p>\n\n\n\n<p>Napr\u00edklad, ak m\u00e1te deti v bl\u00edzkych komunit\u00e1ch, m\u00f4\u017eeme si odteraz spolo\u010dne u\u017e\u00edva\u0165 sk\u00e1kanie, \u010d\u00edm u\u0161etr\u00edte \u010das h\u013eadan\u00edm aktiv\u00edt. Bu\u010fte v\u0161ak pripraven\u00ed na mo\u017en\u00fa rivalitu medzi de\u0165mi.<\/p>\n\n\n\n<p>Na druhej strane, ak sa rozhodnete udalosti viac rozlo\u017ei\u0165, budete ma\u0165 v\u00fdhodu, \u017ee sa budete m\u00f4c\u0165 viac s\u00fastredi\u0165 na ka\u017ed\u00fd s\u00fabor individu\u00e1lne.<\/p>\n\n\n\n<p>Deti z ve\u013emi vzdialen\u00fdch komun\u00edt v\u0161ak nemusia by\u0165 pr\u00edli\u0161 bl\u00edzko svojich skokov a neexistuje \u017eiadna z\u00e1ruka, \u017ee bude menej konfliktov.<\/p>\n\n\n\n<p>Stru\u010dne povedan\u00e9, rozhodnutie o zalo\u017een\u00ed druh\u00e9ho osobn\u00e9ho die\u0165a\u0165a by malo by\u0165 uroben\u00e9 na z\u00e1klade individu\u00e1lnych okolnost\u00ed a nie na z\u00e1klade toho, \u010do je najlep\u0161ie pre rodinu.<\/p>\n\n\n\n<h3 class=\"wp-block-heading\"><strong>Pr\u00edprava na druh\u00e9 tehotenstvo<\/strong><\/h3>\n\n\n\n<p>Je d\u00f4le\u017eit\u00e9 by\u0165 v dobrej kond\u00edcii pred druh\u00fdm tehotenstvom, rovnako ako sa stara\u0165 o svoje zdravie pred prv\u00fdm die\u0165a\u0165om. <\/p>\n\n\n\n<p>To nevy\u017eaduje denn\u00fa doch\u00e1dzku do \u0161koly (\u010do m\u00f4\u017ee by\u0165 s mal\u00fdm die\u0165a\u0165om \u0165a\u017ek\u00e9), ale znamen\u00e1 to, \u017ee mus\u00edte necha\u0165 svoje telo primerane sa zotavi\u0165 z prv\u00e9ho tehotenstva.<\/p>\n\n\n\n<p>Americk\u00e1 akad\u00e9mia p\u00f4rodn\u00edkov a gynekol\u00f3gov (ACOG) odpor\u00fa\u010da vyhn\u00fa\u0165 sa priberaniu v prv\u00fdch \u0161iestich mesiacoch po p\u00f4rode a najlep\u0161ie po\u010dka\u0165 aspo\u0148 18 mesiacov. Toto je \u010das, kedy si telo dopln\u00ed vitam\u00edny a vr\u00e1ti sa do ide\u00e1lneho stavu pre nov\u00e9 tehotenstvo.<\/p>\n\n\n\n<p>Ak si \u017eel\u00e1te otehotnie\u0165 pred t\u00fdmto obdob\u00edm, je nevyhnutn\u00e9, aby ste sa o tom poradili so svoj\u00edm lek\u00e1rom. Ak sa dobre stravujete, ste zdravotne v poriadku a m\u00e1te dostatok energie na druh\u00e9 tehotenstvo, nie je prek\u00e1\u017ekou ma\u0165 druh\u00e9 die\u0165a, ke\u010f sa budete c\u00edti\u0165 pripraven\u00e1.<\/p>\n\n\n<div class=\"wp-block-image\">\n<figure class=\"aligncenter size-full\"><img loading=\"lazy\" decoding=\"async\" width=\"960\" height=\"540\" src=\"http:\/\/universofamilia.com\/wp-content\/uploads\/sites\/148\/2023\/09\/P-UNIV-FAMILIA-Preparacao-para-a-Segunda-Gravidez-1.png\" alt=\"\" class=\"wp-image-3993\" srcset=\"https:\/\/universofamilia.com\/wp-content\/uploads\/sites\/148\/2023\/09\/P-UNIV-FAMILIA-Preparacao-para-a-Segunda-Gravidez-1.png 960w, https:\/\/universofamilia.com\/wp-content\/uploads\/sites\/148\/2023\/09\/P-UNIV-FAMILIA-Preparacao-para-a-Segunda-Gravidez-1-300x169.png 300w, https:\/\/universofamilia.com\/wp-content\/uploads\/sites\/148\/2023\/09\/P-UNIV-FAMILIA-Preparacao-para-a-Segunda-Gravidez-1-768x432.png 768w\" sizes=\"(max-width: 960px) 100vw, 960px\" \/><\/figure><\/div>\n\n\n<h3 class=\"wp-block-heading\"><strong>Druh\u00e9 tehotenstvo<\/strong><\/h3>\n\n\n\n<p>Ka\u017ed\u00e9 tehotenstvo je jedine\u010dn\u00e9, aj ke\u010f je to u\u017e druh\u00fdkr\u00e1t, \u010do si t\u00fdm prech\u00e1dzate. Pri druh\u00fdch tehotenstv\u00e1ch existuj\u00fa fyziologick\u00e9 rozdiely aj v prvoroden\u00fdch vz\u0165ahoch.<\/p>\n\n\n\n<p>Predt\u00fdm, ako sa v\u0161ak budeme zaobera\u0165 \u0161pecifikami rastu druh\u00e9ho die\u0165a\u0165a, je potrebn\u00e9 ho znova otehotnie\u0165.<\/p>\n\n\n\n<p>V niektor\u00fdch rodin\u00e1ch je po\u010datie druh\u00e9ho die\u0165a\u0165a rovnako jednoduch\u00e9 ako prv\u00e9. M\u00f4\u017eu sa v\u0161ak vyskytn\u00fa\u0165 aj prek\u00e1\u017eky, ktor\u00e9 mnoh\u00fdch \u013eud\u00ed prekvapia.<\/p>\n\n\n\n<h3 class=\"wp-block-heading\"><strong>Zvl\u00e1danie \u0165a\u017ekost\u00ed v druhom tehotenstve<\/strong><\/h3>\n\n\n\n<p>Sekund\u00e1rna neplodnos\u0165, ktor\u00e1 sa vyskytuje po raste vlasov bez die\u0165a\u0165a, je \u010dastej\u0161ia, ne\u017e si mysl\u00edte. <\/p>\n\n\n\n<p>Pr\u00ed\u010diny s\u00fa vo v\u0161eobecnosti podobn\u00e9 ako pri prim\u00e1rnej neplodnosti, ako je vek, hmotnos\u0165 a zdravotn\u00e9 stavy vr\u00e1tane endometri\u00f3zy, maternicov\u00fdch my\u00f3mov alebo syndr\u00f3mu polycystick\u00fdch vaje\u010dn\u00edkov.<\/p>\n\n\n\n<p>Na rie\u0161enie tejto situ\u00e1cie odpor\u00fa\u010dame <strong>Ak m\u00e1te menej ako 35 rokov, pora\u010fte sa s lek\u00e1rom<\/strong> roky a po roku pokusov sa mi nepodarilo otehotnie\u0165. Ak m\u00e1te viac ako 35 rokov, konzult\u00e1cia sa mus\u00ed uskuto\u010dni\u0165 po \u0161iestich mesiacoch ne\u00faspe\u0161n\u00fdch pokusov.<\/p>\n\n\n\n<p>Probl\u00e9my s maternicou vypl\u00fdvaj\u00face z tehotenstva alebo predch\u00e1dzaj\u00facich p\u00f4rodov m\u00f4\u017eu tie\u017e prispie\u0165 k sekund\u00e1rnej neplodnosti. <\/p>\n\n\n\n<p>Preto je d\u00f4le\u017eit\u00e9 <strong>diskutujte o tomto probl\u00e9me so svoj\u00edm lek\u00e1rom<\/strong> predt\u00fdm, ako sa pok\u00fasite znova pribra\u0165. M\u00f4\u017eu zhodnoti\u0165 va\u0161e \u0161ance na prirodzen\u00e9 po\u010datie, poradi\u0165 v\u00e1m o mo\u017en\u00fdch rizikov\u00fdch faktoroch a v pr\u00edpade potreby poskytn\u00fa\u0165 pomoc s plodnos\u0165ou.<\/p>\n\n\n\n<h3 class=\"wp-block-heading\"><strong>Zdravie po\u010das druh\u00e9ho tehotenstva<\/strong><\/h3>\n\n\n\n<p>Druh\u00e9 tehotenstvo m\u00f4\u017ee ovplyvni\u0165 va\u0161e zdravie r\u00f4znymi sp\u00f4sobmi a vytvori\u0165 tak v\u00fdzvy, ako aj v\u00fdhody:<\/p>\n\n\n\n<ul>\n<li>Starostlivos\u0165 o va\u0161e prv\u00e9 die\u0165a v\u00e1s udr\u017e\u00ed fyzicky akt\u00edvnu aj po\u010das druh\u00e9ho tehotenstva, \u010d\u00edm sa eliminuje potreba pl\u00e1nova\u0165 si samostatn\u00e9 cvi\u010denia.<\/li>\n\n\n\n<li>Znepokojenie \u017eivota s r\u00fdchlej\u0161ie naroden\u00fdm die\u0165a\u0165om znamen\u00e1, \u017ee pravdepodobne budete ma\u0165 menej \u010dasu na starosti s tehotensk\u00fdmi pr\u00edznakmi.<\/li>\n\n\n\n<li>U\u017e si zvykla na \u017eivot svojej matky, tak\u017ee nepoc\u00edti \u0161ok zo zmeny \u017eivota, ktor\u00e1 nastala s jej prv\u00fdm die\u0165a\u0165om.<\/li>\n<\/ul>\n\n\n\n<h3 class=\"wp-block-heading\"><strong>Finan\u010dn\u00e9 riadenie po\u010das druh\u00e9ho tehotenstva<\/strong><\/h3>\n\n\n\n<p>Pri \u00favah\u00e1ch o druhom s\u00fabore je d\u00f4le\u017eit\u00e9 zv\u00e1\u017ei\u0165 finan\u010dn\u00e9 d\u00f4sledky.<\/p>\n\n\n\n<p>Or\u00e7amento a financie:<\/p>\n\n\n\n<ul>\n<li>Ak pracujete mimo domu, mysl\u00edm si, \u017ee druh\u00e1 neplaten\u00e1 matersk\u00e1 dovolenka ani skr\u00e1tenie \u010dasu venovan\u00e9ho druh\u00e9mu die\u0165a\u0165u nebude ma\u0165 \u017eiadny finan\u010dn\u00fd dopad.<\/li>\n\n\n\n<li>Ak ste majite\u013ekou domu, chceli by ste sa po druhom tehotenstve vr\u00e1ti\u0165 do pr\u00e1ce.<\/li>\n\n\n\n<li>Skontrolujte, \u010di v\u00e1\u0161 dom zah\u0155\u0148a viac \u010dlenov rodiny, alebo \u010di bude potrebn\u00e9 pres\u0165ahova\u0165 sa do v\u00e4\u010d\u0161ieho a drah\u0161ieho domu.<\/li>\n\n\n\n<li>Zv\u00e1\u017ete, \u010di m\u00f4\u017eete znovu pou\u017ei\u0165 detsk\u00e9 doplnky, ktor\u00e9 u\u017e m\u00e1te, ako napr\u00edklad ber\u00e7o, re\u0165az a ko\u010d\u00edk, alebo si budete musie\u0165 k\u00fapi\u0165 druh\u00fa sadu.<\/li>\n\n\n\n<li>Po dodato\u010dn\u00fdch v\u00e1hach je druh\u00fd s\u00fabor, bez oh\u013eadu na zvolen\u00fd \u010das.<\/li>\n<\/ul>\n\n\n\n<p>Odpor\u00fa\u010da sa pripravi\u0165 si s partnerom predbe\u017en\u00fd rodinn\u00fd dokument, aby ste overili, \u010do v\u00e1m m\u00f4\u017eeme finan\u010dne pom\u00f4c\u0165 v kr\u00e1tkodobom a dlhodobom horizonte.<\/p>\n\n\n\n<p>Vedzte, \u017ee neexistuje dokonal\u00fd okamih a rozhodnutie mus\u00ed by\u0165 uroben\u00e9 na z\u00e1klade potrieb a \u017eelan\u00ed va\u0161ej troj- alebo \u0161tvor\u010dlennej rodiny.<\/p>\n\n\n\n<blockquote class=\"wp-block-quote\">\n<h5 class=\"wp-block-heading\"><em>Pozn\u00e1mky: Materi\u00e1ly a inform\u00e1cie na str\u00e1nke Universo Fam\u00edlia nie s\u00fa ur\u010den\u00e9 na lek\u00e1rsku diagnostiku, ani by sa nemali ako tak\u00e9 pou\u017e\u00edva\u0165. <strong>V\u017edy by ste sa mali poradi\u0165 s lek\u00e1rom alebo kvalifikovan\u00fdm zdravotn\u00edckym pracovn\u00edkom o svojich skuto\u010dn\u00fdch potreb\u00e1ch.<\/strong>.<\/em><\/h5>\n<\/blockquote>\n\n\n<table style=\"border-collapse: collapse;width: 100%;height: 96px\">\n<tbody>\n<tr style=\"height: 96px\">\n<td style=\"width: 10.1223%;height: 96px\"><a href=\"https:\/\/www.luzbaby.com.br\/\" target=\"_blank\" rel=\"noopener\"><img loading=\"lazy\" decoding=\"async\" class=\"alignnone wp-image-3747\" src=\"http:\/\/universofamilia.com\/wp-content\/uploads\/sites\/148\/2023\/09\/Design-sem-nome-3-300x300.png\" alt=\"\" width=\"106\" height=\"106\" srcset=\"https:\/\/universofamilia.com\/wp-content\/uploads\/sites\/148\/2023\/09\/Design-sem-nome-3-300x300.png 300w, https:\/\/universofamilia.com\/wp-content\/uploads\/sites\/148\/2023\/09\/Design-sem-nome-3-150x150.png 150w, https:\/\/universofamilia.com\/wp-content\/uploads\/sites\/148\/2023\/09\/Design-sem-nome-3.png 315w\" sizes=\"(max-width: 106px) 100vw, 106px\" \/><\/a><\/td>\n<td style=\"width: 89.5168%;height: 96px\">\n<h4><span style=\"color: #000000\"><strong><a style=\"color: #000000\" href=\"https:\/\/www.luzbaby.com.br\/\" target=\"_blank\" rel=\"noreferrer noopener\">Conhe\u00e7a Luz Baby, jeden z najlep\u0161\u00edch obchodov s doj\u010densk\u00fdmi v\u00fdrobkami.<\/a><\/strong><\/span><\/h4>\n<\/td>\n<\/tr>\n<\/tbody>\n<\/table>","protected":false},"excerpt":{"rendered":"<p>Pr\u00edprava na druh\u00e9 tehotenstvo. Prem\u00fd\u0161\u013eate, \u010di ste pripraven\u00ed na druh\u00fd rok? Tu je nieko\u013eko pozit\u00edvnych a negat\u00edvnych aspektov, ktor\u00e9 by ste mali zv\u00e1\u017ei\u0165 pri pl\u00e1novan\u00ed druh\u00e9ho tehotenstva. Krok za krokom: Zd\u00e1 sa, \u017ee preto, \u017ee si v\u017edy predstavujem viac det\u00ed, alebo preto, \u017ee som ned\u00e1vno mala n\u00e1pad da\u0165 znamenie svojmu [\u2026]<\/p>","protected":false},"author":139,"featured_media":3995,"comment_status":"closed","ping_status":"open","sticky":false,"template":"","format":"standard","meta":{"footnotes":""},"categories":[5],"tags":[],"yoast_head":"<!-- This site is optimized with the Yoast SEO plugin v23.3 - https:\/\/yoast.com\/wordpress\/plugins\/seo\/ -->\n<title>Prepara\u00e7\u00e3o para a Segunda Gravidez - Universo Fam\u00edlia<\/title>\n<meta name=\"description\" content=\"Prepara\u00e7\u00e3o para a segunda gravidez. Est\u00e1 pensando se est\u00e1 preparada (o) para ter o segundo filho? Aqui est\u00e3o alguns aspectos positivos e negativos que voc\u00ea\" \/>\n<meta name=\"robots\" content=\"index, follow, max-snippet:-1, max-image-preview:large, max-video-preview:-1\" \/>\n<link rel=\"canonical\" href=\"https:\/\/universofamilia.com\/sk\/\u09a6\u09cd\u09ac\u09bf\u09a4\u09c0\u09af\u09bc-\u0997\u09b0\u09cd\u09ad\u09be\u09ac\u09b8\u09cd\u09a5\u09be\u09b0-\u09aa\u09cd\u09b0\/\" \/>\n<meta property=\"og:locale\" content=\"sk_SK\" \/>\n<meta property=\"og:type\" content=\"article\" \/>\n<meta property=\"og:title\" content=\"Prepara\u00e7\u00e3o para a Segunda Gravidez - Universo Fam\u00edlia\" \/>\n<meta property=\"og:description\" content=\"Prepara\u00e7\u00e3o para a segunda gravidez. Est\u00e1 pensando se est\u00e1 preparada (o) para ter o segundo filho? Aqui est\u00e3o alguns aspectos positivos e negativos que voc\u00ea\" \/>\n<meta property=\"og:url\" content=\"https:\/\/universofamilia.com\/sk\/\u09a6\u09cd\u09ac\u09bf\u09a4\u09c0\u09af\u09bc-\u0997\u09b0\u09cd\u09ad\u09be\u09ac\u09b8\u09cd\u09a5\u09be\u09b0-\u09aa\u09cd\u09b0\/\" \/>\n<meta property=\"og:site_name\" content=\"Universo Fam\u00edlia\" \/>\n<meta property=\"article:published_time\" content=\"2023-09-22T14:46:13+00:00\" \/>\n<meta property=\"article:modified_time\" content=\"2025-01-28T14:25:30+00:00\" \/>\n<meta property=\"og:image\" content=\"https:\/\/universofamilia.com\/wp-content\/uploads\/sites\/148\/2023\/09\/D-UNIVERSO-FAMILIA-Preparacao-para-a-Segunda-Gravidez.png\" \/>\n\t<meta property=\"og:image:width\" content=\"448\" \/>\n\t<meta property=\"og:image:height\" content=\"350\" \/>\n\t<meta property=\"og:image:type\" content=\"image\/png\" \/>\n<meta name=\"author\" content=\"Pedro Henrique\" \/>\n<meta name=\"twitter:card\" content=\"summary_large_image\" \/>\n<meta name=\"twitter:label1\" content=\"Written by\" \/>\n\t<meta name=\"twitter:data1\" content=\"Pedro Henrique\" \/>\n\t<meta name=\"twitter:label2\" content=\"Est. reading time\" \/>\n\t<meta name=\"twitter:data2\" content=\"8 min\u00fat\" \/>\n<script type=\"application\/ld+json\" class=\"yoast-schema-graph\">{\"@context\":\"https:\/\/schema.org\",\"@graph\":[{\"@type\":\"WebPage\",\"@id\":\"https:\/\/universofamilia.com\/bn\/\u09a6\u09cd\u09ac\u09bf\u09a4\u09c0\u09af\u09bc-\u0997\u09b0\u09cd\u09ad\u09be\u09ac\u09b8\u09cd\u09a5\u09be\u09b0-\u09aa\u09cd\u09b0\/\",\"url\":\"https:\/\/universofamilia.com\/bn\/\u09a6\u09cd\u09ac\u09bf\u09a4\u09c0\u09af\u09bc-\u0997\u09b0\u09cd\u09ad\u09be\u09ac\u09b8\u09cd\u09a5\u09be\u09b0-\u09aa\u09cd\u09b0\/\",\"name\":\"Prepara\u00e7\u00e3o para a Segunda Gravidez - Universo Fam\u00edlia\",\"isPartOf\":{\"@id\":\"https:\/\/universofamilia.com\/el\/#website\"},\"primaryImageOfPage\":{\"@id\":\"https:\/\/universofamilia.com\/bn\/\u09a6\u09cd\u09ac\u09bf\u09a4\u09c0\u09af\u09bc-\u0997\u09b0\u09cd\u09ad\u09be\u09ac\u09b8\u09cd\u09a5\u09be\u09b0-\u09aa\u09cd\u09b0\/#primaryimage\"},\"image\":{\"@id\":\"https:\/\/universofamilia.com\/bn\/\u09a6\u09cd\u09ac\u09bf\u09a4\u09c0\u09af\u09bc-\u0997\u09b0\u09cd\u09ad\u09be\u09ac\u09b8\u09cd\u09a5\u09be\u09b0-\u09aa\u09cd\u09b0\/#primaryimage\"},\"thumbnailUrl\":\"https:\/\/universofamilia.com\/wp-content\/uploads\/sites\/148\/2023\/09\/D-UNIVERSO-FAMILIA-Preparacao-para-a-Segunda-Gravidez.png\",\"datePublished\":\"2023-09-22T14:46:13+00:00\",\"dateModified\":\"2025-01-28T14:25:30+00:00\",\"author\":{\"@id\":\"https:\/\/universofamilia.com\/el\/#\/schema\/person\/f07ce98187dd84d31154262e79b3b7ca\"},\"description\":\"Prepara\u00e7\u00e3o para a segunda gravidez. Est\u00e1 pensando se est\u00e1 preparada (o) para ter o segundo filho? Aqui est\u00e3o alguns aspectos positivos e negativos que voc\u00ea\",\"breadcrumb\":{\"@id\":\"https:\/\/universofamilia.com\/bn\/\u09a6\u09cd\u09ac\u09bf\u09a4\u09c0\u09af\u09bc-\u0997\u09b0\u09cd\u09ad\u09be\u09ac\u09b8\u09cd\u09a5\u09be\u09b0-\u09aa\u09cd\u09b0\/#breadcrumb\"},\"inLanguage\":\"sk-SK\",\"potentialAction\":[{\"@type\":\"ReadAction\",\"target\":[\"https:\/\/universofamilia.com\/bn\/\u09a6\u09cd\u09ac\u09bf\u09a4\u09c0\u09af\u09bc-\u0997\u09b0\u09cd\u09ad\u09be\u09ac\u09b8\u09cd\u09a5\u09be\u09b0-\u09aa\u09cd\u09b0\/\"]}]},{\"@type\":\"ImageObject\",\"inLanguage\":\"sk-SK\",\"@id\":\"https:\/\/universofamilia.com\/bn\/\u09a6\u09cd\u09ac\u09bf\u09a4\u09c0\u09af\u09bc-\u0997\u09b0\u09cd\u09ad\u09be\u09ac\u09b8\u09cd\u09a5\u09be\u09b0-\u09aa\u09cd\u09b0\/#primaryimage\",\"url\":\"https:\/\/universofamilia.com\/wp-content\/uploads\/sites\/148\/2023\/09\/D-UNIVERSO-FAMILIA-Preparacao-para-a-Segunda-Gravidez.png\",\"contentUrl\":\"https:\/\/universofamilia.com\/wp-content\/uploads\/sites\/148\/2023\/09\/D-UNIVERSO-FAMILIA-Preparacao-para-a-Segunda-Gravidez.png\",\"width\":448,\"height\":350},{\"@type\":\"BreadcrumbList\",\"@id\":\"https:\/\/universofamilia.com\/bn\/\u09a6\u09cd\u09ac\u09bf\u09a4\u09c0\u09af\u09bc-\u0997\u09b0\u09cd\u09ad\u09be\u09ac\u09b8\u09cd\u09a5\u09be\u09b0-\u09aa\u09cd\u09b0\/#breadcrumb\",\"itemListElement\":[{\"@type\":\"ListItem\",\"position\":1,\"name\":\"Home\",\"item\":\"https:\/\/universofamilia.com\/el\/\"},{\"@type\":\"ListItem\",\"position\":2,\"name\":\"Prepara\u00e7\u00e3o para a Segunda Gravidez\"}]},{\"@type\":\"WebSite\",\"@id\":\"https:\/\/universofamilia.com\/el\/#website\",\"url\":\"https:\/\/universofamilia.com\/el\/\",\"name\":\"Universo Fam\u00edlia\",\"description\":\"\",\"potentialAction\":[{\"@type\":\"SearchAction\",\"target\":{\"@type\":\"EntryPoint\",\"urlTemplate\":\"https:\/\/universofamilia.com\/el\/?s={search_term_string}\"},\"query-input\":\"required name=search_term_string\"}],\"inLanguage\":\"sk-SK\"},{\"@type\":\"Person\",\"@id\":\"https:\/\/universofamilia.com\/el\/#\/schema\/person\/f07ce98187dd84d31154262e79b3b7ca\",\"name\":\"Pedro Henrique\",\"image\":{\"@type\":\"ImageObject\",\"inLanguage\":\"sk-SK\",\"@id\":\"https:\/\/universofamilia.com\/el\/#\/schema\/person\/image\/\",\"url\":\"https:\/\/secure.gravatar.com\/avatar\/9edfeb808cb4e1599f64d6e45b130154?s=96&d=mm&r=g\",\"contentUrl\":\"https:\/\/secure.gravatar.com\/avatar\/9edfeb808cb4e1599f64d6e45b130154?s=96&d=mm&r=g\",\"caption\":\"Pedro Henrique\"},\"url\":\"https:\/\/universofamilia.com\/sk\/author\/editor01\/\"}]}<\/script>\n<!-- \/ Yoast SEO plugin. -->","yoast_head_json":{"title":"Prepara\u00e7\u00e3o para a Segunda Gravidez - Universo Fam\u00edlia","description":"Prepara\u00e7\u00e3o para a segunda gravidez. Est\u00e1 pensando se est\u00e1 preparada (o) para ter o segundo filho? Aqui est\u00e3o alguns aspectos positivos e negativos que voc\u00ea","robots":{"index":"index","follow":"follow","max-snippet":"max-snippet:-1","max-image-preview":"max-image-preview:large","max-video-preview":"max-video-preview:-1"},"canonical":"https:\/\/universofamilia.com\/sk\/\u09a6\u09cd\u09ac\u09bf\u09a4\u09c0\u09af\u09bc-\u0997\u09b0\u09cd\u09ad\u09be\u09ac\u09b8\u09cd\u09a5\u09be\u09b0-\u09aa\u09cd\u09b0\/","og_locale":"sk_SK","og_type":"article","og_title":"Prepara\u00e7\u00e3o para a Segunda Gravidez - Universo Fam\u00edlia","og_description":"Prepara\u00e7\u00e3o para a segunda gravidez. Est\u00e1 pensando se est\u00e1 preparada (o) para ter o segundo filho? Aqui est\u00e3o alguns aspectos positivos e negativos que voc\u00ea","og_url":"https:\/\/universofamilia.com\/sk\/\u09a6\u09cd\u09ac\u09bf\u09a4\u09c0\u09af\u09bc-\u0997\u09b0\u09cd\u09ad\u09be\u09ac\u09b8\u09cd\u09a5\u09be\u09b0-\u09aa\u09cd\u09b0\/","og_site_name":"Universo Fam\u00edlia","article_published_time":"2023-09-22T14:46:13+00:00","article_modified_time":"2025-01-28T14:25:30+00:00","og_image":[{"width":448,"height":350,"url":"https:\/\/universofamilia.com\/wp-content\/uploads\/sites\/148\/2023\/09\/D-UNIVERSO-FAMILIA-Preparacao-para-a-Segunda-Gravidez.png","type":"image\/png"}],"author":"Pedro Henrique","twitter_card":"summary_large_image","twitter_misc":{"Written by":"Pedro Henrique","Est. reading time":"8 min\u00fat"},"schema":{"@context":"https:\/\/schema.org","@graph":[{"@type":"WebPage","@id":"https:\/\/universofamilia.com\/bn\/\u09a6\u09cd\u09ac\u09bf\u09a4\u09c0\u09af\u09bc-\u0997\u09b0\u09cd\u09ad\u09be\u09ac\u09b8\u09cd\u09a5\u09be\u09b0-\u09aa\u09cd\u09b0\/","url":"https:\/\/universofamilia.com\/bn\/\u09a6\u09cd\u09ac\u09bf\u09a4\u09c0\u09af\u09bc-\u0997\u09b0\u09cd\u09ad\u09be\u09ac\u09b8\u09cd\u09a5\u09be\u09b0-\u09aa\u09cd\u09b0\/","name":"Prepara\u00e7\u00e3o para a Segunda Gravidez - Universo Fam\u00edlia","isPartOf":{"@id":"https:\/\/universofamilia.com\/el\/#website"},"primaryImageOfPage":{"@id":"https:\/\/universofamilia.com\/bn\/\u09a6\u09cd\u09ac\u09bf\u09a4\u09c0\u09af\u09bc-\u0997\u09b0\u09cd\u09ad\u09be\u09ac\u09b8\u09cd\u09a5\u09be\u09b0-\u09aa\u09cd\u09b0\/#primaryimage"},"image":{"@id":"https:\/\/universofamilia.com\/bn\/\u09a6\u09cd\u09ac\u09bf\u09a4\u09c0\u09af\u09bc-\u0997\u09b0\u09cd\u09ad\u09be\u09ac\u09b8\u09cd\u09a5\u09be\u09b0-\u09aa\u09cd\u09b0\/#primaryimage"},"thumbnailUrl":"https:\/\/universofamilia.com\/wp-content\/uploads\/sites\/148\/2023\/09\/D-UNIVERSO-FAMILIA-Preparacao-para-a-Segunda-Gravidez.png","datePublished":"2023-09-22T14:46:13+00:00","dateModified":"2025-01-28T14:25:30+00:00","author":{"@id":"https:\/\/universofamilia.com\/el\/#\/schema\/person\/f07ce98187dd84d31154262e79b3b7ca"},"description":"Prepara\u00e7\u00e3o para a segunda gravidez. Est\u00e1 pensando se est\u00e1 preparada (o) para ter o segundo filho? Aqui est\u00e3o alguns aspectos positivos e negativos que voc\u00ea","breadcrumb":{"@id":"https:\/\/universofamilia.com\/bn\/\u09a6\u09cd\u09ac\u09bf\u09a4\u09c0\u09af\u09bc-\u0997\u09b0\u09cd\u09ad\u09be\u09ac\u09b8\u09cd\u09a5\u09be\u09b0-\u09aa\u09cd\u09b0\/#breadcrumb"},"inLanguage":"sk-SK","potentialAction":[{"@type":"ReadAction","target":["https:\/\/universofamilia.com\/bn\/\u09a6\u09cd\u09ac\u09bf\u09a4\u09c0\u09af\u09bc-\u0997\u09b0\u09cd\u09ad\u09be\u09ac\u09b8\u09cd\u09a5\u09be\u09b0-\u09aa\u09cd\u09b0\/"]}]},{"@type":"ImageObject","inLanguage":"sk-SK","@id":"https:\/\/universofamilia.com\/bn\/\u09a6\u09cd\u09ac\u09bf\u09a4\u09c0\u09af\u09bc-\u0997\u09b0\u09cd\u09ad\u09be\u09ac\u09b8\u09cd\u09a5\u09be\u09b0-\u09aa\u09cd\u09b0\/#primaryimage","url":"https:\/\/universofamilia.com\/wp-content\/uploads\/sites\/148\/2023\/09\/D-UNIVERSO-FAMILIA-Preparacao-para-a-Segunda-Gravidez.png","contentUrl":"https:\/\/universofamilia.com\/wp-content\/uploads\/sites\/148\/2023\/09\/D-UNIVERSO-FAMILIA-Preparacao-para-a-Segunda-Gravidez.png","width":448,"height":350},{"@type":"BreadcrumbList","@id":"https:\/\/universofamilia.com\/bn\/\u09a6\u09cd\u09ac\u09bf\u09a4\u09c0\u09af\u09bc-\u0997\u09b0\u09cd\u09ad\u09be\u09ac\u09b8\u09cd\u09a5\u09be\u09b0-\u09aa\u09cd\u09b0\/#breadcrumb","itemListElement":[{"@type":"ListItem","position":1,"name":"Home","item":"https:\/\/universofamilia.com\/el\/"},{"@type":"ListItem","position":2,"name":"Prepara\u00e7\u00e3o para a Segunda Gravidez"}]},{"@type":"WebSite","@id":"https:\/\/universofamilia.com\/el\/#website","url":"https:\/\/universofamilia.com\/el\/","name":"Universo Fam\u00edlia","description":"","potentialAction":[{"@type":"SearchAction","target":{"@type":"EntryPoint","urlTemplate":"https:\/\/universofamilia.com\/el\/?s={search_term_string}"},"query-input":"required name=search_term_string"}],"inLanguage":"sk-SK"},{"@type":"Person","@id":"https:\/\/universofamilia.com\/el\/#\/schema\/person\/f07ce98187dd84d31154262e79b3b7ca","name":"Pedro Henrique","image":{"@type":"ImageObject","inLanguage":"sk-SK","@id":"https:\/\/universofamilia.com\/el\/#\/schema\/person\/image\/","url":"https:\/\/secure.gravatar.com\/avatar\/9edfeb808cb4e1599f64d6e45b130154?s=96&d=mm&r=g","contentUrl":"https:\/\/secure.gravatar.com\/avatar\/9edfeb808cb4e1599f64d6e45b130154?s=96&d=mm&r=g","caption":"Pedro Henrique"},"url":"https:\/\/universofamilia.com\/sk\/author\/editor01\/"}]}},"_links":{"self":[{"href":"https:\/\/universofamilia.com\/sk\/wp-json\/wp\/v2\/posts\/3989"}],"collection":[{"href":"https:\/\/universofamilia.com\/sk\/wp-json\/wp\/v2\/posts"}],"about":[{"href":"https:\/\/universofamilia.com\/sk\/wp-json\/wp\/v2\/types\/post"}],"author":[{"embeddable":true,"href":"https:\/\/universofamilia.com\/sk\/wp-json\/wp\/v2\/users\/139"}],"replies":[{"embeddable":true,"href":"https:\/\/universofamilia.com\/sk\/wp-json\/wp\/v2\/comments?post=3989"}],"version-history":[{"count":1,"href":"https:\/\/universofamilia.com\/sk\/wp-json\/wp\/v2\/posts\/3989\/revisions"}],"predecessor-version":[{"id":8401,"href":"https:\/\/universofamilia.com\/sk\/wp-json\/wp\/v2\/posts\/3989\/revisions\/8401"}],"wp:featuredmedia":[{"embeddable":true,"href":"https:\/\/universofamilia.com\/sk\/wp-json\/wp\/v2\/media\/3995"}],"wp:attachment":[{"href":"https:\/\/universofamilia.com\/sk\/wp-json\/wp\/v2\/media?parent=3989"}],"wp:term":[{"taxonomy":"category","embeddable":true,"href":"https:\/\/universofamilia.com\/sk\/wp-json\/wp\/v2\/categories?post=3989"},{"taxonomy":"post_tag","embeddable":true,"href":"https:\/\/universofamilia.com\/sk\/wp-json\/wp\/v2\/tags?post=3989"}],"curies":[{"name":"wp","href":"https:\/\/api.w.org\/{rel}","templated":true}]}}