{"id":5350,"date":"2024-03-06T19:27:12","date_gmt":"2024-03-06T19:27:12","guid":{"rendered":"https:\/\/universofamilia.com\/?p=5350"},"modified":"2025-12-26T16:27:22","modified_gmt":"2025-12-26T19:27:22","slug":"descubre-tu-nuevo-estilo-con-app-de-corte-de-cabello-y-color","status":"publish","type":"post","link":"https:\/\/universofamilia.com\/sk\/descubre-tu-nuevo-estilo-con-app-de-corte-de-cabello-y-color\/","title":{"rendered":"\ud83c\udf1fObjavte svoj nov\u00fd \u0161t\u00fdl s aplik\u00e1ciou na strihanie a farbenie vlasov!"},"content":{"rendered":"<h2 class=\"wp-block-heading\">\ud83d\ude80 <strong>Technologick\u00e1 evol\u00facia na dlani<\/strong>.\ud83c\udf1f<strong>Objavte svoj nov\u00fd \u0161t\u00fdl s aplik\u00e1ciou na strihanie a farbenie vlasov! <\/strong>\ud83c\udf1f<\/h2>\n\n\n\n<p>Od vzniku prv\u00fdch kozmetick\u00fdch aplik\u00e1ci\u00ed technol\u00f3gia sp\u00f4sobuje revol\u00faciu v sp\u00f4sobe, ak\u00fdm sa o seba star\u00e1me.<\/p>\n\n\n\n<p>A pokia\u013e ide o v\u00fdber nov\u00e9ho strihu alebo farby vlasov, evol\u00facia nem\u00f4\u017ee by\u0165 vzru\u0161uj\u00facej\u0161ia!<\/p>\n\n\n\n<p>\ud83d\udc87\u200d\u2640\ufe0f\ud83d\udc87\u200d\u2642\ufe0f V\u010faka jednoduchosti smartf\u00f3nov je teraz mo\u017en\u00e9 za\u017ei\u0165 r\u00f4zne \u0161t\u00fdly bez toho, aby ste opustili domov.<\/p>\n\n\n\n<p>Je to ako ma\u0165 virtu\u00e1lny kozmetick\u00fd sal\u00f3n na dosah ruky! A najlep\u0161ie na tom je, \u017ee je to super z\u00e1bava! \ud83d\ude0e<\/p>\n\n\n\n<h2 class=\"wp-block-heading\">\ud83c\udfa8 <strong>Objavovanie sveta mo\u017enost\u00ed<\/strong><\/h2>\n\n\n\n<p>V\u00fdber nov\u00e9ho strihu alebo farby vlasov m\u00f4\u017ee by\u0165 vzru\u0161uj\u00facou cestou, ale niekedy m\u00f4\u017ee by\u0165 n\u00e1ro\u010dn\u00e9 predstavi\u0165 si kone\u010dn\u00fd v\u00fdsledok.<\/p>\n\n\n\n<p>A tu prich\u00e1dzaj\u00fa na rad kozmetick\u00e9 aplik\u00e1cie, v\u010faka ktor\u00fdm je tento proces jednoduch\u0161\u00ed a vzru\u0161uj\u00facej\u0161\u00ed ako kedyko\u013evek predt\u00fdm!<\/p>\n\n\n\n<p>\ud83c\udf08 Len nieko\u013ek\u00fdmi klepnutiami m\u00f4\u017eete presk\u00fama\u0165 rozsiahlu kni\u017enicu \u0161t\u00fdlov, od nad\u010dasov\u00fdch klas\u00edk a\u017e po najnov\u0161ie trendy. A to nie je v\u0161etko!<\/p>\n\n\n\n<p>M\u00f4\u017eete tie\u017e upravi\u0165 detaily, ako je objem, text\u00fara a lesk, aby ste zaistili, \u017ee v\u00e1\u0161 nov\u00fd vzh\u013ead bude pre v\u00e1s dokonal\u00fd. \u2728<\/p>\n\n\n\n<h2 class=\"wp-block-heading\">Pozri tie\u017e<\/h2>\n\n\n\n<ul class=\"has-medium-font-size\">\n<li class=\"has-medium-font-size\">\ud83d\udd0d\ud83d\udd75\ufe0f\u200d\u2640\ufe0f\ud83d\udd12 <a href=\"https:\/\/universofamilia.com\/sk\/5338\/las-aplicaciones-que-han-revolucionado-el-supermercado\/\">Aplik\u00e1cie, ktor\u00e9 sp\u00f4sobili revol\u00faciu v supermarkete!<\/a><\/li>\n\n\n\n<li class=\"has-medium-font-size\">\ud83d\udcf8\ud83d\uddbc\ufe0f\ud83d\udcf1 <a href=\"https:\/\/universofamilia.com\/sk\/5099\/restaurar-fotos-eliminadas-en-el-telefono-movil\/\">Obnovenie odstr\u00e1nen\u00fdch fotografi\u00ed na mobilnom telef\u00f3ne<\/a><\/li>\n\n\n\n<li class=\"has-medium-font-size\">\ud83d\udc91\u26ea\ufe0f\ud83d\udcd6 <a href=\"https:\/\/universofamilia.com\/sk\/5105\/noviazgo-cristiano-para-toda-la-vida\/\">Kres\u0165ansk\u00e9 zoznamovanie na cel\u00fd \u017eivot<\/a><\/li>\n<\/ul>\n\n\n\n<h2 class=\"wp-block-heading\">\ud83d\udcf1 <strong>Zozn\u00e1mte sa s \u00fa\u017easn\u00fdmi aplik\u00e1ciami!<\/strong><\/h2>\n\n\n\n<p>Teraz si povedzme o troch aplik\u00e1ci\u00e1ch, ktor\u00e9 menia pravidl\u00e1 hry, pokia\u013e ide o experimentovanie so strihmi a farbami vlasov.<\/p>\n\n\n\n<p>Pripravte sa na to, \u017ee budete ohromen\u00ed mo\u017enos\u0165ami! \ud83d\udcab<\/p>\n\n\n\n<h3 class=\"wp-block-heading\">\ud83c\udf1f <strong>Neuver\u00edte v\u00fdsledkom!<\/strong><\/h3>\n\n\n\n<p>Po hodin\u00e1ch str\u00e1ven\u00fdch sk\u00fa\u0161an\u00edm r\u00f4znych \u0161t\u00fdlov je \u010das pozrie\u0165 sa, \u010do o t\u00fdchto \u00fa\u017easn\u00fdch aplik\u00e1ci\u00e1ch hovoria pou\u017e\u00edvatelia.<\/p>\n\n\n<div class=\"wp-block-image\">\n<figure class=\"aligncenter size-full\"><img loading=\"lazy\" decoding=\"async\" width=\"550\" height=\"350\" src=\"http:\/\/universofamilia.com\/wp-content\/uploads\/sites\/148\/2024\/03\/P-550x350-1-2.jpg\" alt=\"\" class=\"wp-image-5351\" srcset=\"https:\/\/universofamilia.com\/wp-content\/uploads\/sites\/148\/2024\/03\/P-550x350-1-2.jpg 550w, https:\/\/universofamilia.com\/wp-content\/uploads\/sites\/148\/2024\/03\/P-550x350-1-2-300x191.jpg 300w\" sizes=\"(max-width: 550px) 100vw, 550px\" \/><figcaption class=\"wp-element-caption\">\ud83c\udf1fObjavte svoj nov\u00fd \u0161t\u00fdl s aplik\u00e1ciou na strihanie a farbenie vlasov!<\/figcaption><\/figure><\/div>\n\n\n<p>Tu s\u00fa tri pozit\u00edvne pr\u00edbehy, ktor\u00e9 v\u00e1s in\u0161piruj\u00fa k vysk\u00fa\u0161aniu nov\u00fdch vzh\u013eadov: \ud83d\ude0d<\/p>\n\n\n\n<ol>\n<li><strong>YouCam Makeup<\/strong>\u201eMilujem t\u00fato aplik\u00e1ciu! Je super jednoduch\u00e1 na pou\u017e\u00edvanie a pon\u00faka obrovsk\u00fd v\u00fdber \u0161t\u00fdlov. Predt\u00fdm, ako som i\u0161la do sal\u00f3nu a rozhodla sa, ktor\u00fd je pre m\u0148a najlep\u0161\u00ed, som si mohla vysk\u00fa\u0161a\u0165 nieko\u013eko strihov a farieb!\u201c<\/li>\n\n\n\n<li><strong>Zmena \u00fa\u010desu<\/strong>\u201eVe\u013emi u\u017eito\u010dn\u00e1 aplik\u00e1cia na z\u00edskanie predstavy o tom, ako na mne vyzeraj\u00fa r\u00f4zne \u00fa\u010desy. P\u00e1\u010dila sa mi mo\u017enos\u0165 porovn\u00e1va\u0165 \u0161t\u00fdly ved\u013ea seba a zdie\u013ea\u0165 fotografie s priate\u013emi.\u201c<\/li>\n\n\n\n<li><strong>Premena vlasov<\/strong>\u201eTechnol\u00f3gia roz\u0161\u00edrenej reality je \u00fa\u017easn\u00e1! Ve\u013emi realisticky som videla, ako by na mne vyzerali strihy a farby. Aplik\u00e1cia tie\u017e poskytuje tipy na starostlivos\u0165 o vlasy, \u010do mi ve\u013emi pomohlo.\u201c<\/li>\n<\/ol>\n\n\n\n<h3 class=\"wp-block-heading\">\ud83d\udca1 <strong>D\u00f4le\u017eit\u00e9 tipy pre \u00faspech!<\/strong><\/h3>\n\n\n\n<p>Predt\u00fdm, ako sa ponor\u00edte do tohto vzru\u0161uj\u00faceho z\u00e1\u017eitku, majte na pam\u00e4ti nieko\u013eko vec\u00ed:<\/p>\n\n\n\n<p>\u2013 V\u00fdsledky sa m\u00f4\u017eu l\u00ed\u0161i\u0165 v z\u00e1vislosti od kvality fotografie a osvetlenia. \u2013 Pri v\u00fdbere nov\u00e9ho strihu alebo farby vlasov zv\u00e1\u017ete tvar tv\u00e1re, \u0161trukt\u00faru vlasov a osobn\u00fd \u0161t\u00fdl.<\/p>\n\n\n\n<h2 class=\"wp-block-heading\">\ud83d\udcf2 <strong>\u010cas stiahnu\u0165 a za\u017eiari\u0165!<\/strong><\/h2>\n\n\n\n<p>Teraz, ke\u010f ste pripraven\u00ed za\u010da\u0165 svoju transforma\u010dn\u00fa cestu, nestr\u00e1cajte \u010das a stiahnite si tieto \u00fa\u017easn\u00e9 aplik\u00e1cie hne\u010f teraz!<\/p>\n\n\n\n<ul>\n<li><strong>YouCam Makeup<\/strong>: <a href=\"https:\/\/apps.apple.com\/br\/app\/youcam-makeup-editor-de-fotos\/id863844475\">Odkaz pre iOS<\/a> | <a href=\"https:\/\/play.google.com\/store\/apps\/details?id=com.cyberlink.youcammakeup\">Odkaz pre Android<\/a><\/li>\n\n\n\n<li><strong>Zmena \u00fa\u010desu<\/strong>: <a href=\"https:\/\/apps.apple.com\/br\/app\/hairstyle-changer-makeup-art\/id1536112807\">Odkaz pre iOS<\/a> | <a href=\"https:\/\/play.google.com\/store\/apps\/details?id=salon.haircolor.womanhairstyle.hairstylechanger&amp;hl=pt_BR&amp;gl=US\">Odkaz pre Android<\/a><\/li>\n\n\n\n<li><strong>Premena vlasov<\/strong>: <a href=\"https:\/\/apps.apple.com\/tr\/developer\/modiface\/id308030250\">Odkaz pre iOS<\/a> | <a href=\"https:\/\/play.google.com\/store\/apps\/details?id=hairstyle.colorChanger.haircut_salon&amp;hl=en\">Odkaz pre Android<\/a><\/li>\n<\/ul>\n\n\n\n<p>\ud83d\udc87\u200d\u2642\ufe0f\ud83d\udc87\u200d\u2640\ufe0f <strong>Pripraven\u00ed na radik\u00e1lnu zmenu? Stiahnite si ju teraz a objavte svoj nov\u00fd vzh\u013ead!<\/strong> \ud83d\udc87\u200d\u2640\ufe0f\ud83d\udc87\u200d\u2642\ufe0f<\/p>","protected":false},"excerpt":{"rendered":"<p>\ud83d\ude80 Evoluci\u00f3n Tecnol\u00f3gica en la Palma de tu Mano.\ud83c\udf1fDescubre Tu Nuevo Estilo con App de Corte de Cabello y Color! \ud83c\udf1f Desde el surgimiento de las primeras aplicaciones de belleza, la tecnolog\u00eda ha estado revolucionando la forma en que nos cuidamos. Y cuando se trata de elegir un nuevo corte de cabello o color, \u00a1la [&hellip;]<\/p>","protected":false},"author":219,"featured_media":5351,"comment_status":"closed","ping_status":"open","sticky":false,"template":"","format":"standard","meta":{"footnotes":""},"categories":[3],"tags":[387,1591],"yoast_head":"<!-- This site is optimized with the Yoast SEO plugin v23.3 - https:\/\/yoast.com\/wordpress\/plugins\/seo\/ -->\n<title>\ud83c\udf1fDescubre Tu Nuevo Estilo con App de Corte de Cabello y Color! - Universo Fam\u00edlia<\/title>\n<meta name=\"description\" content=\"\ud83c\udf1fDescubre Tu Nuevo Estilo con App de Corte de Cabello y Color! \ud83d\ude80 Evoluci\u00f3n Tecnol\u00f3gica en la Palma de tu Mano \ud83c\udf1f\" \/>\n<meta name=\"robots\" content=\"index, follow, max-snippet:-1, max-image-preview:large, max-video-preview:-1\" \/>\n<link rel=\"canonical\" href=\"https:\/\/universofamilia.com\/sk\/descubre-tu-nuevo-estilo-con-app-de-corte-de-cabello-y-color\/\" \/>\n<meta property=\"og:locale\" content=\"sk_SK\" \/>\n<meta property=\"og:type\" content=\"article\" \/>\n<meta property=\"og:title\" content=\"\ud83c\udf1fDescubre Tu Nuevo Estilo con App de Corte de Cabello y Color! - Universo Fam\u00edlia\" \/>\n<meta property=\"og:description\" content=\"\ud83c\udf1fDescubre Tu Nuevo Estilo con App de Corte de Cabello y Color! \ud83d\ude80 Evoluci\u00f3n Tecnol\u00f3gica en la Palma de tu Mano \ud83c\udf1f\" \/>\n<meta property=\"og:url\" content=\"https:\/\/universofamilia.com\/sk\/descubre-tu-nuevo-estilo-con-app-de-corte-de-cabello-y-color\/\" \/>\n<meta property=\"og:site_name\" content=\"Universo Fam\u00edlia\" \/>\n<meta property=\"article:published_time\" content=\"2024-03-06T19:27:12+00:00\" \/>\n<meta property=\"article:modified_time\" content=\"2025-12-26T19:27:22+00:00\" \/>\n<meta property=\"og:image\" content=\"https:\/\/universofamilia.com\/wp-content\/uploads\/sites\/148\/2024\/03\/P-550x350-1-2.jpg\" \/>\n\t<meta property=\"og:image:width\" content=\"550\" \/>\n\t<meta property=\"og:image:height\" content=\"350\" \/>\n\t<meta property=\"og:image:type\" content=\"image\/jpeg\" \/>\n<meta name=\"author\" content=\"Matheus Sangaletti\" \/>\n<meta name=\"twitter:card\" content=\"summary_large_image\" \/>\n<meta name=\"twitter:label1\" content=\"Written by\" \/>\n\t<meta name=\"twitter:data1\" content=\"Matheus Sangaletti\" \/>\n\t<meta name=\"twitter:label2\" content=\"Est. reading time\" \/>\n\t<meta name=\"twitter:data2\" content=\"4 min\u00faty\" \/>\n<script type=\"application\/ld+json\" class=\"yoast-schema-graph\">{\"@context\":\"https:\/\/schema.org\",\"@graph\":[{\"@type\":\"WebPage\",\"@id\":\"https:\/\/universofamilia.com\/hr\/descubre-tu-nuevo-estilo-con-app-de-corte-de-cabello-y-color\/\",\"url\":\"https:\/\/universofamilia.com\/hr\/descubre-tu-nuevo-estilo-con-app-de-corte-de-cabello-y-color\/\",\"name\":\"\ud83c\udf1fDescubre Tu Nuevo Estilo con App de Corte de Cabello y Color! - Universo Fam\u00edlia\",\"isPartOf\":{\"@id\":\"https:\/\/universofamilia.com\/el\/#website\"},\"primaryImageOfPage\":{\"@id\":\"https:\/\/universofamilia.com\/hr\/descubre-tu-nuevo-estilo-con-app-de-corte-de-cabello-y-color\/#primaryimage\"},\"image\":{\"@id\":\"https:\/\/universofamilia.com\/hr\/descubre-tu-nuevo-estilo-con-app-de-corte-de-cabello-y-color\/#primaryimage\"},\"thumbnailUrl\":\"https:\/\/universofamilia.com\/wp-content\/uploads\/sites\/148\/2024\/03\/P-550x350-1-2.jpg\",\"datePublished\":\"2024-03-06T19:27:12+00:00\",\"dateModified\":\"2025-12-26T19:27:22+00:00\",\"author\":{\"@id\":\"https:\/\/universofamilia.com\/el\/#\/schema\/person\/92fcd07e9b1f4323bf74f3170fc0f78a\"},\"description\":\"\ud83c\udf1fDescubre Tu Nuevo Estilo con App de Corte de Cabello y Color! \ud83d\ude80 Evoluci\u00f3n Tecnol\u00f3gica en la Palma de tu Mano \ud83c\udf1f\",\"breadcrumb\":{\"@id\":\"https:\/\/universofamilia.com\/hr\/descubre-tu-nuevo-estilo-con-app-de-corte-de-cabello-y-color\/#breadcrumb\"},\"inLanguage\":\"sk-SK\",\"potentialAction\":[{\"@type\":\"ReadAction\",\"target\":[\"https:\/\/universofamilia.com\/hr\/descubre-tu-nuevo-estilo-con-app-de-corte-de-cabello-y-color\/\"]}]},{\"@type\":\"ImageObject\",\"inLanguage\":\"sk-SK\",\"@id\":\"https:\/\/universofamilia.com\/hr\/descubre-tu-nuevo-estilo-con-app-de-corte-de-cabello-y-color\/#primaryimage\",\"url\":\"https:\/\/universofamilia.com\/wp-content\/uploads\/sites\/148\/2024\/03\/P-550x350-1-2.jpg\",\"contentUrl\":\"https:\/\/universofamilia.com\/wp-content\/uploads\/sites\/148\/2024\/03\/P-550x350-1-2.jpg\",\"width\":550,\"height\":350,\"caption\":\"\ud83c\udf1fDescubre Tu Nuevo Estilo con App de Corte de Cabello y Color!\"},{\"@type\":\"BreadcrumbList\",\"@id\":\"https:\/\/universofamilia.com\/hr\/descubre-tu-nuevo-estilo-con-app-de-corte-de-cabello-y-color\/#breadcrumb\",\"itemListElement\":[{\"@type\":\"ListItem\",\"position\":1,\"name\":\"Home\",\"item\":\"https:\/\/universofamilia.com\/el\/\"},{\"@type\":\"ListItem\",\"position\":2,\"name\":\"\ud83c\udf1fDescubre Tu Nuevo Estilo con App de Corte de Cabello y Color!\"}]},{\"@type\":\"WebSite\",\"@id\":\"https:\/\/universofamilia.com\/el\/#website\",\"url\":\"https:\/\/universofamilia.com\/el\/\",\"name\":\"Universo Fam\u00edlia\",\"description\":\"\",\"potentialAction\":[{\"@type\":\"SearchAction\",\"target\":{\"@type\":\"EntryPoint\",\"urlTemplate\":\"https:\/\/universofamilia.com\/el\/?s={search_term_string}\"},\"query-input\":\"required name=search_term_string\"}],\"inLanguage\":\"sk-SK\"},{\"@type\":\"Person\",\"@id\":\"https:\/\/universofamilia.com\/el\/#\/schema\/person\/92fcd07e9b1f4323bf74f3170fc0f78a\",\"name\":\"Matheus Sangaletti\",\"image\":{\"@type\":\"ImageObject\",\"inLanguage\":\"sk-SK\",\"@id\":\"https:\/\/universofamilia.com\/el\/#\/schema\/person\/image\/\",\"url\":\"https:\/\/secure.gravatar.com\/avatar\/280ea957a14a48e6a1ad2133d2cc27c9?s=96&d=mm&r=g\",\"contentUrl\":\"https:\/\/secure.gravatar.com\/avatar\/280ea957a14a48e6a1ad2133d2cc27c9?s=96&d=mm&r=g\",\"caption\":\"Matheus Sangaletti\"},\"url\":\"https:\/\/universofamilia.com\/sk\/author\/matheuss\/\"}]}<\/script>\n<!-- \/ Yoast SEO plugin. -->","yoast_head_json":{"title":"\ud83c\udf1fDescubre Tu Nuevo Estilo con App de Corte de Cabello y Color! - Universo Fam\u00edlia","description":"\ud83c\udf1fDescubre Tu Nuevo Estilo con App de Corte de Cabello y Color! \ud83d\ude80 Evoluci\u00f3n Tecnol\u00f3gica en la Palma de tu Mano \ud83c\udf1f","robots":{"index":"index","follow":"follow","max-snippet":"max-snippet:-1","max-image-preview":"max-image-preview:large","max-video-preview":"max-video-preview:-1"},"canonical":"https:\/\/universofamilia.com\/sk\/descubre-tu-nuevo-estilo-con-app-de-corte-de-cabello-y-color\/","og_locale":"sk_SK","og_type":"article","og_title":"\ud83c\udf1fDescubre Tu Nuevo Estilo con App de Corte de Cabello y Color! - Universo Fam\u00edlia","og_description":"\ud83c\udf1fDescubre Tu Nuevo Estilo con App de Corte de Cabello y Color! \ud83d\ude80 Evoluci\u00f3n Tecnol\u00f3gica en la Palma de tu Mano \ud83c\udf1f","og_url":"https:\/\/universofamilia.com\/sk\/descubre-tu-nuevo-estilo-con-app-de-corte-de-cabello-y-color\/","og_site_name":"Universo Fam\u00edlia","article_published_time":"2024-03-06T19:27:12+00:00","article_modified_time":"2025-12-26T19:27:22+00:00","og_image":[{"width":550,"height":350,"url":"https:\/\/universofamilia.com\/wp-content\/uploads\/sites\/148\/2024\/03\/P-550x350-1-2.jpg","type":"image\/jpeg"}],"author":"Matheus Sangaletti","twitter_card":"summary_large_image","twitter_misc":{"Written by":"Matheus Sangaletti","Est. reading time":"4 min\u00faty"},"schema":{"@context":"https:\/\/schema.org","@graph":[{"@type":"WebPage","@id":"https:\/\/universofamilia.com\/hr\/descubre-tu-nuevo-estilo-con-app-de-corte-de-cabello-y-color\/","url":"https:\/\/universofamilia.com\/hr\/descubre-tu-nuevo-estilo-con-app-de-corte-de-cabello-y-color\/","name":"\ud83c\udf1fDescubre Tu Nuevo Estilo con App de Corte de Cabello y Color! - Universo Fam\u00edlia","isPartOf":{"@id":"https:\/\/universofamilia.com\/el\/#website"},"primaryImageOfPage":{"@id":"https:\/\/universofamilia.com\/hr\/descubre-tu-nuevo-estilo-con-app-de-corte-de-cabello-y-color\/#primaryimage"},"image":{"@id":"https:\/\/universofamilia.com\/hr\/descubre-tu-nuevo-estilo-con-app-de-corte-de-cabello-y-color\/#primaryimage"},"thumbnailUrl":"https:\/\/universofamilia.com\/wp-content\/uploads\/sites\/148\/2024\/03\/P-550x350-1-2.jpg","datePublished":"2024-03-06T19:27:12+00:00","dateModified":"2025-12-26T19:27:22+00:00","author":{"@id":"https:\/\/universofamilia.com\/el\/#\/schema\/person\/92fcd07e9b1f4323bf74f3170fc0f78a"},"description":"\ud83c\udf1fDescubre Tu Nuevo Estilo con App de Corte de Cabello y Color! \ud83d\ude80 Evoluci\u00f3n Tecnol\u00f3gica en la Palma de tu Mano \ud83c\udf1f","breadcrumb":{"@id":"https:\/\/universofamilia.com\/hr\/descubre-tu-nuevo-estilo-con-app-de-corte-de-cabello-y-color\/#breadcrumb"},"inLanguage":"sk-SK","potentialAction":[{"@type":"ReadAction","target":["https:\/\/universofamilia.com\/hr\/descubre-tu-nuevo-estilo-con-app-de-corte-de-cabello-y-color\/"]}]},{"@type":"ImageObject","inLanguage":"sk-SK","@id":"https:\/\/universofamilia.com\/hr\/descubre-tu-nuevo-estilo-con-app-de-corte-de-cabello-y-color\/#primaryimage","url":"https:\/\/universofamilia.com\/wp-content\/uploads\/sites\/148\/2024\/03\/P-550x350-1-2.jpg","contentUrl":"https:\/\/universofamilia.com\/wp-content\/uploads\/sites\/148\/2024\/03\/P-550x350-1-2.jpg","width":550,"height":350,"caption":"\ud83c\udf1fDescubre Tu Nuevo Estilo con App de Corte de Cabello y Color!"},{"@type":"BreadcrumbList","@id":"https:\/\/universofamilia.com\/hr\/descubre-tu-nuevo-estilo-con-app-de-corte-de-cabello-y-color\/#breadcrumb","itemListElement":[{"@type":"ListItem","position":1,"name":"Home","item":"https:\/\/universofamilia.com\/el\/"},{"@type":"ListItem","position":2,"name":"\ud83c\udf1fDescubre Tu Nuevo Estilo con App de Corte de Cabello y Color!"}]},{"@type":"WebSite","@id":"https:\/\/universofamilia.com\/el\/#website","url":"https:\/\/universofamilia.com\/el\/","name":"Universo Fam\u00edlia","description":"","potentialAction":[{"@type":"SearchAction","target":{"@type":"EntryPoint","urlTemplate":"https:\/\/universofamilia.com\/el\/?s={search_term_string}"},"query-input":"required name=search_term_string"}],"inLanguage":"sk-SK"},{"@type":"Person","@id":"https:\/\/universofamilia.com\/el\/#\/schema\/person\/92fcd07e9b1f4323bf74f3170fc0f78a","name":"Matheus Sangaletti","image":{"@type":"ImageObject","inLanguage":"sk-SK","@id":"https:\/\/universofamilia.com\/el\/#\/schema\/person\/image\/","url":"https:\/\/secure.gravatar.com\/avatar\/280ea957a14a48e6a1ad2133d2cc27c9?s=96&d=mm&r=g","contentUrl":"https:\/\/secure.gravatar.com\/avatar\/280ea957a14a48e6a1ad2133d2cc27c9?s=96&d=mm&r=g","caption":"Matheus Sangaletti"},"url":"https:\/\/universofamilia.com\/sk\/author\/matheuss\/"}]}},"_links":{"self":[{"href":"https:\/\/universofamilia.com\/sk\/wp-json\/wp\/v2\/posts\/5350"}],"collection":[{"href":"https:\/\/universofamilia.com\/sk\/wp-json\/wp\/v2\/posts"}],"about":[{"href":"https:\/\/universofamilia.com\/sk\/wp-json\/wp\/v2\/types\/post"}],"author":[{"embeddable":true,"href":"https:\/\/universofamilia.com\/sk\/wp-json\/wp\/v2\/users\/219"}],"replies":[{"embeddable":true,"href":"https:\/\/universofamilia.com\/sk\/wp-json\/wp\/v2\/comments?post=5350"}],"version-history":[{"count":1,"href":"https:\/\/universofamilia.com\/sk\/wp-json\/wp\/v2\/posts\/5350\/revisions"}],"predecessor-version":[{"id":10477,"href":"https:\/\/universofamilia.com\/sk\/wp-json\/wp\/v2\/posts\/5350\/revisions\/10477"}],"wp:featuredmedia":[{"embeddable":true,"href":"https:\/\/universofamilia.com\/sk\/wp-json\/wp\/v2\/media\/5351"}],"wp:attachment":[{"href":"https:\/\/universofamilia.com\/sk\/wp-json\/wp\/v2\/media?parent=5350"}],"wp:term":[{"taxonomy":"category","embeddable":true,"href":"https:\/\/universofamilia.com\/sk\/wp-json\/wp\/v2\/categories?post=5350"},{"taxonomy":"post_tag","embeddable":true,"href":"https:\/\/universofamilia.com\/sk\/wp-json\/wp\/v2\/tags?post=5350"}],"curies":[{"name":"wp","href":"https:\/\/api.w.org\/{rel}","templated":true}]}}