{"id":5472,"date":"2024-03-25T19:40:04","date_gmt":"2024-03-25T19:40:04","guid":{"rendered":"https:\/\/universofamilia.com\/?p=5472"},"modified":"2025-01-29T01:27:42","modified_gmt":"2025-01-29T01:27:42","slug":"descubre-la-red-social-de-una-persona-con-solo-una-foto","status":"publish","type":"post","link":"https:\/\/universofamilia.com\/sk\/descubre-la-red-social-de-una-persona-con-solo-una-foto\/","title":{"rendered":"Objavte soci\u00e1lnu sie\u0165 osoby len pomocou fotografie\ud83d\udcf8"},"content":{"rendered":"<p>Objavte soci\u00e1lnu sie\u0165 osoby len pomocou fotografie\ud83d\udcf8. V dne\u0161nom digit\u00e1lnom svete s\u00fa bezpe\u010dnos\u0165 a s\u00fakromie k\u013e\u00fa\u010dov\u00fdmi z\u00e1le\u017eitos\u0165ami.<\/p>\n\n\n\n<p>S roz\u0161\u00edren\u00edm soci\u00e1lnych m\u00e9di\u00ed sa pou\u017e\u00edvatelia \u013eah\u0161ie sp\u00e1jaj\u00fa, ale prin\u00e1\u0161a to so sebou aj obavy z \u00faniku osobn\u00fdch \u00fadajov.<\/p>\n\n\n\n<p>Ako si teda m\u00f4\u017eeme zabezpe\u010di\u0165 bezpe\u010dnos\u0165 pri sk\u00faman\u00ed rozsiahlej krajiny soci\u00e1lnych m\u00e9di\u00ed?<\/p>\n\n\n\n<p>Jedn\u00fdm z n\u00e1strojov, ktor\u00fd z\u00edskava na popularite, je Facecheck.id, str\u00e1nka, ktor\u00e1 s\u013eubuje odhalenie soci\u00e1lnej siete osoby len na z\u00e1klade jej fotografie.<\/p>\n\n\n\n<p>Po\u010fme sa bli\u017e\u0161ie pozrie\u0165 na tento zauj\u00edmav\u00fd n\u00e1stroj a pochopi\u0165, ako funguje.<\/p>\n\n\n\n<h2 class=\"wp-block-heading\">Pozri tie\u017e<\/h2>\n\n\n\n<ul class=\"has-medium-font-size\">\n<li class=\"has-medium-font-size\">\ud83d\udd0d\ud83d\udd75\ufe0f\u200d\u2640\ufe0f\ud83d\udd12 <a href=\"https:\/\/universofamilia.com\/sk\/5338\/las-aplicaciones-que-han-revolucionado-el-supermercado\/\">Aplik\u00e1cie, ktor\u00e9 sp\u00f4sobili revol\u00faciu v supermarkete!<\/a><\/li>\n\n\n\n<li class=\"has-medium-font-size\">\ud83d\udcf8\ud83d\uddbc\ufe0f\ud83d\udcf1 <a href=\"https:\/\/universofamilia.com\/sk\/5099\/restaurar-fotos-eliminadas-en-el-telefono-movil\/\">Obnovenie odstr\u00e1nen\u00fdch fotografi\u00ed na mobilnom telef\u00f3ne<\/a><\/li>\n\n\n\n<li class=\"has-medium-font-size\">\ud83d\udc91\u26ea\ufe0f\ud83d\udcd6 <a href=\"https:\/\/universofamilia.com\/sk\/5105\/noviazgo-cristiano-para-toda-la-vida\/\">Kres\u0165ansk\u00e9 zoznamovanie na cel\u00fd \u017eivot<\/a><\/li>\n<\/ul>\n\n\n\n<h2 class=\"wp-block-heading\">\u010co je Facecheck.id? \ud83d\udd75\ufe0f\u200d\u2642\ufe0f<\/h2>\n\n\n\n<p>Facecheck.id je str\u00e1nka, ktor\u00e1 pou\u017e\u00edva rozsiahlu datab\u00e1zu porovn\u00e1vac\u00edch obr\u00e1zkov na n\u00e1jdenie \u013eud\u00ed podobn\u00fdch osobe, ktor\u00fa chcete identifikova\u0165.<\/p>\n\n\n\n<p>\u010ci u\u017e ide o bezpe\u010dnos\u0165, zvedavos\u0165 alebo dokonca v\u00fdskum, Facecheck.id pon\u00faka r\u00fdchly a jednoduch\u00fd sp\u00f4sob, ako zisti\u0165 inform\u00e1cie o osobe z jednej fotografie.<\/p>\n\n\n\n<h2 class=\"wp-block-heading\">Ako to funguje? \ud83d\udd04<\/h2>\n\n\n\n<p>Ke\u010f nahr\u00e1te fotografiu na Facecheck.id, algoritmus str\u00e1nky preh\u013ead\u00e1 jej datab\u00e1zu, ktor\u00e1 obsahuje mili\u00f3ny obr\u00e1zkov.<\/p>\n\n\n\n<p>Vyh\u013eadajte \u010drty tv\u00e1re a \u010fal\u0161ie charakteristick\u00e9 znaky, aby ste na\u0161li zhody v okol\u00ed.<\/p>\n\n\n\n<p>Je d\u00f4le\u017eit\u00e9 poznamena\u0165, \u017ee kv\u00f4li obrovsk\u00e9mu mno\u017estvu \u00fadajov a zlo\u017eitosti porovnan\u00ed sa presnos\u0165 m\u00f4\u017ee l\u00ed\u0161i\u0165.<\/p>\n\n\n\n<h2 class=\"wp-block-heading\">Bezpe\u010dnostn\u00e1 ochrana povolen\u00e1: Pou\u017e\u00edvajte Facecheck.id opatrne \ud83d\udea8<\/h2>\n\n\n\n<p>Hoci Facecheck.id m\u00f4\u017ee by\u0165 u\u017eito\u010dn\u00fdm n\u00e1strojom v r\u00f4znych situ\u00e1ci\u00e1ch, je nevyhnutn\u00e9 pou\u017e\u00edva\u0165 ho opatrne, najm\u00e4 z h\u013eadiska ochrany s\u00fakromia a bezpe\u010dnosti.<\/p>\n\n\n\n<p>Tu je nieko\u013eko krokov, ktor\u00e9 m\u00f4\u017eete podnikn\u00fa\u0165 na ochranu svojho s\u00fakromia pri pou\u017e\u00edvan\u00ed Facecheck.id:<\/p>\n\n\n\n<h3 class=\"wp-block-heading\">1. <strong>Pochopenie riz\u00edk<\/strong><\/h3>\n\n\n\n<p>Pred vykonan\u00edm ak\u00e9hoko\u013evek vyh\u013ead\u00e1vania je d\u00f4le\u017eit\u00e9 pochopi\u0165 rizik\u00e1 spojen\u00e9 s odhalen\u00edm osobn\u00fdch \u00fadajov.<\/p>\n\n\n\n<p>Dobre si premyslite, pre\u010do pou\u017e\u00edvate Facecheck.id a \u010di ste ochotn\u00ed akceptova\u0165 v\u00fdsledky.<\/p>\n\n\n\n<h3 class=\"wp-block-heading\">2. <strong>Obmedzte pou\u017e\u00edvanie osobn\u00fdch fotografi\u00ed<\/strong><\/h3>\n\n\n\n<p>Vyhnite sa nahr\u00e1vaniu osobn\u00fdch alebo citliv\u00fdch fotografi\u00ed na Facecheck.id, najm\u00e4 t\u00fdch, ktor\u00e9 m\u00f4\u017eu odhali\u0165 s\u00fakromn\u00e9 inform\u00e1cie o v\u00e1s alebo in\u00fdch osob\u00e1ch.<\/p>\n\n\n\n<p>V\u017edy, ke\u010f je to mo\u017en\u00e9, pou\u017e\u00edvajte v\u0161eobecn\u00e9 alebo verejn\u00e9 obr\u00e1zky.<\/p>\n\n\n\n<h3 class=\"wp-block-heading\">3. <strong>Diskr\u00e9tne skontrolujte v\u00fdsledky<\/strong><\/h3>\n\n\n\n<p>Ak dostanete v\u00fdsledky z Facecheck.id, skontrolujte ich s rozvahou a opatrnos\u0165ou.<\/p>\n\n\n\n<p>Nezdie\u013eajte citliv\u00e9 ani s\u00fakromn\u00e9 inform\u00e1cie bez riadneho s\u00fahlasu dotknutej osoby.<\/p>\n\n\n\n<h3 class=\"wp-block-heading\">4. <strong>Zachov\u00e1vajte s\u00fakromie osobn\u00fdch \u00fadajov<\/strong><\/h3>\n\n\n\n<p>Bez oh\u013eadu na dosiahnut\u00e9 v\u00fdsledky je d\u00f4le\u017eit\u00e9 chr\u00e1ni\u0165 svoje osobn\u00e9 \u00fadaje a chr\u00e1ni\u0165 ich.<\/p>\n\n\n\n<p>Uvedomte si, ako va\u0161e online aktivity m\u00f4\u017eu ovplyvni\u0165 va\u0161u bezpe\u010dnos\u0165 a podniknite kroky na ochranu svojho s\u00fakromia.<\/p>\n\n\n<div class=\"wp-block-image\">\n<figure class=\"aligncenter size-full\"><img loading=\"lazy\" decoding=\"async\" width=\"550\" height=\"350\" src=\"http:\/\/universofamilia.com\/wp-content\/uploads\/sites\/148\/2024\/03\/P-550x350-3-9.jpg\" alt=\"\" class=\"wp-image-5473\" srcset=\"https:\/\/universofamilia.com\/wp-content\/uploads\/sites\/148\/2024\/03\/P-550x350-3-9.jpg 550w, https:\/\/universofamilia.com\/wp-content\/uploads\/sites\/148\/2024\/03\/P-550x350-3-9-300x191.jpg 300w\" sizes=\"(max-width: 550px) 100vw, 550px\" \/><figcaption class=\"wp-element-caption\">Objavte soci\u00e1lnu sie\u0165 osoby len pomocou fotografie\ud83d\udcf8<\/figcaption><\/figure><\/div>\n\n\n<h2 class=\"wp-block-heading\">Z\u00e1ver: V\u00fdkonn\u00fd n\u00e1stroj so zodpovednos\u0165ou \ud83c\udf1f<\/h2>\n\n\n\n<p>Facecheck.id pon\u00faka pohodln\u00fd sp\u00f4sob, ako zisti\u0165 soci\u00e1lnu sie\u0165 osoby len na z\u00e1klade jej fotografie. T\u00e1to v\u00fdhoda v\u0161ak so sebou prin\u00e1\u0161a aj ur\u010dit\u00e9 riziko.<\/p>\n\n\n\n<p>Je nevyhnutn\u00e9 pou\u017e\u00edva\u0165 tento n\u00e1stroj opatrne a chr\u00e1ni\u0165 svoje s\u00fakromie a s\u00fakromie ostatn\u00fdch.<\/p>\n\n\n\n<p>Pochopen\u00edm riz\u00edk a prijat\u00edm bezpe\u010dn\u00fdch postupov m\u00f4\u017eete Facecheck.id vyu\u017e\u00edva\u0165 naplno zodpovedne.<\/p>\n\n\n\n<p>Tak\u017ee ke\u010f nabud\u00face budete uva\u017eova\u0165 o pou\u017eit\u00ed Facecheck.id, nezabudnite na tieto bezpe\u010dnostn\u00e9 opatrenia a pou\u017e\u00edvajte tento n\u00e1stroj zodpovedne.<\/p>\n\n\n\n<p>Z\u00edskajte viac inform\u00e1ci\u00ed o Facecheck.id <a href=\"https:\/\/www.facecheck.id\/\">tu<\/a>, dostupn\u00e9 pre iOS a Android.<\/p>\n\n\n\n<p>S t\u00fdmito tipmi budete pripraven\u00ed objavova\u0165 svet soci\u00e1lnych m\u00e9di\u00ed bezpe\u010dnej\u0161ie a vedomej\u0161ie. \ud83d\udee1\ufe0f<\/p>","protected":false},"excerpt":{"rendered":"<p>Objavte soci\u00e1lnu sie\u0165 osoby len pomocou fotografie\ud83d\udcf8. V dne\u0161nom digit\u00e1lnom svete s\u00fa bezpe\u010dnos\u0165 a s\u00fakromie k\u013e\u00fa\u010dov\u00fdmi probl\u00e9mami. S roz\u0161\u00edren\u00edm soci\u00e1lnych m\u00e9di\u00ed je pre pou\u017e\u00edvate\u013eov jednoduch\u0161ie sa s nimi spoji\u0165, ale prin\u00e1\u0161a to so sebou aj obavy z \u00faniku osobn\u00fdch \u00fadajov. Ako teda m\u00f4\u017eeme [\u2026]<\/p>","protected":false},"author":139,"featured_media":5473,"comment_status":"closed","ping_status":"open","sticky":false,"template":"","format":"standard","meta":{"footnotes":""},"categories":[2],"tags":[736,737],"yoast_head":"<!-- This site is optimized with the Yoast SEO plugin v23.3 - https:\/\/yoast.com\/wordpress\/plugins\/seo\/ -->\n<title>Descubre la Red Social de una Persona con Solo una Foto\ud83d\udcf8 - Universo Fam\u00edlia<\/title>\n<meta name=\"description\" content=\"Descubre la Red Social de una Persona con Solo una Foto\ud83d\udcf8. En el mundo digital de hoy, la seguridad y la privacidad son preocupaciones...\" \/>\n<meta name=\"robots\" content=\"index, follow, max-snippet:-1, max-image-preview:large, max-video-preview:-1\" \/>\n<link rel=\"canonical\" href=\"https:\/\/universofamilia.com\/sk\/descubre-la-red-social-de-una-persona-con-solo-una-foto\/\" \/>\n<meta property=\"og:locale\" content=\"sk_SK\" \/>\n<meta property=\"og:type\" content=\"article\" \/>\n<meta property=\"og:title\" content=\"Descubre la Red Social de una Persona con Solo una Foto\ud83d\udcf8 - Universo Fam\u00edlia\" \/>\n<meta property=\"og:description\" content=\"Descubre la Red Social de una Persona con Solo una Foto\ud83d\udcf8. En el mundo digital de hoy, la seguridad y la privacidad son preocupaciones...\" \/>\n<meta property=\"og:url\" content=\"https:\/\/universofamilia.com\/sk\/descubre-la-red-social-de-una-persona-con-solo-una-foto\/\" \/>\n<meta property=\"og:site_name\" content=\"Universo Fam\u00edlia\" \/>\n<meta property=\"article:published_time\" content=\"2024-03-25T19:40:04+00:00\" \/>\n<meta property=\"article:modified_time\" content=\"2025-01-29T01:27:42+00:00\" \/>\n<meta property=\"og:image\" content=\"https:\/\/universofamilia.com\/wp-content\/uploads\/sites\/148\/2024\/03\/P-550x350-3-9.jpg\" \/>\n\t<meta property=\"og:image:width\" content=\"550\" \/>\n\t<meta property=\"og:image:height\" content=\"350\" \/>\n\t<meta property=\"og:image:type\" content=\"image\/jpeg\" \/>\n<meta name=\"author\" content=\"Pedro Henrique\" \/>\n<meta name=\"twitter:card\" content=\"summary_large_image\" \/>\n<meta name=\"twitter:label1\" content=\"Written by\" \/>\n\t<meta name=\"twitter:data1\" content=\"Pedro Henrique\" \/>\n\t<meta name=\"twitter:label2\" content=\"Est. reading time\" \/>\n\t<meta name=\"twitter:data2\" content=\"4 min\u00faty\" \/>\n<script type=\"application\/ld+json\" class=\"yoast-schema-graph\">{\"@context\":\"https:\/\/schema.org\",\"@graph\":[{\"@type\":\"WebPage\",\"@id\":\"https:\/\/universofamilia.com\/hr\/descubre-la-red-social-de-una-persona-con-solo-una-foto\/\",\"url\":\"https:\/\/universofamilia.com\/hr\/descubre-la-red-social-de-una-persona-con-solo-una-foto\/\",\"name\":\"Descubre la Red Social de una Persona con Solo una Foto\ud83d\udcf8 - Universo Fam\u00edlia\",\"isPartOf\":{\"@id\":\"https:\/\/universofamilia.com\/el\/#website\"},\"primaryImageOfPage\":{\"@id\":\"https:\/\/universofamilia.com\/hr\/descubre-la-red-social-de-una-persona-con-solo-una-foto\/#primaryimage\"},\"image\":{\"@id\":\"https:\/\/universofamilia.com\/hr\/descubre-la-red-social-de-una-persona-con-solo-una-foto\/#primaryimage\"},\"thumbnailUrl\":\"https:\/\/universofamilia.com\/wp-content\/uploads\/sites\/148\/2024\/03\/P-550x350-3-9.jpg\",\"datePublished\":\"2024-03-25T19:40:04+00:00\",\"dateModified\":\"2025-01-29T01:27:42+00:00\",\"author\":{\"@id\":\"https:\/\/universofamilia.com\/el\/#\/schema\/person\/f07ce98187dd84d31154262e79b3b7ca\"},\"description\":\"Descubre la Red Social de una Persona con Solo una Foto\ud83d\udcf8. En el mundo digital de hoy, la seguridad y la privacidad son preocupaciones...\",\"breadcrumb\":{\"@id\":\"https:\/\/universofamilia.com\/hr\/descubre-la-red-social-de-una-persona-con-solo-una-foto\/#breadcrumb\"},\"inLanguage\":\"sk-SK\",\"potentialAction\":[{\"@type\":\"ReadAction\",\"target\":[\"https:\/\/universofamilia.com\/hr\/descubre-la-red-social-de-una-persona-con-solo-una-foto\/\"]}]},{\"@type\":\"ImageObject\",\"inLanguage\":\"sk-SK\",\"@id\":\"https:\/\/universofamilia.com\/hr\/descubre-la-red-social-de-una-persona-con-solo-una-foto\/#primaryimage\",\"url\":\"https:\/\/universofamilia.com\/wp-content\/uploads\/sites\/148\/2024\/03\/P-550x350-3-9.jpg\",\"contentUrl\":\"https:\/\/universofamilia.com\/wp-content\/uploads\/sites\/148\/2024\/03\/P-550x350-3-9.jpg\",\"width\":550,\"height\":350,\"caption\":\"Descubre la Red Social de una Persona con Solo una Foto\ud83d\udcf8\"},{\"@type\":\"BreadcrumbList\",\"@id\":\"https:\/\/universofamilia.com\/hr\/descubre-la-red-social-de-una-persona-con-solo-una-foto\/#breadcrumb\",\"itemListElement\":[{\"@type\":\"ListItem\",\"position\":1,\"name\":\"Home\",\"item\":\"https:\/\/universofamilia.com\/el\/\"},{\"@type\":\"ListItem\",\"position\":2,\"name\":\"Descubre la Red Social de una Persona con Solo una Foto\ud83d\udcf8\"}]},{\"@type\":\"WebSite\",\"@id\":\"https:\/\/universofamilia.com\/el\/#website\",\"url\":\"https:\/\/universofamilia.com\/el\/\",\"name\":\"Universo Fam\u00edlia\",\"description\":\"\",\"potentialAction\":[{\"@type\":\"SearchAction\",\"target\":{\"@type\":\"EntryPoint\",\"urlTemplate\":\"https:\/\/universofamilia.com\/el\/?s={search_term_string}\"},\"query-input\":\"required name=search_term_string\"}],\"inLanguage\":\"sk-SK\"},{\"@type\":\"Person\",\"@id\":\"https:\/\/universofamilia.com\/el\/#\/schema\/person\/f07ce98187dd84d31154262e79b3b7ca\",\"name\":\"Pedro Henrique\",\"image\":{\"@type\":\"ImageObject\",\"inLanguage\":\"sk-SK\",\"@id\":\"https:\/\/universofamilia.com\/el\/#\/schema\/person\/image\/\",\"url\":\"https:\/\/secure.gravatar.com\/avatar\/9edfeb808cb4e1599f64d6e45b130154?s=96&d=mm&r=g\",\"contentUrl\":\"https:\/\/secure.gravatar.com\/avatar\/9edfeb808cb4e1599f64d6e45b130154?s=96&d=mm&r=g\",\"caption\":\"Pedro Henrique\"},\"url\":\"https:\/\/universofamilia.com\/sk\/author\/editor01\/\"}]}<\/script>\n<!-- \/ Yoast SEO plugin. -->","yoast_head_json":{"title":"Descubre la Red Social de una Persona con Solo una Foto\ud83d\udcf8 - Universo Fam\u00edlia","description":"Descubre la Red Social de una Persona con Solo una Foto\ud83d\udcf8. En el mundo digital de hoy, la seguridad y la privacidad son preocupaciones...","robots":{"index":"index","follow":"follow","max-snippet":"max-snippet:-1","max-image-preview":"max-image-preview:large","max-video-preview":"max-video-preview:-1"},"canonical":"https:\/\/universofamilia.com\/sk\/descubre-la-red-social-de-una-persona-con-solo-una-foto\/","og_locale":"sk_SK","og_type":"article","og_title":"Descubre la Red Social de una Persona con Solo una Foto\ud83d\udcf8 - Universo Fam\u00edlia","og_description":"Descubre la Red Social de una Persona con Solo una Foto\ud83d\udcf8. En el mundo digital de hoy, la seguridad y la privacidad son preocupaciones...","og_url":"https:\/\/universofamilia.com\/sk\/descubre-la-red-social-de-una-persona-con-solo-una-foto\/","og_site_name":"Universo Fam\u00edlia","article_published_time":"2024-03-25T19:40:04+00:00","article_modified_time":"2025-01-29T01:27:42+00:00","og_image":[{"width":550,"height":350,"url":"https:\/\/universofamilia.com\/wp-content\/uploads\/sites\/148\/2024\/03\/P-550x350-3-9.jpg","type":"image\/jpeg"}],"author":"Pedro Henrique","twitter_card":"summary_large_image","twitter_misc":{"Written by":"Pedro Henrique","Est. reading time":"4 min\u00faty"},"schema":{"@context":"https:\/\/schema.org","@graph":[{"@type":"WebPage","@id":"https:\/\/universofamilia.com\/hr\/descubre-la-red-social-de-una-persona-con-solo-una-foto\/","url":"https:\/\/universofamilia.com\/hr\/descubre-la-red-social-de-una-persona-con-solo-una-foto\/","name":"Descubre la Red Social de una Persona con Solo una Foto\ud83d\udcf8 - Universo Fam\u00edlia","isPartOf":{"@id":"https:\/\/universofamilia.com\/el\/#website"},"primaryImageOfPage":{"@id":"https:\/\/universofamilia.com\/hr\/descubre-la-red-social-de-una-persona-con-solo-una-foto\/#primaryimage"},"image":{"@id":"https:\/\/universofamilia.com\/hr\/descubre-la-red-social-de-una-persona-con-solo-una-foto\/#primaryimage"},"thumbnailUrl":"https:\/\/universofamilia.com\/wp-content\/uploads\/sites\/148\/2024\/03\/P-550x350-3-9.jpg","datePublished":"2024-03-25T19:40:04+00:00","dateModified":"2025-01-29T01:27:42+00:00","author":{"@id":"https:\/\/universofamilia.com\/el\/#\/schema\/person\/f07ce98187dd84d31154262e79b3b7ca"},"description":"Descubre la Red Social de una Persona con Solo una Foto\ud83d\udcf8. En el mundo digital de hoy, la seguridad y la privacidad son preocupaciones...","breadcrumb":{"@id":"https:\/\/universofamilia.com\/hr\/descubre-la-red-social-de-una-persona-con-solo-una-foto\/#breadcrumb"},"inLanguage":"sk-SK","potentialAction":[{"@type":"ReadAction","target":["https:\/\/universofamilia.com\/hr\/descubre-la-red-social-de-una-persona-con-solo-una-foto\/"]}]},{"@type":"ImageObject","inLanguage":"sk-SK","@id":"https:\/\/universofamilia.com\/hr\/descubre-la-red-social-de-una-persona-con-solo-una-foto\/#primaryimage","url":"https:\/\/universofamilia.com\/wp-content\/uploads\/sites\/148\/2024\/03\/P-550x350-3-9.jpg","contentUrl":"https:\/\/universofamilia.com\/wp-content\/uploads\/sites\/148\/2024\/03\/P-550x350-3-9.jpg","width":550,"height":350,"caption":"Descubre la Red Social de una Persona con Solo una Foto\ud83d\udcf8"},{"@type":"BreadcrumbList","@id":"https:\/\/universofamilia.com\/hr\/descubre-la-red-social-de-una-persona-con-solo-una-foto\/#breadcrumb","itemListElement":[{"@type":"ListItem","position":1,"name":"Home","item":"https:\/\/universofamilia.com\/el\/"},{"@type":"ListItem","position":2,"name":"Descubre la Red Social de una Persona con Solo una Foto\ud83d\udcf8"}]},{"@type":"WebSite","@id":"https:\/\/universofamilia.com\/el\/#website","url":"https:\/\/universofamilia.com\/el\/","name":"Universo Fam\u00edlia","description":"","potentialAction":[{"@type":"SearchAction","target":{"@type":"EntryPoint","urlTemplate":"https:\/\/universofamilia.com\/el\/?s={search_term_string}"},"query-input":"required name=search_term_string"}],"inLanguage":"sk-SK"},{"@type":"Person","@id":"https:\/\/universofamilia.com\/el\/#\/schema\/person\/f07ce98187dd84d31154262e79b3b7ca","name":"Pedro Henrique","image":{"@type":"ImageObject","inLanguage":"sk-SK","@id":"https:\/\/universofamilia.com\/el\/#\/schema\/person\/image\/","url":"https:\/\/secure.gravatar.com\/avatar\/9edfeb808cb4e1599f64d6e45b130154?s=96&d=mm&r=g","contentUrl":"https:\/\/secure.gravatar.com\/avatar\/9edfeb808cb4e1599f64d6e45b130154?s=96&d=mm&r=g","caption":"Pedro Henrique"},"url":"https:\/\/universofamilia.com\/sk\/author\/editor01\/"}]}},"_links":{"self":[{"href":"https:\/\/universofamilia.com\/sk\/wp-json\/wp\/v2\/posts\/5472"}],"collection":[{"href":"https:\/\/universofamilia.com\/sk\/wp-json\/wp\/v2\/posts"}],"about":[{"href":"https:\/\/universofamilia.com\/sk\/wp-json\/wp\/v2\/types\/post"}],"author":[{"embeddable":true,"href":"https:\/\/universofamilia.com\/sk\/wp-json\/wp\/v2\/users\/139"}],"replies":[{"embeddable":true,"href":"https:\/\/universofamilia.com\/sk\/wp-json\/wp\/v2\/comments?post=5472"}],"version-history":[{"count":1,"href":"https:\/\/universofamilia.com\/sk\/wp-json\/wp\/v2\/posts\/5472\/revisions"}],"predecessor-version":[{"id":8470,"href":"https:\/\/universofamilia.com\/sk\/wp-json\/wp\/v2\/posts\/5472\/revisions\/8470"}],"wp:featuredmedia":[{"embeddable":true,"href":"https:\/\/universofamilia.com\/sk\/wp-json\/wp\/v2\/media\/5473"}],"wp:attachment":[{"href":"https:\/\/universofamilia.com\/sk\/wp-json\/wp\/v2\/media?parent=5472"}],"wp:term":[{"taxonomy":"category","embeddable":true,"href":"https:\/\/universofamilia.com\/sk\/wp-json\/wp\/v2\/categories?post=5472"},{"taxonomy":"post_tag","embeddable":true,"href":"https:\/\/universofamilia.com\/sk\/wp-json\/wp\/v2\/tags?post=5472"}],"curies":[{"name":"wp","href":"https:\/\/api.w.org\/{rel}","templated":true}]}}