{"id":5859,"date":"2024-05-02T18:33:44","date_gmt":"2024-05-02T21:33:44","guid":{"rendered":"https:\/\/universofamilia.com\/?p=5859"},"modified":"2025-10-12T13:51:11","modified_gmt":"2025-10-12T16:51:11","slug":"el-encanto-de-las-telenovelas-turcas","status":"publish","type":"post","link":"https:\/\/universofamilia.com\/sk\/el-encanto-de-las-telenovelas-turcas\/","title":{"rendered":"\ud83c\udfac \u010caro tureck\u00fdch telenoviel"},"content":{"rendered":"<p>\ud83c\udfac \u010caro tureck\u00fdch telenoviel: Okno do sveta em\u00f3ci\u00ed<\/p>\n\n\n\n<p>Od svojho pr\u00edchodu na obrazovky si tureck\u00e9 telenovely z\u00edskali srdcia po celom svete.<\/p>\n\n\n\n<p>Nie je \u0165a\u017ek\u00e9 pochopi\u0165, pre\u010do sa tieto produkcie stali tak popul\u00e1rnymi.<\/p>\n\n\n\n<p>Po\u010fme sa ponori\u0165 do sveta t\u00fdchto p\u00fatav\u00fdch pr\u00edbehov a objavi\u0165, \u010do ich rob\u00ed tak\u00fdmi v\u00fdnimo\u010dn\u00fdmi pre div\u00e1kov v\u0161etk\u00fdch vekov\u00fdch kateg\u00f3ri\u00ed.<\/p>\n\n\n\n<p><\/p>\n\n\n\n<hr class=\"wp-block-separator has-text-color has-luminous-vivid-orange-color has-alpha-channel-opacity has-luminous-vivid-orange-background-color has-background\" \/>\n\n\n\n<h2 class=\"wp-block-heading\">Pre\u010d\u00edtajte si tie\u017e:<\/h2>\n\n\n\n<div class=\"wp-block-columns is-layout-flex wp-container-core-columns-layout-1 wp-block-columns-is-layout-flex\">\n<div class=\"wp-block-column is-layout-flow wp-block-column-is-layout-flow\">\n<div class=\"wp-block-buttons is-layout-flex wp-block-buttons-is-layout-flex\">\n<div class=\"wp-block-button has-custom-width wp-block-button__width-100\" style=\"text-decoration:none\"><a class=\"wp-block-button__link has-white-color has-vivid-cyan-blue-background-color has-text-color has-background has-link-color has-text-align-left wp-element-button\" href=\"https:\/\/universofamilia.com\/sk\/5099\/restaurar-fotos-eliminadas-en-el-telefono-movil\/\" style=\"border-radius:10px\" target=\"_blank\" rel=\"noreferrer noopener\"><font style=\"vertical-align: inherit\"><font style=\"vertical-align: inherit\">\ud83d\udccc Obnovi\u0165 odstr\u00e1nen\u00e9 fotografie<\/font><\/font> &gt;<\/a><\/div>\n\n\n\n<div class=\"wp-block-button has-custom-width wp-block-button__width-100\" style=\"text-decoration:none\"><a class=\"wp-block-button__link has-white-color has-vivid-cyan-blue-background-color has-text-color has-background has-link-color has-text-align-left wp-element-button\" href=\"https:\/\/universofamilia.com\/sk\/5491\/aprender-a-conducir-una-revolucion-tecnologica-en-2024\/\" style=\"border-radius:10px\" target=\"_blank\" rel=\"noreferrer noopener\"><font style=\"vertical-align: inherit\"><font style=\"vertical-align: inherit\"><font style=\"vertical-align: inherit\"><font style=\"vertical-align: inherit\">\ud83d\udccc U\u010d\u00edme sa vies\u0165<\/font><\/font><\/font><\/font> &gt;<\/a><\/div>\n<\/div>\n<\/div>\n<\/div>\n\n\n\n<hr class=\"wp-block-separator has-text-color has-luminous-vivid-orange-color has-alpha-channel-opacity has-luminous-vivid-orange-background-color has-background\" \/>\n\n\n\n<p><\/p>\n\n\n\n<h2 class=\"wp-block-heading\">\ud83c\udf1f <strong>\u00daspech tureckej dramaturgie<\/strong><\/h2>\n\n\n\n<p>Tureck\u00e9 telenovely s\u00fa glob\u00e1lnym fenom\u00e9nom a podmanuj\u00fa si publikum zo v\u0161etk\u00fdch k\u00fatov sveta.<\/p>\n\n\n\n<p>V\u010faka p\u00fatav\u00fdm z\u00e1pletk\u00e1m, p\u00fatav\u00fdm hereck\u00fdm v\u00fdkonom a \u00fa\u017easn\u00e9mu prostrediu pon\u00fakaj\u00fa jedine\u010dn\u00fd z\u00e1bavn\u00fd z\u00e1\u017eitok. \u010co ich v\u0161ak rob\u00ed tak\u00fdmi p\u00fatav\u00fdmi?<\/p>\n\n\n\n<h2 class=\"wp-block-heading\"><strong>K\u00fazlo z\u00e1pletiek<\/strong><\/h2>\n\n\n\n<p>Jedn\u00fdm z hlavn\u00fdch d\u00f4vodov \u00faspechu tureck\u00fdch telenoviel je kvalita ich pr\u00edbehov.<\/p>\n\n\n\n<p>V\u010faka zlo\u017eit\u00fdm z\u00e1pletk\u00e1m a vzru\u0161uj\u00facim zvratom dr\u017eia tieto produkcie div\u00e1kov prilepen\u00fdch k obrazovke, ktor\u00ed s\u00fa dychtiv\u00ed zisti\u0165, \u010do sa bude dia\u0165 \u010falej.<\/p>\n\n\n\n<p>Tureck\u00ed scen\u00e1risti maj\u00fa talent na vytv\u00e1ranie zlo\u017eit\u00fdch post\u00e1v a ich umiest\u0148ovanie do prostred\u00ed, ktor\u00e9 podnecuje fant\u00e1ziu.<\/p>\n\n\n\n<h2 class=\"wp-block-heading\"><strong>Em\u00f3cie na povrchu<\/strong><\/h2>\n\n\n\n<p>\u010eal\u0161\u00edm aspektom, ktor\u00fd hlboko doj\u00edma verejnos\u0165, je emocion\u00e1lna intenzita tureck\u00fdch telenoviel.<\/p>\n\n\n\n<p>Zaoberaj\u00fa sa univerz\u00e1lnymi t\u00e9mami ako l\u00e1ska, zrada, rodina a priate\u013estvo sp\u00f4sobom, ktor\u00fd rezonuje s \u013eu\u010fmi v\u0161etk\u00fdch vekov\u00fdch kateg\u00f3ri\u00ed.<\/p>\n\n\n\n<p>Div\u00e1ci vidia svoj odraz v bojoch a v\u00ed\u0165azstv\u00e1ch post\u00e1v, \u010d\u00edm vytv\u00e1raj\u00fa siln\u00e9 emocion\u00e1lne puto.<\/p>\n\n\n\n<h2 class=\"wp-block-heading\"><strong>Vizu\u00e1lna kr\u00e1sa<\/strong><\/h2>\n\n\n\n<p>Okrem p\u00fatav\u00fdch dejov\u00fdch l\u00edni\u00ed s\u00fa tureck\u00e9 telenovely zn\u00e1me aj svojou vizu\u00e1lnou kr\u00e1sou.<\/p>\n\n\n\n<p>Ohromuj\u00face kulisy, prepracovan\u00e9 kost\u00fdmy a \u00fa\u017easn\u00e1 kamera prenes\u00fa div\u00e1kov do snov\u00e9ho sveta, kde je ka\u017ed\u00e1 sc\u00e9na umeleck\u00fdm dielom.<\/p>\n\n\n<div class=\"wp-block-image\">\n<figure class=\"aligncenter size-full\"><img loading=\"lazy\" decoding=\"async\" width=\"550\" height=\"350\" src=\"http:\/\/universofamilia.com\/wp-content\/uploads\/sites\/148\/2024\/05\/P-550x350-6.jpg\" alt=\"\" class=\"wp-image-5860\" srcset=\"https:\/\/universofamilia.com\/wp-content\/uploads\/sites\/148\/2024\/05\/P-550x350-6.jpg 550w, https:\/\/universofamilia.com\/wp-content\/uploads\/sites\/148\/2024\/05\/P-550x350-6-300x191.jpg 300w\" sizes=\"(max-width: 550px) 100vw, 550px\" \/><figcaption class=\"wp-element-caption\">\ud83c\udfac \u010caro tureck\u00fdch telenoviel<\/figcaption><\/figure><\/div>\n\n\n<h2 class=\"wp-block-heading\">\ud83c\udf08 <strong>Diferenci\u00e1ly, ktor\u00e9 si z\u00edskali srdcia<\/strong><\/h2>\n\n\n\n<p>Ale \u010do presne rob\u00ed tureck\u00e9 telenovely tak\u00fdmi v\u00fdnimo\u010dn\u00fdmi? \u010co ich odli\u0161uje od in\u00fdch foriem z\u00e1bavy?<\/p>\n\n\n\n<p>Pozrime sa na niektor\u00e9 prvky, ktor\u00e9 prispievaj\u00fa k atrakt\u00edvnosti t\u00fdchto produkci\u00ed.<\/p>\n\n\n\n<h3 class=\"wp-block-heading\"><strong>Kult\u00fara a trad\u00edcia<\/strong><\/h3>\n\n\n\n<p>Tureck\u00e9 telenovely pon\u00fakaj\u00fa div\u00e1kom fascinuj\u00faci poh\u013ead na kult\u00faru a trad\u00edcie krajiny.<\/p>\n\n\n\n<p>Od miestnych kost\u00fdmov a\u017e po \u00fa\u017easn\u00e9 scen\u00e9rie, tieto produkcie poskytuj\u00fa autentick\u00fd a obohacuj\u00faci z\u00e1\u017eitok.<\/p>\n\n\n\n<h3 class=\"wp-block-heading\"><strong>Romantika a dr\u00e1ma<\/strong><\/h3>\n\n\n\n<p>Romantika je jedn\u00fdm z pilierov tureck\u00fdch telenoviel.<\/p>\n\n\n\n<p>S dejmi pln\u00fdmi v\u00e1\u0161ne a dr\u00e1my si tieto pr\u00edbehy z\u00edskavaj\u00fa srdcia div\u00e1kov a ber\u00fa ich na emocion\u00e1lnu horsk\u00fa dr\u00e1hu intenz\u00edvnych pocitov.<\/p>\n\n\n\n<h3 class=\"wp-block-heading\"><strong>Pam\u00e4tn\u00e9 postavy<\/strong><\/h3>\n\n\n\n<p>\u010eal\u0161\u00edm siln\u00fdm bodom s\u00fa postavy v tureck\u00fdch telenovel\u00e1ch.<\/p>\n\n\n\n<p>Od stato\u010dn\u00fdch hrdinov a\u017e po pref\u00edkan\u00fdch zloduchov, tieto produkcie predstavuj\u00fa \u0161irok\u00fa \u0161k\u00e1lu osobnost\u00ed, ktor\u00e9 na div\u00e1kov zanech\u00e1vaj\u00fa trval\u00fd dojem.<\/p>\n\n\n\n<h3 class=\"wp-block-heading\"><strong>Univerz\u00e1lne posolstv\u00e1<\/strong><\/h3>\n\n\n\n<p>Tureck\u00e9 telenovely nakoniec \u010dasto vyjadruj\u00fa siln\u00e9 posolstv\u00e1 o l\u00e1ske, priate\u013estve a prekon\u00e1van\u00ed \u0165a\u017ekost\u00ed.<\/p>\n\n\n\n<p>Ukazuj\u00fa, \u017ee bez oh\u013eadu na okolnosti v\u017edy existuje n\u00e1dej a mo\u017enos\u0165 \u0161\u0165astn\u00e9ho konca.<\/p>\n\n\n\n<h2 class=\"wp-block-heading\">\u2b50 <strong>\u010co hovoria pou\u017e\u00edvatelia<\/strong><\/h2>\n\n\n\n<p>N\u00e1zory div\u00e1kov s\u00fa k\u013e\u00fa\u010dov\u00e9 pre pochopenie toho, pre\u010do boli tureck\u00e9 telenovely tak dobre prijat\u00e9.<\/p>\n\n\n\n<p>Mnoh\u00ed sa delia o svoje pozit\u00edvne sk\u00fasenosti a zd\u00f4raz\u0148uj\u00fa aspekty, ktor\u00e9 si na produkci\u00e1ch najviac cenia.<\/p>\n\n\n\n<ul>\n<li><em>\u201eTureck\u00e9 telenovely ma prenes\u00fa do \u00faplne in\u00e9ho sveta. Fand\u00edm postav\u00e1m a pre\u017e\u00edvam spolu s nimi v\u0161etky em\u00f3cie.\u201c \u2013 Mar\u00eda, 32.<\/em><\/li>\n\n\n\n<li><em>\u201eNa tureck\u00fdch telenovel\u00e1ch sa mi najviac p\u00e1\u010di h\u013abka post\u00e1v. Zd\u00e1 sa, \u017ee s\u00fa tak\u00e9 skuto\u010dn\u00e9, \u017ee je nemo\u017en\u00e9 sa do ich pr\u00edbehov nev\u017ei\u0165.\u201c \u2013 Jo\u00e3o, 45.<\/em><\/li>\n\n\n\n<li><em>\u201eSledovanie tureck\u00fdch telenoviel sa pre m\u0148a a moju rodinu stalo ritu\u00e1lom. Je to sp\u00f4sob, ako sa stretn\u00fa\u0165 a zdie\u013ea\u0165 spolo\u010dn\u00e9 v\u00fdnimo\u010dn\u00e9 chv\u00edle.\u201c \u2013 Ana, 55 rokov.<\/em><\/li>\n<\/ul>\n\n\n\n<h2 class=\"wp-block-heading\">\ud83d\udcf1 <strong>Objavte, kde vidie\u0165<\/strong><\/h2>\n\n\n\n<p>Ak sa t\u00fa\u017eite ponori\u0165 do vzru\u0161uj\u00faceho sveta tureck\u00fdch telenoviel, existuje nieko\u013eko aplik\u00e1ci\u00ed, ktor\u00e9 pon\u00fakaj\u00fa pr\u00edstup k \u0161irokej \u0161k\u00e1le titulov.<\/p>\n\n\n\n<ul>\n<li><strong>Viki:<\/strong> V\u010faka rozsiahlemu katal\u00f3gu tureck\u00fdch telenoviel, \u0161panielskym titulkom a u\u017e\u00edvate\u013esky pr\u00edvetiv\u00e9mu rozhraniu je Viki ob\u013e\u00fabenou vo\u013ebou medzi fan\u00fa\u0161ikmi tohto \u017e\u00e1nru.<\/li>\n\n\n\n<li><strong>Dizila:<\/strong> T\u00e1to bezplatn\u00e1 aplik\u00e1cia pon\u00faka \u0161irok\u00fa \u0161k\u00e1lu tureck\u00fdch telenoviel vr\u00e1tane exkluz\u00edvnych titulov, ktor\u00e9 nie s\u00fa inde dostupn\u00e9.<\/li>\n\n\n\n<li><strong>puhutv:<\/strong> Ofici\u00e1lna aplik\u00e1cia Puhutv pon\u00faka katal\u00f3g tureck\u00fdch telenoviel so \u0161panielskymi titulkami, ako aj \u010fal\u0161ie telev\u00edzne programy a filmy.<\/li>\n<\/ul>\n\n\n\n<h2 class=\"wp-block-heading\">\ud83d\udce5 <strong>Kde stiahnu\u0165<\/strong><\/h2>\n\n\n\n<p>Ak chcete za\u010da\u0165 sledova\u0165 svoje ob\u013e\u00faben\u00e9 tureck\u00e9 telenovely, jednoducho si stiahnite aplik\u00e1cie z nasleduj\u00facich odkazov:<\/p>\n\n\n\n<ul>\n<li><strong>iOS:<\/strong> <a href=\"https:\/\/www.viki.com\/apps\" target=\"_blank\" rel=\"noreferrer noopener\">Viki<\/a> | <a href=\"https:\/\/apps.apple.com\/us\/app\/dizilah\/id6444266243\" target=\"_blank\" rel=\"noreferrer noopener\">Dizilah<\/a> | <a href=\"https:\/\/apps.apple.com\/us\/app\/puhutv\/id1139761721\" target=\"_blank\" rel=\"noreferrer noopener\">puhutv<\/a><\/li>\n\n\n\n<li><strong>Android:<\/strong> <a href=\"https:\/\/play.google.com\/store\/apps\/developer?id=Viki,+Inc&amp;hl=en&amp;gl=US\" target=\"_blank\" rel=\"noreferrer noopener\">Viki<\/a> | <a href=\"https:\/\/play.google.com\/store\/apps\/details?id=com.dizilah&amp;hl=en&amp;gl=US\" target=\"_blank\" rel=\"noreferrer noopener\">Dizilah<\/a> | <a href=\"https:\/\/play.google.com\/store\/apps\/details?id=com.dogusdigital.puhutv&amp;hl=en_IN\" target=\"_blank\" rel=\"noreferrer noopener\">puhutv<\/a><\/li>\n<\/ul>\n\n\n\n<p>Ne\u010dakajte dlh\u0161ie a vydajte sa na vzru\u0161uj\u00facu cestu tureck\u00fdmi telenovelami.<\/p>\n\n\n\n<p>Stiahnite si jednu z t\u00fdchto aplik\u00e1ci\u00ed e\u0161te dnes a za\u010dnite objavova\u0165 v\u0161etku dr\u00e1mu, romantiku a dobrodru\u017estvo, ktor\u00e9 tento \u017e\u00e1ner pon\u00faka.<\/p>\n\n\n\n<p>Pripravte sa zamilova\u0165! \ud83c\udf1f<\/p>\n\n\n\n<p><\/p>\n\n\n\n<hr class=\"wp-block-separator has-text-color has-luminous-vivid-orange-color has-alpha-channel-opacity has-luminous-vivid-orange-background-color has-background\" \/>\n\n\n\n<h2 class=\"wp-block-heading\">Pre\u010d\u00edtajte si tie\u017e:<\/h2>\n\n\n\n<div class=\"wp-block-columns is-layout-flex wp-container-core-columns-layout-2 wp-block-columns-is-layout-flex\">\n<div class=\"wp-block-column is-layout-flow wp-block-column-is-layout-flow\">\n<div class=\"wp-block-buttons is-layout-flex wp-block-buttons-is-layout-flex\">\n<div class=\"wp-block-button has-custom-width wp-block-button__width-100\" style=\"text-decoration:none\"><a class=\"wp-block-button__link has-white-color has-vivid-cyan-blue-background-color has-text-color has-background has-link-color has-text-align-left wp-element-button\" href=\"https:\/\/universofamilia.com\/sk\/5099\/restaurar-fotos-eliminadas-en-el-telefono-movil\/\" style=\"border-radius:10px\" target=\"_blank\" rel=\"noreferrer noopener\"><font style=\"vertical-align: inherit\"><font style=\"vertical-align: inherit\">\ud83d\udccc Obnovi\u0165 odstr\u00e1nen\u00e9 fotografie<\/font><\/font> &gt;<\/a><\/div>\n\n\n\n<div class=\"wp-block-button has-custom-width wp-block-button__width-100\" style=\"text-decoration:none\"><a class=\"wp-block-button__link has-white-color has-vivid-cyan-blue-background-color has-text-color has-background has-link-color has-text-align-left wp-element-button\" href=\"https:\/\/universofamilia.com\/sk\/5491\/aprender-a-conducir-una-revolucion-tecnologica-en-2024\/\" style=\"border-radius:10px\" target=\"_blank\" rel=\"noreferrer noopener\"><font style=\"vertical-align: inherit\"><font style=\"vertical-align: inherit\"><font style=\"vertical-align: inherit\"><font style=\"vertical-align: inherit\">\ud83d\udccc U\u010d\u00edme sa vies\u0165<\/font><\/font><\/font><\/font> &gt;<\/a><\/div>\n<\/div>\n<\/div>\n<\/div>\n\n\n\n<hr class=\"wp-block-separator has-text-color has-luminous-vivid-orange-color has-alpha-channel-opacity has-luminous-vivid-orange-background-color has-background\" \/>\n\n\n\n<p><\/p>","protected":false},"excerpt":{"rendered":"<p>\ud83c\udfac El Encanto de las Telenovelas Turcas: Una Ventana al Mundo de las Emociones Desde su llegada a las pantallas, las telenovelas turcas han conquistado corazones en todo el mundo. No es dif\u00edcil entender por qu\u00e9 estas producciones se han vuelto tan populares. Vamos a sumergirnos en el universo de estas historias cautivadoras y descubrir [&hellip;]<\/p>","protected":false},"author":219,"featured_media":5860,"comment_status":"closed","ping_status":"open","sticky":false,"template":"","format":"standard","meta":{"footnotes":""},"categories":[3],"tags":[205,225,1594],"yoast_head":"<!-- This site is optimized with the Yoast SEO plugin v23.3 - https:\/\/yoast.com\/wordpress\/plugins\/seo\/ -->\n<title>\ud83c\udfac El Encanto de las Telenovelas Turcas - Universo Fam\u00edlia<\/title>\n<meta name=\"description\" content=\"\ud83c\udfac El Encanto de las Telenovelas Turcas. Desde su llegada a las pantallas, las telenovelas turcas han conquistado corazones en todo el mundo.\" \/>\n<meta name=\"robots\" content=\"index, follow, max-snippet:-1, max-image-preview:large, max-video-preview:-1\" \/>\n<link rel=\"canonical\" href=\"https:\/\/universofamilia.com\/sk\/el-encanto-de-las-telenovelas-turcas\/\" \/>\n<meta property=\"og:locale\" content=\"sk_SK\" \/>\n<meta property=\"og:type\" content=\"article\" \/>\n<meta property=\"og:title\" content=\"\ud83c\udfac El Encanto de las Telenovelas Turcas - Universo Fam\u00edlia\" \/>\n<meta property=\"og:description\" content=\"\ud83c\udfac El Encanto de las Telenovelas Turcas. Desde su llegada a las pantallas, las telenovelas turcas han conquistado corazones en todo el mundo.\" \/>\n<meta property=\"og:url\" content=\"https:\/\/universofamilia.com\/sk\/el-encanto-de-las-telenovelas-turcas\/\" \/>\n<meta property=\"og:site_name\" content=\"Universo Fam\u00edlia\" \/>\n<meta property=\"article:published_time\" content=\"2024-05-02T21:33:44+00:00\" \/>\n<meta property=\"article:modified_time\" content=\"2025-10-12T16:51:11+00:00\" \/>\n<meta property=\"og:image\" content=\"https:\/\/universofamilia.com\/wp-content\/uploads\/sites\/148\/2024\/05\/P-550x350-6.jpg\" \/>\n\t<meta property=\"og:image:width\" content=\"550\" \/>\n\t<meta property=\"og:image:height\" content=\"350\" \/>\n\t<meta property=\"og:image:type\" content=\"image\/jpeg\" \/>\n<meta name=\"author\" content=\"Matheus Sangaletti\" \/>\n<meta name=\"twitter:card\" content=\"summary_large_image\" \/>\n<meta name=\"twitter:label1\" content=\"Written by\" \/>\n\t<meta name=\"twitter:data1\" content=\"Matheus Sangaletti\" \/>\n\t<meta name=\"twitter:label2\" content=\"Est. reading time\" \/>\n\t<meta name=\"twitter:data2\" content=\"5 min\u00fat\" \/>\n<script type=\"application\/ld+json\" class=\"yoast-schema-graph\">{\"@context\":\"https:\/\/schema.org\",\"@graph\":[{\"@type\":\"WebPage\",\"@id\":\"https:\/\/universofamilia.com\/ko\/el-encanto-de-las-telenovelas-turcas\/\",\"url\":\"https:\/\/universofamilia.com\/ko\/el-encanto-de-las-telenovelas-turcas\/\",\"name\":\"\ud83c\udfac El Encanto de las Telenovelas Turcas - Universo Fam\u00edlia\",\"isPartOf\":{\"@id\":\"https:\/\/universofamilia.com\/el\/#website\"},\"primaryImageOfPage\":{\"@id\":\"https:\/\/universofamilia.com\/ko\/el-encanto-de-las-telenovelas-turcas\/#primaryimage\"},\"image\":{\"@id\":\"https:\/\/universofamilia.com\/ko\/el-encanto-de-las-telenovelas-turcas\/#primaryimage\"},\"thumbnailUrl\":\"https:\/\/universofamilia.com\/wp-content\/uploads\/sites\/148\/2024\/05\/P-550x350-6.jpg\",\"datePublished\":\"2024-05-02T21:33:44+00:00\",\"dateModified\":\"2025-10-12T16:51:11+00:00\",\"author\":{\"@id\":\"https:\/\/universofamilia.com\/el\/#\/schema\/person\/92fcd07e9b1f4323bf74f3170fc0f78a\"},\"description\":\"\ud83c\udfac El Encanto de las Telenovelas Turcas. Desde su llegada a las pantallas, las telenovelas turcas han conquistado corazones en todo el mundo.\",\"breadcrumb\":{\"@id\":\"https:\/\/universofamilia.com\/ko\/el-encanto-de-las-telenovelas-turcas\/#breadcrumb\"},\"inLanguage\":\"sk-SK\",\"potentialAction\":[{\"@type\":\"ReadAction\",\"target\":[\"https:\/\/universofamilia.com\/ko\/el-encanto-de-las-telenovelas-turcas\/\"]}]},{\"@type\":\"ImageObject\",\"inLanguage\":\"sk-SK\",\"@id\":\"https:\/\/universofamilia.com\/ko\/el-encanto-de-las-telenovelas-turcas\/#primaryimage\",\"url\":\"https:\/\/universofamilia.com\/wp-content\/uploads\/sites\/148\/2024\/05\/P-550x350-6.jpg\",\"contentUrl\":\"https:\/\/universofamilia.com\/wp-content\/uploads\/sites\/148\/2024\/05\/P-550x350-6.jpg\",\"width\":550,\"height\":350,\"caption\":\"\ud83c\udfac El Encanto de las Telenovelas Turcas\"},{\"@type\":\"BreadcrumbList\",\"@id\":\"https:\/\/universofamilia.com\/ko\/el-encanto-de-las-telenovelas-turcas\/#breadcrumb\",\"itemListElement\":[{\"@type\":\"ListItem\",\"position\":1,\"name\":\"Home\",\"item\":\"https:\/\/universofamilia.com\/el\/\"},{\"@type\":\"ListItem\",\"position\":2,\"name\":\"\ud83c\udfac El Encanto de las Telenovelas Turcas\"}]},{\"@type\":\"WebSite\",\"@id\":\"https:\/\/universofamilia.com\/el\/#website\",\"url\":\"https:\/\/universofamilia.com\/el\/\",\"name\":\"Universo Fam\u00edlia\",\"description\":\"\",\"potentialAction\":[{\"@type\":\"SearchAction\",\"target\":{\"@type\":\"EntryPoint\",\"urlTemplate\":\"https:\/\/universofamilia.com\/el\/?s={search_term_string}\"},\"query-input\":\"required name=search_term_string\"}],\"inLanguage\":\"sk-SK\"},{\"@type\":\"Person\",\"@id\":\"https:\/\/universofamilia.com\/el\/#\/schema\/person\/92fcd07e9b1f4323bf74f3170fc0f78a\",\"name\":\"Matheus Sangaletti\",\"image\":{\"@type\":\"ImageObject\",\"inLanguage\":\"sk-SK\",\"@id\":\"https:\/\/universofamilia.com\/el\/#\/schema\/person\/image\/\",\"url\":\"https:\/\/secure.gravatar.com\/avatar\/280ea957a14a48e6a1ad2133d2cc27c9?s=96&d=mm&r=g\",\"contentUrl\":\"https:\/\/secure.gravatar.com\/avatar\/280ea957a14a48e6a1ad2133d2cc27c9?s=96&d=mm&r=g\",\"caption\":\"Matheus Sangaletti\"},\"url\":\"https:\/\/universofamilia.com\/sk\/author\/matheuss\/\"}]}<\/script>\n<!-- \/ Yoast SEO plugin. -->","yoast_head_json":{"title":"\ud83c\udfac El Encanto de las Telenovelas Turcas - Universo Fam\u00edlia","description":"\ud83c\udfac El Encanto de las Telenovelas Turcas. Desde su llegada a las pantallas, las telenovelas turcas han conquistado corazones en todo el mundo.","robots":{"index":"index","follow":"follow","max-snippet":"max-snippet:-1","max-image-preview":"max-image-preview:large","max-video-preview":"max-video-preview:-1"},"canonical":"https:\/\/universofamilia.com\/sk\/el-encanto-de-las-telenovelas-turcas\/","og_locale":"sk_SK","og_type":"article","og_title":"\ud83c\udfac El Encanto de las Telenovelas Turcas - Universo Fam\u00edlia","og_description":"\ud83c\udfac El Encanto de las Telenovelas Turcas. Desde su llegada a las pantallas, las telenovelas turcas han conquistado corazones en todo el mundo.","og_url":"https:\/\/universofamilia.com\/sk\/el-encanto-de-las-telenovelas-turcas\/","og_site_name":"Universo Fam\u00edlia","article_published_time":"2024-05-02T21:33:44+00:00","article_modified_time":"2025-10-12T16:51:11+00:00","og_image":[{"width":550,"height":350,"url":"https:\/\/universofamilia.com\/wp-content\/uploads\/sites\/148\/2024\/05\/P-550x350-6.jpg","type":"image\/jpeg"}],"author":"Matheus Sangaletti","twitter_card":"summary_large_image","twitter_misc":{"Written by":"Matheus Sangaletti","Est. reading time":"5 min\u00fat"},"schema":{"@context":"https:\/\/schema.org","@graph":[{"@type":"WebPage","@id":"https:\/\/universofamilia.com\/ko\/el-encanto-de-las-telenovelas-turcas\/","url":"https:\/\/universofamilia.com\/ko\/el-encanto-de-las-telenovelas-turcas\/","name":"\ud83c\udfac El Encanto de las Telenovelas Turcas - Universo Fam\u00edlia","isPartOf":{"@id":"https:\/\/universofamilia.com\/el\/#website"},"primaryImageOfPage":{"@id":"https:\/\/universofamilia.com\/ko\/el-encanto-de-las-telenovelas-turcas\/#primaryimage"},"image":{"@id":"https:\/\/universofamilia.com\/ko\/el-encanto-de-las-telenovelas-turcas\/#primaryimage"},"thumbnailUrl":"https:\/\/universofamilia.com\/wp-content\/uploads\/sites\/148\/2024\/05\/P-550x350-6.jpg","datePublished":"2024-05-02T21:33:44+00:00","dateModified":"2025-10-12T16:51:11+00:00","author":{"@id":"https:\/\/universofamilia.com\/el\/#\/schema\/person\/92fcd07e9b1f4323bf74f3170fc0f78a"},"description":"\ud83c\udfac El Encanto de las Telenovelas Turcas. Desde su llegada a las pantallas, las telenovelas turcas han conquistado corazones en todo el mundo.","breadcrumb":{"@id":"https:\/\/universofamilia.com\/ko\/el-encanto-de-las-telenovelas-turcas\/#breadcrumb"},"inLanguage":"sk-SK","potentialAction":[{"@type":"ReadAction","target":["https:\/\/universofamilia.com\/ko\/el-encanto-de-las-telenovelas-turcas\/"]}]},{"@type":"ImageObject","inLanguage":"sk-SK","@id":"https:\/\/universofamilia.com\/ko\/el-encanto-de-las-telenovelas-turcas\/#primaryimage","url":"https:\/\/universofamilia.com\/wp-content\/uploads\/sites\/148\/2024\/05\/P-550x350-6.jpg","contentUrl":"https:\/\/universofamilia.com\/wp-content\/uploads\/sites\/148\/2024\/05\/P-550x350-6.jpg","width":550,"height":350,"caption":"\ud83c\udfac El Encanto de las Telenovelas Turcas"},{"@type":"BreadcrumbList","@id":"https:\/\/universofamilia.com\/ko\/el-encanto-de-las-telenovelas-turcas\/#breadcrumb","itemListElement":[{"@type":"ListItem","position":1,"name":"Home","item":"https:\/\/universofamilia.com\/el\/"},{"@type":"ListItem","position":2,"name":"\ud83c\udfac El Encanto de las Telenovelas Turcas"}]},{"@type":"WebSite","@id":"https:\/\/universofamilia.com\/el\/#website","url":"https:\/\/universofamilia.com\/el\/","name":"Universo Fam\u00edlia","description":"","potentialAction":[{"@type":"SearchAction","target":{"@type":"EntryPoint","urlTemplate":"https:\/\/universofamilia.com\/el\/?s={search_term_string}"},"query-input":"required name=search_term_string"}],"inLanguage":"sk-SK"},{"@type":"Person","@id":"https:\/\/universofamilia.com\/el\/#\/schema\/person\/92fcd07e9b1f4323bf74f3170fc0f78a","name":"Matheus Sangaletti","image":{"@type":"ImageObject","inLanguage":"sk-SK","@id":"https:\/\/universofamilia.com\/el\/#\/schema\/person\/image\/","url":"https:\/\/secure.gravatar.com\/avatar\/280ea957a14a48e6a1ad2133d2cc27c9?s=96&d=mm&r=g","contentUrl":"https:\/\/secure.gravatar.com\/avatar\/280ea957a14a48e6a1ad2133d2cc27c9?s=96&d=mm&r=g","caption":"Matheus Sangaletti"},"url":"https:\/\/universofamilia.com\/sk\/author\/matheuss\/"}]}},"_links":{"self":[{"href":"https:\/\/universofamilia.com\/sk\/wp-json\/wp\/v2\/posts\/5859"}],"collection":[{"href":"https:\/\/universofamilia.com\/sk\/wp-json\/wp\/v2\/posts"}],"about":[{"href":"https:\/\/universofamilia.com\/sk\/wp-json\/wp\/v2\/types\/post"}],"author":[{"embeddable":true,"href":"https:\/\/universofamilia.com\/sk\/wp-json\/wp\/v2\/users\/219"}],"replies":[{"embeddable":true,"href":"https:\/\/universofamilia.com\/sk\/wp-json\/wp\/v2\/comments?post=5859"}],"version-history":[{"count":1,"href":"https:\/\/universofamilia.com\/sk\/wp-json\/wp\/v2\/posts\/5859\/revisions"}],"predecessor-version":[{"id":10038,"href":"https:\/\/universofamilia.com\/sk\/wp-json\/wp\/v2\/posts\/5859\/revisions\/10038"}],"wp:featuredmedia":[{"embeddable":true,"href":"https:\/\/universofamilia.com\/sk\/wp-json\/wp\/v2\/media\/5860"}],"wp:attachment":[{"href":"https:\/\/universofamilia.com\/sk\/wp-json\/wp\/v2\/media?parent=5859"}],"wp:term":[{"taxonomy":"category","embeddable":true,"href":"https:\/\/universofamilia.com\/sk\/wp-json\/wp\/v2\/categories?post=5859"},{"taxonomy":"post_tag","embeddable":true,"href":"https:\/\/universofamilia.com\/sk\/wp-json\/wp\/v2\/tags?post=5859"}],"curies":[{"name":"wp","href":"https:\/\/api.w.org\/{rel}","templated":true}]}}