{"id":6195,"date":"2024-07-03T21:24:21","date_gmt":"2024-07-04T00:24:21","guid":{"rendered":"https:\/\/universofamilia.com\/?p=6195"},"modified":"2024-07-03T21:24:21","modified_gmt":"2024-07-04T00:24:21","slug":"descubre-los-autos-mas-vendidos-de-cada-ano","status":"publish","type":"post","link":"https:\/\/universofamilia.com\/sk\/descubre-los-autos-mas-vendidos-de-cada-ano\/","title":{"rendered":"Objavte najpred\u00e1vanej\u0161ie aut\u00e1 ka\u017ed\u00e9ho roka"},"content":{"rendered":"<p>Prem\u00fd\u0161\u013eali ste niekedy nad t\u00fdm, ktor\u00e9 aut\u00e1 v minul\u00fdch desa\u0165ro\u010diach pozna\u010dili ur\u010dit\u00fa \u00e9ru a dominovali uliciam?<\/p>\n\n\n\n<p>Dnes presk\u00famame najpred\u00e1vanej\u0161ie aut\u00e1 ka\u017ed\u00e9ho roka od roku 1960 do roku 1995.<\/p>\n\n\n\n<p>Pripravte sa na cestu sp\u00e4\u0165 v \u010dase, pln\u00fa nostalgie a zauj\u00edmav\u00fdch faktov o t\u00fdchto vozidl\u00e1ch, ktor\u00e9 si z\u00edskali srdcia spotrebite\u013eov.<\/p>\n\n\n\n<h2 class=\"wp-block-heading\">60. roky 20. storo\u010dia<\/h2>\n\n\n\n<h3 class=\"wp-block-heading\">1960: Chevrolet Impala<\/h3>\n\n\n\n<p>Chevrolet Impala z roku 1960 bol synonymom elegancie a luxusu. V\u010faka svojmu zaoblen\u00e9mu dizajnu a chr\u00f3mov\u00fdm detailom pon\u00fakal pohodln\u00fd z\u00e1\u017eitok z jazdy.<\/p>\n\n\n\n<p>Toto auto, ktor\u00e9 bolo dostupn\u00e9 s v\u00fdkonn\u00fdmi motormi, bolo skuto\u010dn\u00fdm hitom u americk\u00fdch rod\u00edn, ktor\u00e9 h\u013eadali sofistikovanos\u0165 a v\u00fdkon.<\/p>\n\n\n\n<h3 class=\"wp-block-heading\">1961: Chevrolet Impala<\/h3>\n\n\n\n<p>Chevrolet Impala z roku 1961, nadv\u00e4zuj\u00faci na \u00faspech predch\u00e1dzaj\u00faceho roka, na\u010falej zostal symbolom dostupn\u00e9ho luxusu.<\/p>\n\n\n\n<p>Jeho atrakt\u00edvny dizajn a v\u00fdkonn\u00e9 motory mu zabezpe\u010dili popularitu u spotrebite\u013eov.<\/p>\n\n\n\n<h3 class=\"wp-block-heading\">1962: Chevrolet Impala<\/h3>\n\n\n\n<p>V roku 1962 bola Impala \u010falej vylep\u0161en\u00e1 o vylep\u0161enia v\u00fdkonu a pohodlia.<\/p>\n\n\n\n<p>V\u010faka motorom V8 bol tento model atrakt\u00edvny pre milovn\u00edkov r\u00fdchlosti.<\/p>\n\n\n\n<h3 class=\"wp-block-heading\">1963: Chevrolet Impala<\/h3>\n\n\n\n<p>Chevrolet Impala z roku 1963 sa vyzna\u010doval prepracovanej\u0161\u00edm a modernej\u0161\u00edm dizajnom, \u010d\u00edm si udr\u017eal svoju popularitu medzi spotrebite\u013emi.<\/p>\n\n\n\n<h3 class=\"wp-block-heading\">1964: Chevrolet Impala<\/h3>\n\n\n\n<p>V\u010faka ikonick\u00e9mu \u0161t\u00fdlu a mo\u017enostiam prisp\u00f4sobenia Impala z roku 1964 na\u010falej dominovala trhu.<\/p>\n\n\n\n<p>Kupuj\u00faci si mohli vybra\u0165 z nieko\u013ek\u00fdch konfigur\u00e1ci\u00ed motorov a v\u00fdbavy, \u010do ho e\u0161te viac zatrakt\u00edvnilo.<\/p>\n\n\n\n<h3 class=\"wp-block-heading\">1965: Chevrolet Impala<\/h3>\n\n\n\n<p>Model z roku 1965 bol aktualizovan\u00fd, aby z\u00edskal modernej\u0161\u00ed a elegantnej\u0161\u00ed vzh\u013ead, pri\u010dom si zachoval svoju cenovo dostupn\u00fa luxusn\u00fa pr\u00ed\u0165a\u017elivos\u0165.<\/p>\n\n\n\n<h3 class=\"wp-block-heading\">1966: Chevrolet Impala<\/h3>\n\n\n\n<p>V\u010faka v\u00fdkonnej\u0161\u00edm motorom a modernizovan\u00e9mu dizajnu zostala Impala z roku 1966 ob\u013e\u00fabenou medzi spotrebite\u013emi.<\/p>\n\n\n\n<h3 class=\"wp-block-heading\">1967: Chevrolet Impala<\/h3>\n\n\n\n<p>Chevrolet Impala z roku 1967 sa vyzna\u010doval \u0161portovej\u0161\u00edm vzh\u013eadom a udr\u017eal si svoju popularitu v\u010faka vysokov\u00fdkonn\u00fdm mo\u017enostiam.<\/p>\n\n\n\n<h3 class=\"wp-block-heading\">1968: Chevrolet Impala<\/h3>\n\n\n\n<p>V roku 1968 sa Impala na\u010falej vyv\u00edjala a pon\u00fakala viac mo\u017enost\u00ed motorov a lep\u0161\u00ed v\u00fdkon.<\/p>\n\n\n\n<h3 class=\"wp-block-heading\">1969: Chevrolet Impala<\/h3>\n\n\n\n<p>Model z roku 1969 zostal l\u00eddrom predaja v\u010faka elegantn\u00e9mu dizajnu a v\u00fdkonn\u00fdm motorom.<\/p>\n\n\n\n<p><\/p>\n\n\n\n<hr class=\"wp-block-separator has-text-color has-luminous-vivid-orange-color has-alpha-channel-opacity has-luminous-vivid-orange-background-color has-background\"\/>\n\n\n\n<h2 class=\"wp-block-heading\">Pre\u010d\u00edtajte si tie\u017e:<\/h2>\n\n\n\n<div class=\"wp-block-columns is-layout-flex wp-container-core-columns-layout-1 wp-block-columns-is-layout-flex\">\n<div class=\"wp-block-column is-layout-flow wp-block-column-is-layout-flow\">\n<div class=\"wp-block-buttons is-layout-flex wp-block-buttons-is-layout-flex\">\n<div class=\"wp-block-button has-custom-width wp-block-button__width-100 has-custom-font-size has-medium-font-size\" style=\"text-decoration:none\"><a class=\"wp-block-button__link has-white-color has-vivid-cyan-blue-background-color has-text-color has-background has-link-color has-text-align-left wp-element-button\" href=\"https:\/\/universofamilia.com\/sk\/5893\/acelera-tu-celular-despierta-tu-productividad\/\" style=\"border-radius:10px\" target=\"_blank\" rel=\"noreferrer noopener\"><font style=\"vertical-align: inherit;\"><font style=\"vertical-align: inherit;\">\ud83d\udccc Zr\u00fdchlite svoj mobiln\u00fd telef\u00f3n<\/font><\/font> &gt;<\/a><\/div>\n\n\n\n<div class=\"wp-block-button has-custom-width wp-block-button__width-100 has-custom-font-size has-medium-font-size\" style=\"text-decoration:none\"><a class=\"wp-block-button__link has-white-color has-vivid-cyan-blue-background-color has-text-color has-background has-link-color has-text-align-left wp-element-button\" href=\"https:\/\/universofamilia.com\/sk\/5869\/descubre-quien-te-esta-observando-en-las-redes-sociales\/\" style=\"border-radius:10px\" target=\"_blank\" rel=\"noreferrer noopener\"><font style=\"vertical-align: inherit;\"><font style=\"vertical-align: inherit;\"><font style=\"vertical-align: inherit;\"><font style=\"vertical-align: inherit;\">\ud83d\udccc Kto nav\u0161t\u00edvil v\u00e1\u0161 profil<\/font><\/font><\/font><\/font> &gt;<\/a><\/div>\n<\/div>\n<\/div>\n<\/div>\n\n\n\n<hr class=\"wp-block-separator has-text-color has-luminous-vivid-orange-color has-alpha-channel-opacity has-luminous-vivid-orange-background-color has-background\"\/>\n\n\n\n<p><\/p>\n\n\n\n<h2 class=\"wp-block-heading\">70. roky 20. storo\u010dia<\/h2>\n\n\n\n<h3 class=\"wp-block-heading\">1970: Chevrolet Chevelle<\/h3>\n\n\n\n<p>Chevrolet Chevelle z roku 1970 bol zn\u00e1my svoj\u00edm robustn\u00fdm v\u00fdkonom a agres\u00edvnym dizajnom. Ob\u013e\u00faben\u00fd bol najm\u00e4 u nad\u0161encov \u0161portov\u00fdch \u00e1ut.<\/p>\n\n\n\n<h3 class=\"wp-block-heading\">1971: Chevrolet Impala<\/h3>\n\n\n\n<p>Impala sa v roku 1971 vr\u00e1tila na vrchol a udr\u017eala si svoju pr\u00ed\u0165a\u017elivos\u0165 v\u010faka prepracovan\u00e9mu dizajnu a v\u00fdkonn\u00fdm motorom.<\/p>\n\n\n\n<h3 class=\"wp-block-heading\">1972: Chevrolet Impala<\/h3>\n\n\n\n<p>V roku 1972 Impala na\u010falej dominovala na trhu a pon\u00fakala pohodlie a v\u00fdkon v \u0161t\u00fdlovom balen\u00ed.<\/p>\n\n\n\n<h3 class=\"wp-block-heading\">1973: Chevrolet Monte Carlo<\/h3>\n\n\n\n<p>Chevrolet Monte Carlo z roku 1973 bol luxusn\u00fd automobil, ktor\u00fd pon\u00fakal plynul\u00e9 odpru\u017eenie a pohodln\u00fd interi\u00e9r, \u010d\u00edm si z\u00edskal mnoho fan\u00fa\u0161ikov.<\/p>\n\n\n\n<h3 class=\"wp-block-heading\">1974: Ford Pinto<\/h3>\n\n\n\n<p>Ford Pinto z roku 1974 bol kompaktn\u00fd a ekonomick\u00fd automobil, ob\u013e\u00faben\u00fd pre svoju n\u00edzku cenu a spotrebu paliva.<\/p>\n\n\n\n<h3 class=\"wp-block-heading\">1975: Chevrolet Impala<\/h3>\n\n\n\n<p>V roku 1975 sa Impala op\u00e4\u0165 stala favoritom v\u010faka vylep\u0161eniam v oblasti komfortu a v\u00fdkonu.<\/p>\n\n\n\n<h3 class=\"wp-block-heading\">1976: Oldsmobile Cutlass<\/h3>\n\n\n\n<p>Oldsmobile Cutlass z roku 1976 bol stredne ve\u013ek\u00fd automobil, ktor\u00fd pon\u00fakal kombin\u00e1ciu pohodlia, \u0161t\u00fdlu a v\u00fdkonu.<\/p>\n\n\n\n<h3 class=\"wp-block-heading\">1977: Oldsmobile Cutlass<\/h3>\n\n\n\n<p>V roku 1977 si Cutlass na\u010falej z\u00edskal ob\u013eubu v\u010faka svojmu \u0161t\u00fdlov\u00e9mu dizajnu a spo\u013eahliv\u00e9mu v\u00fdkonu.<\/p>\n\n\n\n<h3 class=\"wp-block-heading\">1978: Oldsmobile Cutlass<\/h3>\n\n\n\n<p>Model z roku 1978 zostal l\u00eddrom predaja a bol atrakt\u00edvny ako cenovo dostupn\u00e9 luxusn\u00e9 auto.<\/p>\n\n\n\n<h3 class=\"wp-block-heading\">1979: Oldsmobile Cutlass<\/h3>\n\n\n\n<p>V roku 1979 Cutlass na\u010falej l\u00e1kal kupcov svojou rovnov\u00e1hou medzi luxusom a v\u00fdkonom.<\/p>\n\n\n<div class=\"wp-block-image is-style-default\">\n<figure class=\"aligncenter size-full\"><img loading=\"lazy\" decoding=\"async\" width=\"550\" height=\"350\" src=\"http:\/\/universofamilia.com\/wp-content\/uploads\/sites\/148\/2024\/07\/P-550x350-1.jpg\" alt=\"\" class=\"wp-image-6196\" srcset=\"https:\/\/universofamilia.com\/wp-content\/uploads\/sites\/148\/2024\/07\/P-550x350-1.jpg 550w, https:\/\/universofamilia.com\/wp-content\/uploads\/sites\/148\/2024\/07\/P-550x350-1-300x191.jpg 300w\" sizes=\"(max-width: 550px) 100vw, 550px\" \/><figcaption class=\"wp-element-caption\">Objavte najpred\u00e1vanej\u0161ie aut\u00e1 ka\u017ed\u00e9ho roka<\/figcaption><\/figure><\/div>\n\n\n<h2 class=\"wp-block-heading\">80. roky<\/h2>\n\n\n\n<h3 class=\"wp-block-heading\">1980: Oldsmobile Cutlass<\/h3>\n\n\n\n<p>Oldsmobile Cutlass z roku 1980 zostal na vrchole svojej kari\u00e9ry v\u010faka modernizovan\u00e9mu dizajnu a pohodln\u00e9mu interi\u00e9ru.<\/p>\n\n\n\n<h3 class=\"wp-block-heading\">1981: Oldsmobile Cutlass<\/h3>\n\n\n\n<p>V roku 1981 zostal Cutlass ob\u013e\u00faben\u00fdm modelom medzi spotrebite\u013emi pre svoju spo\u013eahlivos\u0165 a \u0161t\u00fdl.<\/p>\n\n\n\n<h3 class=\"wp-block-heading\">1982: Ford Escort<\/h3>\n\n\n\n<p>Ford Escort z roku 1982 bol kompaktn\u00fd a ekonomick\u00fd automobil, ob\u013e\u00faben\u00fd pre svoju spotrebu paliva a cenov\u00fa dostupnos\u0165.<\/p>\n\n\n\n<h3 class=\"wp-block-heading\">1983: Oldsmobile Cutlass<\/h3>\n\n\n\n<p>Cutlass sa vr\u00e1til na vrchol v roku 1983 s vylep\u0161eniami v dizajne a pohodl\u00ed.<\/p>\n\n\n\n<h3 class=\"wp-block-heading\">1984: Chevrolet Cavalier<\/h3>\n\n\n\n<p>Chevrolet Cavalier z roku 1984 bol kompaktn\u00fd automobil, ktor\u00fd pon\u00fakal dobr\u00fa kombin\u00e1ciu v\u00fdkonu a spotreby paliva.<\/p>\n\n\n\n<h3 class=\"wp-block-heading\">1985: Chevrolet Cavalier<\/h3>\n\n\n\n<p>V roku 1985 zostal Cavalier ob\u013e\u00faben\u00fd u spotrebite\u013eov v\u010faka svojej dostupnosti a efektivite.<\/p>\n\n\n\n<h3 class=\"wp-block-heading\">1986: Celebrity od Chevroletu<\/h3>\n\n\n\n<p>Chevrolet Celebrity z roku 1986 bol stredne ve\u013ek\u00fd automobil, ktor\u00fd pon\u00fakal pohodlie a sol\u00eddny v\u00fdkon.<\/p>\n\n\n\n<h3 class=\"wp-block-heading\">1987: Ford Escort<\/h3>\n\n\n\n<p>Ford Escort z roku 1987 bol op\u00e4\u0165 favoritom, vynikal svojou spotrebou paliva a n\u00e1kladovou efekt\u00edvnos\u0165ou.<\/p>\n\n\n\n<h3 class=\"wp-block-heading\">1988: Ford Escort<\/h3>\n\n\n\n<p>V roku 1988 Escort na\u010falej viedol predaj v\u010faka svojej popularite medzi spotrebite\u013emi, ktor\u00ed h\u013eadali efektivitu a cenov\u00fa ponuku.<\/p>\n\n\n\n<h3 class=\"wp-block-heading\">1989: Honda Accord<\/h3>\n\n\n\n<p>Honda Accord z roku 1989 bol spo\u013eahliv\u00fd a efekt\u00edvny sedan, ktor\u00fd si za\u010dal z\u00edskava\u0165 popularitu v\u010faka svojej kvalite a v\u00fdkonu.<\/p>\n\n\n\n<h2 class=\"wp-block-heading\">90. roky<\/h2>\n\n\n\n<h3 class=\"wp-block-heading\">1990: Honda Accord<\/h3>\n\n\n\n<p>V roku 1990 zostal Accord ob\u013e\u00faben\u00fdm modelom, zn\u00e1mym svojou spo\u013eahlivos\u0165ou a efektivitou.<\/p>\n\n\n\n<h3 class=\"wp-block-heading\">1991: Ford Taurus<\/h3>\n\n\n\n<p>Ford Taurus z roku 1991 bol rodinn\u00fd sedan, ktor\u00fd pon\u00fakal dobr\u00fa kombin\u00e1ciu pohodlia, bezpe\u010dnosti a v\u00fdkonu.<\/p>\n\n\n\n<h3 class=\"wp-block-heading\">1992: Ford Taurus<\/h3>\n\n\n\n<p>V roku 1992 Taurus na\u010falej viedol v predaji v\u010faka vylep\u0161eniam v dizajne a technol\u00f3gii.<\/p>\n\n\n\n<h3 class=\"wp-block-heading\">1993: Ford Taurus<\/h3>\n\n\n\n<p>Model z roku 1993 zostal ob\u013e\u00faben\u00fd u americk\u00fdch rod\u00edn pre svoje pohodlie a bezpe\u010dnos\u0165.<\/p>\n\n\n\n<h3 class=\"wp-block-heading\">1994: Ford Taurus<\/h3>\n\n\n\n<p>V roku 1994 zostal Taurus ob\u013e\u00faben\u00fdm modelom v\u010faka svojmu spo\u013eahliv\u00e9mu v\u00fdkonu a zn\u00e1memu dizajnu.<\/p>\n\n\n\n<h3 class=\"wp-block-heading\">1995: Ford Taurus<\/h3>\n\n\n\n<p>V roku 1995 sa Taurus umiestnil na \u010dele zoznamu bestsellerov a zostal ob\u013e\u00faben\u00fd v\u010faka svojim bezpe\u010dnostn\u00fdm a komfortn\u00fdm prvkom.<\/p>\n\n\n\n<h2 class=\"wp-block-heading\">Z\u00e1ver<\/h2>\n\n\n\n<p>Tieto aut\u00e1 nielen definovali trendy, ale odr\u00e1\u017eali aj zmeny v preferenci\u00e1ch spotrebite\u013eov a technologick\u00e9 inov\u00e1cie v automobilovom priemysle v priebehu rokov.<\/p>\n\n\n\n<p>Chcete sa dozvedie\u0165 viac o v\u00fdvoji vozidiel a ich hist\u00f3rii? Pre viac inform\u00e1ci\u00ed a zauj\u00edmav\u00fdch faktov si ur\u010dite pozrite ni\u017e\u0161ie uveden\u00e9 odkazy.<\/p>\n\n\n\n<hr class=\"wp-block-separator has-alpha-channel-opacity\"\/>\n\n\n\n<p><strong>P\u00e1\u010dil sa v\u00e1m \u010dl\u00e1nok? Zdie\u013eajte to so svojimi priate\u013emi a rodinou, aby sa aj oni mohli dozvedie\u0165 o t\u00fdchto ikonick\u00fdch aut\u00e1ch!<\/strong><\/p>\n\n\n\n<h3 class=\"wp-block-heading\"><a href=\"https:\/\/pt.wikipedia.org\/wiki\/Autom%C3%B3vel\">Odkazy pre viac inform\u00e1ci\u00ed<\/a><\/h3>\n\n\n\n<hr class=\"wp-block-separator has-alpha-channel-opacity\"\/>\n\n\n\n<p>D\u00fafame, \u017ee ste sa t\u00fdmto \u010dl\u00e1nkom vr\u00e1tili v \u010dase a pripomenuli si trochu hist\u00f3rie automobilov, ktor\u00e9 definovali jednotliv\u00e9 desa\u0165ro\u010dia.<\/p>\n\n\n\n<p>Zosta\u0148te naladen\u00ed na \u010fal\u0161\u00ed informat\u00edvny a nostalgick\u00fd obsah!<\/p>\n\n\n\n<p><\/p>\n\n\n\n<hr class=\"wp-block-separator has-text-color has-luminous-vivid-orange-color has-alpha-channel-opacity has-luminous-vivid-orange-background-color has-background\"\/>\n\n\n\n<h2 class=\"wp-block-heading\">Pre\u010d\u00edtajte si tie\u017e:<\/h2>\n\n\n\n<div class=\"wp-block-columns is-layout-flex wp-container-core-columns-layout-2 wp-block-columns-is-layout-flex\">\n<div class=\"wp-block-column is-layout-flow wp-block-column-is-layout-flow\">\n<div class=\"wp-block-buttons is-layout-flex wp-block-buttons-is-layout-flex\">\n<div class=\"wp-block-button has-custom-width wp-block-button__width-100 has-custom-font-size has-medium-font-size\" style=\"text-decoration:none\"><a class=\"wp-block-button__link has-white-color has-vivid-cyan-blue-background-color has-text-color has-background has-link-color has-text-align-left wp-element-button\" href=\"https:\/\/universofamilia.com\/sk\/5893\/acelera-tu-celular-despierta-tu-productividad\/\" style=\"border-radius:10px\" target=\"_blank\" rel=\"noreferrer noopener\"><font style=\"vertical-align: inherit;\"><font style=\"vertical-align: inherit;\">\ud83d\udccc Zr\u00fdchlite svoj mobiln\u00fd telef\u00f3n<\/font><\/font> &gt;<\/a><\/div>\n\n\n\n<div class=\"wp-block-button has-custom-width wp-block-button__width-100 has-custom-font-size has-medium-font-size\" style=\"text-decoration:none\"><a class=\"wp-block-button__link has-white-color has-vivid-cyan-blue-background-color has-text-color has-background has-link-color has-text-align-left wp-element-button\" href=\"https:\/\/universofamilia.com\/sk\/5869\/descubre-quien-te-esta-observando-en-las-redes-sociales\/\" style=\"border-radius:10px\" target=\"_blank\" rel=\"noreferrer noopener\"><font style=\"vertical-align: inherit;\"><font style=\"vertical-align: inherit;\"><font style=\"vertical-align: inherit;\"><font style=\"vertical-align: inherit;\">\ud83d\udccc Kto nav\u0161t\u00edvil v\u00e1\u0161 profil<\/font><\/font><\/font><\/font> &gt;<\/a><\/div>\n<\/div>\n<\/div>\n<\/div>\n\n\n\n<hr class=\"wp-block-separator has-text-color has-luminous-vivid-orange-color has-alpha-channel-opacity has-luminous-vivid-orange-background-color has-background\"\/>\n\n\n\n<p><\/p>","protected":false},"excerpt":{"rendered":"<p>\u00bfAlguna vez te has preguntado cu\u00e1les fueron los autos que marcaron \u00e9poca y dominaron las calles en d\u00e9cadas pasadas? Hoy, exploraremos los autos m\u00e1s vendidos de cada a\u00f1o desde 1960 hasta 1995. Prep\u00e1rate para un viaje en el tiempo, lleno de nostalgia y curiosidades sobre estos veh\u00edculos que conquistaron el coraz\u00f3n de los consumidores. A\u00f1os [&hellip;]<\/p>","protected":false},"author":0,"featured_media":6196,"comment_status":"closed","ping_status":"open","sticky":false,"template":"","format":"standard","meta":{"footnotes":""},"categories":[5],"tags":[501,741],"yoast_head":"<!-- This site is optimized with the Yoast SEO plugin v23.3 - https:\/\/yoast.com\/wordpress\/plugins\/seo\/ -->\n<title>Descubre los Autos M\u00e1s Vendidos de Cada A\u00f1o - Universo Fam\u00edlia<\/title>\n<meta name=\"description\" content=\"Descubre los Autos M\u00e1s Vendidos de Cada A\u00f1o. \u00bfAlguna vez te has preguntado cu\u00e1les fueron los autos que marcaron \u00e9poca y dominaron...\" \/>\n<meta name=\"robots\" content=\"index, follow, max-snippet:-1, max-image-preview:large, max-video-preview:-1\" \/>\n<link rel=\"canonical\" href=\"https:\/\/universofamilia.com\/sk\/descubre-los-autos-mas-vendidos-de-cada-ano\/\" \/>\n<meta property=\"og:locale\" content=\"sk_SK\" \/>\n<meta property=\"og:type\" content=\"article\" \/>\n<meta property=\"og:title\" content=\"Descubre los Autos M\u00e1s Vendidos de Cada A\u00f1o - Universo Fam\u00edlia\" \/>\n<meta property=\"og:description\" content=\"Descubre los Autos M\u00e1s Vendidos de Cada A\u00f1o. \u00bfAlguna vez te has preguntado cu\u00e1les fueron los autos que marcaron \u00e9poca y dominaron...\" \/>\n<meta property=\"og:url\" content=\"https:\/\/universofamilia.com\/sk\/descubre-los-autos-mas-vendidos-de-cada-ano\/\" \/>\n<meta property=\"og:site_name\" content=\"Universo Fam\u00edlia\" \/>\n<meta property=\"article:published_time\" content=\"2024-07-04T00:24:21+00:00\" \/>\n<meta property=\"og:image\" content=\"https:\/\/universofamilia.com\/wp-content\/uploads\/sites\/148\/2024\/07\/P-550x350-1.jpg\" \/>\n\t<meta property=\"og:image:width\" content=\"550\" \/>\n\t<meta property=\"og:image:height\" content=\"350\" \/>\n\t<meta property=\"og:image:type\" content=\"image\/jpeg\" \/>\n<meta name=\"twitter:card\" content=\"summary_large_image\" \/>\n<meta name=\"twitter:label1\" content=\"Est. reading time\" \/>\n\t<meta name=\"twitter:data1\" content=\"7 min\u00fat\" \/>\n<script type=\"application\/ld+json\" class=\"yoast-schema-graph\">{\"@context\":\"https:\/\/schema.org\",\"@graph\":[{\"@type\":\"WebPage\",\"@id\":\"https:\/\/universofamilia.com\/descubre-los-autos-mas-vendidos-de-cada-ano\/\",\"url\":\"https:\/\/universofamilia.com\/descubre-los-autos-mas-vendidos-de-cada-ano\/\",\"name\":\"Descubre los Autos M\u00e1s Vendidos de Cada A\u00f1o - Universo Fam\u00edlia\",\"isPartOf\":{\"@id\":\"https:\/\/universofamilia.com\/el\/#website\"},\"primaryImageOfPage\":{\"@id\":\"https:\/\/universofamilia.com\/descubre-los-autos-mas-vendidos-de-cada-ano\/#primaryimage\"},\"image\":{\"@id\":\"https:\/\/universofamilia.com\/descubre-los-autos-mas-vendidos-de-cada-ano\/#primaryimage\"},\"thumbnailUrl\":\"https:\/\/universofamilia.com\/wp-content\/uploads\/sites\/148\/2024\/07\/P-550x350-1.jpg\",\"datePublished\":\"2024-07-04T00:24:21+00:00\",\"dateModified\":\"2024-07-04T00:24:21+00:00\",\"author\":{\"@id\":\"\"},\"description\":\"Descubre los Autos M\u00e1s Vendidos de Cada A\u00f1o. \u00bfAlguna vez te has preguntado cu\u00e1les fueron los autos que marcaron \u00e9poca y dominaron...\",\"breadcrumb\":{\"@id\":\"https:\/\/universofamilia.com\/descubre-los-autos-mas-vendidos-de-cada-ano\/#breadcrumb\"},\"inLanguage\":\"sk-SK\",\"potentialAction\":[{\"@type\":\"ReadAction\",\"target\":[\"https:\/\/universofamilia.com\/descubre-los-autos-mas-vendidos-de-cada-ano\/\"]}]},{\"@type\":\"ImageObject\",\"inLanguage\":\"sk-SK\",\"@id\":\"https:\/\/universofamilia.com\/descubre-los-autos-mas-vendidos-de-cada-ano\/#primaryimage\",\"url\":\"https:\/\/universofamilia.com\/wp-content\/uploads\/sites\/148\/2024\/07\/P-550x350-1.jpg\",\"contentUrl\":\"https:\/\/universofamilia.com\/wp-content\/uploads\/sites\/148\/2024\/07\/P-550x350-1.jpg\",\"width\":550,\"height\":350,\"caption\":\"Descubre los Autos M\u00e1s Vendidos de Cada A\u00f1o\"},{\"@type\":\"BreadcrumbList\",\"@id\":\"https:\/\/universofamilia.com\/descubre-los-autos-mas-vendidos-de-cada-ano\/#breadcrumb\",\"itemListElement\":[{\"@type\":\"ListItem\",\"position\":1,\"name\":\"Home\",\"item\":\"https:\/\/universofamilia.com\/el\/\"},{\"@type\":\"ListItem\",\"position\":2,\"name\":\"Descubre los Autos M\u00e1s Vendidos de Cada A\u00f1o\"}]},{\"@type\":\"WebSite\",\"@id\":\"https:\/\/universofamilia.com\/el\/#website\",\"url\":\"https:\/\/universofamilia.com\/el\/\",\"name\":\"Universo Fam\u00edlia\",\"description\":\"\",\"potentialAction\":[{\"@type\":\"SearchAction\",\"target\":{\"@type\":\"EntryPoint\",\"urlTemplate\":\"https:\/\/universofamilia.com\/el\/?s={search_term_string}\"},\"query-input\":\"required name=search_term_string\"}],\"inLanguage\":\"sk-SK\"}]}<\/script>\n<!-- \/ Yoast SEO plugin. -->","yoast_head_json":{"title":"Descubre los Autos M\u00e1s Vendidos de Cada A\u00f1o - Universo Fam\u00edlia","description":"Descubre los Autos M\u00e1s Vendidos de Cada A\u00f1o. \u00bfAlguna vez te has preguntado cu\u00e1les fueron los autos que marcaron \u00e9poca y dominaron...","robots":{"index":"index","follow":"follow","max-snippet":"max-snippet:-1","max-image-preview":"max-image-preview:large","max-video-preview":"max-video-preview:-1"},"canonical":"https:\/\/universofamilia.com\/sk\/descubre-los-autos-mas-vendidos-de-cada-ano\/","og_locale":"sk_SK","og_type":"article","og_title":"Descubre los Autos M\u00e1s Vendidos de Cada A\u00f1o - Universo Fam\u00edlia","og_description":"Descubre los Autos M\u00e1s Vendidos de Cada A\u00f1o. \u00bfAlguna vez te has preguntado cu\u00e1les fueron los autos que marcaron \u00e9poca y dominaron...","og_url":"https:\/\/universofamilia.com\/sk\/descubre-los-autos-mas-vendidos-de-cada-ano\/","og_site_name":"Universo Fam\u00edlia","article_published_time":"2024-07-04T00:24:21+00:00","og_image":[{"width":550,"height":350,"url":"https:\/\/universofamilia.com\/wp-content\/uploads\/sites\/148\/2024\/07\/P-550x350-1.jpg","type":"image\/jpeg"}],"twitter_card":"summary_large_image","twitter_misc":{"Est. reading time":"7 min\u00fat"},"schema":{"@context":"https:\/\/schema.org","@graph":[{"@type":"WebPage","@id":"https:\/\/universofamilia.com\/descubre-los-autos-mas-vendidos-de-cada-ano\/","url":"https:\/\/universofamilia.com\/descubre-los-autos-mas-vendidos-de-cada-ano\/","name":"Descubre los Autos M\u00e1s Vendidos de Cada A\u00f1o - Universo Fam\u00edlia","isPartOf":{"@id":"https:\/\/universofamilia.com\/el\/#website"},"primaryImageOfPage":{"@id":"https:\/\/universofamilia.com\/descubre-los-autos-mas-vendidos-de-cada-ano\/#primaryimage"},"image":{"@id":"https:\/\/universofamilia.com\/descubre-los-autos-mas-vendidos-de-cada-ano\/#primaryimage"},"thumbnailUrl":"https:\/\/universofamilia.com\/wp-content\/uploads\/sites\/148\/2024\/07\/P-550x350-1.jpg","datePublished":"2024-07-04T00:24:21+00:00","dateModified":"2024-07-04T00:24:21+00:00","author":{"@id":""},"description":"Descubre los Autos M\u00e1s Vendidos de Cada A\u00f1o. \u00bfAlguna vez te has preguntado cu\u00e1les fueron los autos que marcaron \u00e9poca y dominaron...","breadcrumb":{"@id":"https:\/\/universofamilia.com\/descubre-los-autos-mas-vendidos-de-cada-ano\/#breadcrumb"},"inLanguage":"sk-SK","potentialAction":[{"@type":"ReadAction","target":["https:\/\/universofamilia.com\/descubre-los-autos-mas-vendidos-de-cada-ano\/"]}]},{"@type":"ImageObject","inLanguage":"sk-SK","@id":"https:\/\/universofamilia.com\/descubre-los-autos-mas-vendidos-de-cada-ano\/#primaryimage","url":"https:\/\/universofamilia.com\/wp-content\/uploads\/sites\/148\/2024\/07\/P-550x350-1.jpg","contentUrl":"https:\/\/universofamilia.com\/wp-content\/uploads\/sites\/148\/2024\/07\/P-550x350-1.jpg","width":550,"height":350,"caption":"Descubre los Autos M\u00e1s Vendidos de Cada A\u00f1o"},{"@type":"BreadcrumbList","@id":"https:\/\/universofamilia.com\/descubre-los-autos-mas-vendidos-de-cada-ano\/#breadcrumb","itemListElement":[{"@type":"ListItem","position":1,"name":"Home","item":"https:\/\/universofamilia.com\/el\/"},{"@type":"ListItem","position":2,"name":"Descubre los Autos M\u00e1s Vendidos de Cada A\u00f1o"}]},{"@type":"WebSite","@id":"https:\/\/universofamilia.com\/el\/#website","url":"https:\/\/universofamilia.com\/el\/","name":"Universo Fam\u00edlia","description":"","potentialAction":[{"@type":"SearchAction","target":{"@type":"EntryPoint","urlTemplate":"https:\/\/universofamilia.com\/el\/?s={search_term_string}"},"query-input":"required name=search_term_string"}],"inLanguage":"sk-SK"}]}},"_links":{"self":[{"href":"https:\/\/universofamilia.com\/sk\/wp-json\/wp\/v2\/posts\/6195"}],"collection":[{"href":"https:\/\/universofamilia.com\/sk\/wp-json\/wp\/v2\/posts"}],"about":[{"href":"https:\/\/universofamilia.com\/sk\/wp-json\/wp\/v2\/types\/post"}],"replies":[{"embeddable":true,"href":"https:\/\/universofamilia.com\/sk\/wp-json\/wp\/v2\/comments?post=6195"}],"version-history":[{"count":0,"href":"https:\/\/universofamilia.com\/sk\/wp-json\/wp\/v2\/posts\/6195\/revisions"}],"wp:featuredmedia":[{"embeddable":true,"href":"https:\/\/universofamilia.com\/sk\/wp-json\/wp\/v2\/media\/6196"}],"wp:attachment":[{"href":"https:\/\/universofamilia.com\/sk\/wp-json\/wp\/v2\/media?parent=6195"}],"wp:term":[{"taxonomy":"category","embeddable":true,"href":"https:\/\/universofamilia.com\/sk\/wp-json\/wp\/v2\/categories?post=6195"},{"taxonomy":"post_tag","embeddable":true,"href":"https:\/\/universofamilia.com\/sk\/wp-json\/wp\/v2\/tags?post=6195"}],"curies":[{"name":"wp","href":"https:\/\/api.w.org\/{rel}","templated":true}]}}