{"id":6271,"date":"2024-07-16T13:04:00","date_gmt":"2024-07-16T16:04:00","guid":{"rendered":"https:\/\/universofamilia.com\/?p=6271"},"modified":"2024-07-16T13:04:00","modified_gmt":"2024-07-16T16:04:00","slug":"quien-gana-esta-disputa-waymo-o-tesla","status":"publish","type":"post","link":"https:\/\/universofamilia.com\/sk\/quien-gana-esta-disputa-waymo-o-tesla\/","title":{"rendered":"Kto vyhr\u00e1 tento spor? Waymo alebo Tesla?"},"content":{"rendered":"<p>Preteky vo v\u00fdvoji auton\u00f3mnych vozidiel boli jednou z najvzru\u0161uj\u00facej\u0161\u00edch technologick\u00fdch bitiek posledn\u00fdch rokov.<\/p>\n\n\n\n<p>Medzi hlavn\u00fdch konkurentov patria Waymo a Tesla.<\/p>\n\n\n\n<p>Obe spolo\u010dnosti s\u00fa v popred\u00ed tejto revol\u00facie, ale s dos\u0165 odli\u0161n\u00fdmi pr\u00edstupmi a strat\u00e9giami.<\/p>\n\n\n\n<p>V tomto \u010dl\u00e1nku presk\u00famame trajekt\u00f3rie spolo\u010dnost\u00ed Waymo a Tesla, ich technologick\u00e9 inov\u00e1cie, k\u013e\u00fa\u010dov\u00e9 rozdiely medzi nimi a investovan\u00e9 zdroje.<\/p>\n\n\n\n<p>Takto sa m\u00f4\u017eete rozhodn\u00fa\u0165, ktor\u00fd z t\u00fdchto technologick\u00fdch gigantov vedie preteky.<\/p>\n\n\n\n<h2 class=\"wp-block-heading\">Za\u010diatok ka\u017ed\u00e9ho podnikania<\/h2>\n\n\n\n<h3 class=\"wp-block-heading\">Waymo<\/h3>\n\n\n\n<p>Waymo, dc\u00e9rska spolo\u010dnos\u0165 Alphabet Inc. (materskej spolo\u010dnosti Google), bola zalo\u017een\u00e1 v roku 2009.<\/p>\n\n\n\n<p>Od za\u010diatku bolo poslan\u00edm spolo\u010dnosti Waymo zv\u00fd\u0161i\u0165 bezpe\u010dnos\u0165 a dostupnos\u0165 ciest prostredn\u00edctvom technol\u00f3gie auton\u00f3mnych vozidiel.<\/p>\n\n\n\n<p>Spolo\u010dnos\u0165 za\u010dala ako projekt auton\u00f3mnych \u00e1ut spolo\u010dnosti Google a v priebehu rokov vyvinula niektor\u00e9 z najpokro\u010dilej\u0161\u00edch technol\u00f3gi\u00ed auton\u00f3mneho riadenia na svete.<\/p>\n\n\n\n<h3 class=\"wp-block-heading\">Tesla<\/h3>\n\n\n\n<p>Teslu na druhej strane zalo\u017eil Elon Musk v roku 2003 s p\u00f4vodn\u00fdm zameran\u00edm na elektromobily.<\/p>\n\n\n\n<p>Muskovou amb\u00edciou v\u017edy bolo ur\u00fdchli\u0165 prechod sveta na udr\u017eate\u013en\u00fa energiu.<\/p>\n\n\n\n<p>Od roku 2014 za\u010dala spolo\u010dnos\u0165 Tesla do svojich vozidiel zav\u00e1dza\u0165 technol\u00f3giu auton\u00f3mneho riadenia a t\u00fato iniciat\u00edvu nazvala \u201eAutopilot\u201c.<\/p>\n\n\n\n<p>Odvtedy je Tesla dominantn\u00fdm menom na trhu s elektromobilmi aj vo v\u00fdvoji auton\u00f3mnych vozidiel.<\/p>\n\n\n\n<p><\/p>\n\n\n\n<hr class=\"wp-block-separator has-text-color has-luminous-vivid-orange-color has-alpha-channel-opacity has-luminous-vivid-orange-background-color has-background\"\/>\n\n\n\n<h2 class=\"wp-block-heading\">Pre\u010d\u00edtajte si tie\u017e:<\/h2>\n\n\n\n<div class=\"wp-block-columns is-layout-flex wp-container-core-columns-layout-1 wp-block-columns-is-layout-flex\">\n<div class=\"wp-block-column is-layout-flow wp-block-column-is-layout-flow\">\n<div class=\"wp-block-buttons is-layout-flex wp-block-buttons-is-layout-flex\">\n<div class=\"wp-block-button has-custom-width wp-block-button__width-100 has-custom-font-size has-medium-font-size\" style=\"text-decoration:none\"><a class=\"wp-block-button__link has-white-color has-vivid-cyan-blue-background-color has-text-color has-background has-link-color has-text-align-left wp-element-button\" href=\"https:\/\/universofamilia.com\/sk\/5893\/acelera-tu-celular-despierta-tu-productividad\/\" style=\"border-radius:10px\" target=\"_blank\" rel=\"noreferrer noopener\"><font style=\"vertical-align: inherit;\"><font style=\"vertical-align: inherit;\">\ud83d\udccc Zr\u00fdchlite svoj mobiln\u00fd telef\u00f3n<\/font><\/font> &gt;<\/a><\/div>\n\n\n\n<div class=\"wp-block-button has-custom-width wp-block-button__width-100 has-custom-font-size has-medium-font-size\" style=\"text-decoration:none\"><a class=\"wp-block-button__link has-white-color has-vivid-cyan-blue-background-color has-text-color has-background has-link-color has-text-align-left wp-element-button\" href=\"https:\/\/universofamilia.com\/sk\/5869\/descubre-quien-te-esta-observando-en-las-redes-sociales\/\" style=\"border-radius:10px\" target=\"_blank\" rel=\"noreferrer noopener\"><font style=\"vertical-align: inherit;\"><font style=\"vertical-align: inherit;\"><font style=\"vertical-align: inherit;\"><font style=\"vertical-align: inherit;\">\ud83d\udccc Kto nav\u0161t\u00edvil v\u00e1\u0161 profil<\/font><\/font><\/font><\/font> &gt;<\/a><\/div>\n<\/div>\n<\/div>\n<\/div>\n\n\n\n<hr class=\"wp-block-separator has-text-color has-luminous-vivid-orange-color has-alpha-channel-opacity has-luminous-vivid-orange-background-color has-background\"\/>\n\n\n\n<p><\/p>\n\n\n\n<h2 class=\"wp-block-heading\">Technologick\u00e1 inov\u00e1cia<\/h2>\n\n\n\n<h3 class=\"wp-block-heading\">Waymo<\/h3>\n\n\n\n<p>Waymo vyu\u017e\u00edva pokro\u010dil\u00fa kombin\u00e1ciu senzorov vr\u00e1tane LiDAR (detekcia a meranie vzdialenosti svetla), kamier a radarov na navig\u00e1ciu a mapovanie prostredia okolo vozidla.<\/p>\n\n\n\n<p>LiDAR je obzvl\u00e1\u0161\u0165 efekt\u00edvny pri vytv\u00e1ran\u00ed detailn\u00fdch 3D m\u00e1p, \u010do umo\u017e\u0148uje auton\u00f3mnym vozidl\u00e1m \u201evidie\u0165\u201c svoje okolie s milimetrovou presnos\u0165ou.<\/p>\n\n\n\n<p>Okrem toho spolo\u010dnos\u0165 Waymo vyvinula sofistikovan\u00fd softv\u00e9r s umelou inteligenciou, ktor\u00fd sa u\u010d\u00ed a prisp\u00f4sobuje r\u00f4znym jazdn\u00fdm situ\u00e1ci\u00e1m.<\/p>\n\n\n\n<h3 class=\"wp-block-heading\">Tesla<\/h3>\n\n\n\n<p>Tesla vol\u00ed in\u00fd pr\u00edstup a zameriava sa predov\u0161etk\u00fdm na kamery a radary pre svoje auton\u00f3mne jazdn\u00e9 schopnosti.<\/p>\n\n\n\n<p>Elon Musk bol hlasn\u00fdm kritikom LiDARu a tvrdil, \u017ee technol\u00f3gia je drah\u00e1 a zbyto\u010dn\u00e1.<\/p>\n\n\n\n<p>Tesla sa namiesto toho spolieha na pokro\u010dil\u00fa neur\u00f3nov\u00fa sie\u0165 na spracovanie z\u00e1znamov z kamier, \u010do umo\u017e\u0148uje syst\u00e9mom Autopilot a Full Self-Driving (FSD) neust\u00e1le sa u\u010di\u0165 a zlep\u0161ova\u0165 prostredn\u00edctvom bezdr\u00f4tov\u00fdch aktualiz\u00e1ci\u00ed softv\u00e9ru.<\/p>\n\n\n\n<h2 class=\"wp-block-heading\">Hlavn\u00e9 rozdiely<\/h2>\n\n\n\n<h3 class=\"wp-block-heading\">Technologick\u00fd pr\u00edstup<\/h3>\n\n\n\n<p>Hlavn\u00fd rozdiel medzi Waymom a Teslou spo\u010d\u00edva v ich technologickom pr\u00edstupe. Waymo v\u00fdrazne investuje do LiDAR, zatia\u013e \u010do Tesla sa spolieha na kamery a radar.<\/p>\n\n\n\n<p>To odr\u00e1\u017ea z\u00e1sadne odli\u0161n\u00fa filozofiu o tom, ako by mali auton\u00f3mne vozidl\u00e1 \u201evidie\u0165\u201c svet.<\/p>\n\n\n\n<h3 class=\"wp-block-heading\">\u00darove\u0148 auton\u00f3mie<\/h3>\n\n\n\n<p>Spolo\u010dnos\u0165 Waymo testuje a prev\u00e1dzkuje flotily auton\u00f3mnych tax\u00edkov v americk\u00fdch mest\u00e1ch, ako je Phoenix v Arizone. Jej vozidl\u00e1 s\u00fa v ur\u010dit\u00fdch oblastiach schopn\u00e9 jazdi\u0165 bez bezpe\u010dnostn\u00e9ho vodi\u010da. Tesla na druhej strane st\u00e1le vy\u017eaduje, aby boli vodi\u010di kedyko\u013evek pripraven\u00ed prevzia\u0165 riadenie, a to aj s povolen\u00fdm plne auton\u00f3mnym riaden\u00edm.<\/p>\n\n\n\n<h3 class=\"wp-block-heading\">Obchodn\u00fd model<\/h3>\n\n\n\n<p>Waymo sa zameriava na v\u00fdvoj samojazdiacich taxislu\u017eieb, zatia\u013e \u010do Tesla pred\u00e1va samojazdiace vozidl\u00e1 priamo spotrebite\u013eom.<\/p>\n\n\n\n<p>To znamen\u00e1, \u017ee pou\u017e\u00edvate\u013esk\u00e1 sk\u00fasenos\u0165 s auton\u00f3mnou technol\u00f3giou od Tesly je integrovan\u00e1 do vlastn\u00edctva auta, zatia\u013e \u010do Waymo je zalo\u017een\u00e9 na servisnom modeli.<\/p>\n\n\n\n<h2 class=\"wp-block-heading\">Investovan\u00e9 zdroje<\/h2>\n\n\n\n<h3 class=\"wp-block-heading\">Waymo<\/h3>\n\n\n\n<p>Spolo\u010dnos\u0165 Waymo z\u00edskala zna\u010dn\u00e9 invest\u00edcie od spolo\u010dnosti Alphabet Inc. a \u010fal\u0161\u00edch investorov. Projekt \u0165a\u017e\u00ed z rozsiahleho dostupn\u00e9ho kapit\u00e1lu spolo\u010dnosti Alphabet a pr\u00edstupu k najmodernej\u0161\u00edm technol\u00f3gi\u00e1m.<\/p>\n\n\n\n<p>Spolo\u010dnos\u0165 Waymo m\u00e1 tie\u017e partnerstv\u00e1 s v\u00fdrobcami automobilov s cie\u013eom integrova\u0165 svoju technol\u00f3giu do r\u00f4znych platforiem vozidiel.<\/p>\n\n\n\n<h3 class=\"wp-block-heading\">Tesla<\/h3>\n\n\n\n<p>Tesla reinvestuje ve\u013ek\u00fa \u010das\u0165 svojho zisku do v\u00fdskumu a v\u00fdvoja technol\u00f3gie auton\u00f3mneho riadenia.<\/p>\n\n\n\n<p>Elon Musk \u010dasto zd\u00f4raz\u0148uje, \u017ee v\u00fdvoj autopilota a plne auton\u00f3mneho riadenia je k\u013e\u00fa\u010dov\u00fd pre bud\u00facnos\u0165 spolo\u010dnosti.<\/p>\n\n\n\n<p>Tesla tie\u017e vyu\u017e\u00edva \u00fadaje z mili\u00f3nov najazden\u00fdch kilometrov jej vozidiel na neust\u00e1le zlep\u0161ovanie svojich auton\u00f3mnych syst\u00e9mov.<\/p>\n\n\n<div class=\"wp-block-image\">\n<figure class=\"aligncenter size-full\"><img loading=\"lazy\" decoding=\"async\" width=\"550\" height=\"350\" src=\"http:\/\/universofamilia.com\/wp-content\/uploads\/sites\/148\/2024\/07\/P-550x350-6-1.jpg\" alt=\"\" class=\"wp-image-6272\" srcset=\"https:\/\/universofamilia.com\/wp-content\/uploads\/sites\/148\/2024\/07\/P-550x350-6-1.jpg 550w, https:\/\/universofamilia.com\/wp-content\/uploads\/sites\/148\/2024\/07\/P-550x350-6-1-300x191.jpg 300w\" sizes=\"(max-width: 550px) 100vw, 550px\" \/><figcaption class=\"wp-element-caption\">Kto vyhr\u00e1 tento spor? Waymo alebo Tesla?<\/figcaption><\/figure><\/div>\n\n\n<h2 class=\"wp-block-heading\">Kto je vo veden\u00ed?<\/h2>\n\n\n\n<p>Odpove\u010f na t\u00fato ot\u00e1zku z\u00e1vis\u00ed od krit\u00e9ri\u00ed pou\u017eit\u00fdch na meranie \u00faspe\u0161nosti.<\/p>\n\n\n\n<p>Z h\u013eadiska \u010distej technol\u00f3gie a bezpe\u010dnosti mo\u017eno Waymo pova\u017eova\u0165 za l\u00eddra, najm\u00e4 v\u010faka pokro\u010dil\u00e9mu vyu\u017e\u00edvaniu LiDAR a auton\u00f3mnej prev\u00e1dzke taxislu\u017eieb v americk\u00fdch mest\u00e1ch.<\/p>\n\n\n\n<p>Spolo\u010dnos\u0165 Tesla je v\u0161ak v\u0161eobecne uzn\u00e1van\u00e1 pre svoj inovat\u00edvny pr\u00edstup a schopnos\u0165 r\u00fdchlo nasadi\u0165 aktualiz\u00e1cie softv\u00e9ru na zlep\u0161enie auton\u00f3mnej funk\u010dnosti svojich vozidiel.<\/p>\n\n\n\n<h3 class=\"wp-block-heading\">Odkazy pre viac inform\u00e1ci\u00ed<\/h3>\n\n\n\n<ul>\n<li><a href=\"https:\/\/waymo.com\" target=\"_blank\" rel=\"noreferrer noopener\">Waymo<\/a><\/li>\n\n\n\n<li><a href=\"https:\/\/tesla.com\" target=\"_blank\" rel=\"noreferrer noopener\">Tesla<\/a><\/li>\n<\/ul>\n\n\n\n<h2 class=\"wp-block-heading\">Z\u00e1ver<\/h2>\n\n\n\n<p>Waymo aj Tesla pos\u00favaj\u00fa hranice technol\u00f3gie auton\u00f3mnych vozidiel, ale s odli\u0161n\u00fdmi pr\u00edstupmi a strat\u00e9giami.<\/p>\n\n\n\n<p>Waymo sa zameriava na bezpe\u010dnos\u0165 a presnos\u0165 pomocou LiDAR a auton\u00f3mnych tax\u00edkov, zatia\u013e \u010do Tesla sa zameriava na efekt\u00edvnos\u0165 a \u0161k\u00e1lovate\u013enos\u0165 pomocou kamier a radarov integrovan\u00fdch do spotrebite\u013esk\u00fdch vozidiel.<\/p>\n\n\n\n<p>V kone\u010dnom d\u00f4sledku je st\u00e1le ot\u00e1zne, kto v tomto boji vyhraje, ale pokra\u010duj\u00faci pokrok oboch spolo\u010dnost\u00ed s\u013eubuje vzru\u0161uj\u00facu bud\u00facnos\u0165 auton\u00f3mnej mobility.<\/p>\n\n\n\n<p>Zdie\u013eajte tento \u010dl\u00e1nok so svojimi priate\u013emi, aby sa v\u0161etci mohli dozvedie\u0165 viac o tejto fascinuj\u00facej technologickej s\u00fa\u0165a\u017ei!<\/p>","protected":false},"excerpt":{"rendered":"<p>Preteky vo v\u00fdvoji auton\u00f3mnych vozidiel boli v posledn\u00fdch rokoch jednou z najvzru\u0161uj\u00facej\u0161\u00edch technologick\u00fdch bitiek. Medzi hlavn\u00fdch konkurentov patria Waymo a Tesla. Obe spolo\u010dnosti s\u00fa v popred\u00ed tejto revol\u00facie, ale s dos\u0165 odli\u0161n\u00fdmi pr\u00edstupmi a strat\u00e9giami. V tomto \u010dl\u00e1nku presk\u00famame trajekt\u00f3rie spolo\u010dnost\u00ed Waymo a Tesla.<\/p>","protected":false},"author":0,"featured_media":6272,"comment_status":"closed","ping_status":"open","sticky":false,"template":"","format":"standard","meta":{"footnotes":""},"categories":[5],"tags":[22,26,27],"yoast_head":"<!-- This site is optimized with the Yoast SEO plugin v23.3 - https:\/\/yoast.com\/wordpress\/plugins\/seo\/ -->\n<title>\u00bfQui\u00e9n Gana esta Disputa? \u00bfWaymo o Tesla? - Universo Fam\u00edlia<\/title>\n<meta name=\"description\" content=\"\u00bfQui\u00e9n Gana esta Disputa? \u00bfWaymo o Tesla?. La carrera por el desarrollo de veh\u00edculos aut\u00f3nomos ha sido una de las disputas tecnol\u00f3gicas...\" \/>\n<meta name=\"robots\" content=\"index, follow, max-snippet:-1, max-image-preview:large, max-video-preview:-1\" \/>\n<link rel=\"canonical\" href=\"http:\/\/universofamilia.com\/sk\/quien-gana-esta-disputa-waymo-o-tesla\/\" \/>\n<meta property=\"og:locale\" content=\"sk_SK\" \/>\n<meta property=\"og:type\" content=\"article\" \/>\n<meta property=\"og:title\" content=\"\u00bfQui\u00e9n Gana esta Disputa? \u00bfWaymo o Tesla? - Universo Fam\u00edlia\" \/>\n<meta property=\"og:description\" content=\"\u00bfQui\u00e9n Gana esta Disputa? \u00bfWaymo o Tesla?. La carrera por el desarrollo de veh\u00edculos aut\u00f3nomos ha sido una de las disputas tecnol\u00f3gicas...\" \/>\n<meta property=\"og:url\" content=\"http:\/\/universofamilia.com\/sk\/quien-gana-esta-disputa-waymo-o-tesla\/\" \/>\n<meta property=\"og:site_name\" content=\"Universo Fam\u00edlia\" \/>\n<meta property=\"article:published_time\" content=\"2024-07-16T16:04:00+00:00\" \/>\n<meta property=\"og:image\" content=\"http:\/\/universofamilia.com\/wp-content\/uploads\/sites\/148\/2024\/07\/P-550x350-6-1.jpg\" \/>\n\t<meta property=\"og:image:width\" content=\"550\" \/>\n\t<meta property=\"og:image:height\" content=\"350\" \/>\n\t<meta property=\"og:image:type\" content=\"image\/jpeg\" \/>\n<meta name=\"twitter:card\" content=\"summary_large_image\" \/>\n<meta name=\"twitter:label1\" content=\"Est. reading time\" \/>\n\t<meta name=\"twitter:data1\" content=\"6 min\u00fat\" \/>\n<script type=\"application\/ld+json\" class=\"yoast-schema-graph\">{\"@context\":\"https:\/\/schema.org\",\"@graph\":[{\"@type\":\"WebPage\",\"@id\":\"http:\/\/universofamilia.com\/ru\/quien-gana-esta-disputa-waymo-o-tesla\/\",\"url\":\"http:\/\/universofamilia.com\/ru\/quien-gana-esta-disputa-waymo-o-tesla\/\",\"name\":\"\u00bfQui\u00e9n Gana esta Disputa? \u00bfWaymo o Tesla? - Universo Fam\u00edlia\",\"isPartOf\":{\"@id\":\"http:\/\/universofamilia.com\/zh_hk\/#website\"},\"primaryImageOfPage\":{\"@id\":\"http:\/\/universofamilia.com\/ru\/quien-gana-esta-disputa-waymo-o-tesla\/#primaryimage\"},\"image\":{\"@id\":\"http:\/\/universofamilia.com\/ru\/quien-gana-esta-disputa-waymo-o-tesla\/#primaryimage\"},\"thumbnailUrl\":\"https:\/\/universofamilia.com\/wp-content\/uploads\/sites\/148\/2024\/07\/P-550x350-6-1.jpg\",\"datePublished\":\"2024-07-16T16:04:00+00:00\",\"dateModified\":\"2024-07-16T16:04:00+00:00\",\"author\":{\"@id\":\"\"},\"description\":\"\u00bfQui\u00e9n Gana esta Disputa? \u00bfWaymo o Tesla?. La carrera por el desarrollo de veh\u00edculos aut\u00f3nomos ha sido una de las disputas tecnol\u00f3gicas...\",\"breadcrumb\":{\"@id\":\"http:\/\/universofamilia.com\/ru\/quien-gana-esta-disputa-waymo-o-tesla\/#breadcrumb\"},\"inLanguage\":\"sk-SK\",\"potentialAction\":[{\"@type\":\"ReadAction\",\"target\":[\"http:\/\/universofamilia.com\/ru\/quien-gana-esta-disputa-waymo-o-tesla\/\"]}]},{\"@type\":\"ImageObject\",\"inLanguage\":\"sk-SK\",\"@id\":\"http:\/\/universofamilia.com\/ru\/quien-gana-esta-disputa-waymo-o-tesla\/#primaryimage\",\"url\":\"https:\/\/universofamilia.com\/wp-content\/uploads\/sites\/148\/2024\/07\/P-550x350-6-1.jpg\",\"contentUrl\":\"https:\/\/universofamilia.com\/wp-content\/uploads\/sites\/148\/2024\/07\/P-550x350-6-1.jpg\",\"width\":550,\"height\":350,\"caption\":\"\u00bfQui\u00e9n Gana esta Disputa? \u00bfWaymo o Tesla?\"},{\"@type\":\"BreadcrumbList\",\"@id\":\"http:\/\/universofamilia.com\/ru\/quien-gana-esta-disputa-waymo-o-tesla\/#breadcrumb\",\"itemListElement\":[{\"@type\":\"ListItem\",\"position\":1,\"name\":\"Home\",\"item\":\"http:\/\/universofamilia.com\/zh_hk\/\"},{\"@type\":\"ListItem\",\"position\":2,\"name\":\"\u00bfQui\u00e9n Gana esta Disputa? \u00bfWaymo o Tesla?\"}]},{\"@type\":\"WebSite\",\"@id\":\"http:\/\/universofamilia.com\/zh_hk\/#website\",\"url\":\"http:\/\/universofamilia.com\/zh_hk\/\",\"name\":\"Universo Fam\u00edlia\",\"description\":\"\",\"potentialAction\":[{\"@type\":\"SearchAction\",\"target\":{\"@type\":\"EntryPoint\",\"urlTemplate\":\"http:\/\/universofamilia.com\/zh_hk\/?s={search_term_string}\"},\"query-input\":\"required name=search_term_string\"}],\"inLanguage\":\"sk-SK\"}]}<\/script>\n<!-- \/ Yoast SEO plugin. -->","yoast_head_json":{"title":"\u00bfQui\u00e9n Gana esta Disputa? \u00bfWaymo o Tesla? - Universo Fam\u00edlia","description":"\u00bfQui\u00e9n Gana esta Disputa? \u00bfWaymo o Tesla?. La carrera por el desarrollo de veh\u00edculos aut\u00f3nomos ha sido una de las disputas tecnol\u00f3gicas...","robots":{"index":"index","follow":"follow","max-snippet":"max-snippet:-1","max-image-preview":"max-image-preview:large","max-video-preview":"max-video-preview:-1"},"canonical":"http:\/\/universofamilia.com\/sk\/quien-gana-esta-disputa-waymo-o-tesla\/","og_locale":"sk_SK","og_type":"article","og_title":"\u00bfQui\u00e9n Gana esta Disputa? \u00bfWaymo o Tesla? - Universo Fam\u00edlia","og_description":"\u00bfQui\u00e9n Gana esta Disputa? \u00bfWaymo o Tesla?. La carrera por el desarrollo de veh\u00edculos aut\u00f3nomos ha sido una de las disputas tecnol\u00f3gicas...","og_url":"http:\/\/universofamilia.com\/sk\/quien-gana-esta-disputa-waymo-o-tesla\/","og_site_name":"Universo Fam\u00edlia","article_published_time":"2024-07-16T16:04:00+00:00","og_image":[{"width":550,"height":350,"url":"http:\/\/universofamilia.com\/wp-content\/uploads\/sites\/148\/2024\/07\/P-550x350-6-1.jpg","type":"image\/jpeg"}],"twitter_card":"summary_large_image","twitter_misc":{"Est. reading time":"6 min\u00fat"},"schema":{"@context":"https:\/\/schema.org","@graph":[{"@type":"WebPage","@id":"http:\/\/universofamilia.com\/ru\/quien-gana-esta-disputa-waymo-o-tesla\/","url":"http:\/\/universofamilia.com\/ru\/quien-gana-esta-disputa-waymo-o-tesla\/","name":"\u00bfQui\u00e9n Gana esta Disputa? \u00bfWaymo o Tesla? - Universo Fam\u00edlia","isPartOf":{"@id":"http:\/\/universofamilia.com\/zh_hk\/#website"},"primaryImageOfPage":{"@id":"http:\/\/universofamilia.com\/ru\/quien-gana-esta-disputa-waymo-o-tesla\/#primaryimage"},"image":{"@id":"http:\/\/universofamilia.com\/ru\/quien-gana-esta-disputa-waymo-o-tesla\/#primaryimage"},"thumbnailUrl":"https:\/\/universofamilia.com\/wp-content\/uploads\/sites\/148\/2024\/07\/P-550x350-6-1.jpg","datePublished":"2024-07-16T16:04:00+00:00","dateModified":"2024-07-16T16:04:00+00:00","author":{"@id":""},"description":"\u00bfQui\u00e9n Gana esta Disputa? \u00bfWaymo o Tesla?. La carrera por el desarrollo de veh\u00edculos aut\u00f3nomos ha sido una de las disputas tecnol\u00f3gicas...","breadcrumb":{"@id":"http:\/\/universofamilia.com\/ru\/quien-gana-esta-disputa-waymo-o-tesla\/#breadcrumb"},"inLanguage":"sk-SK","potentialAction":[{"@type":"ReadAction","target":["http:\/\/universofamilia.com\/ru\/quien-gana-esta-disputa-waymo-o-tesla\/"]}]},{"@type":"ImageObject","inLanguage":"sk-SK","@id":"http:\/\/universofamilia.com\/ru\/quien-gana-esta-disputa-waymo-o-tesla\/#primaryimage","url":"https:\/\/universofamilia.com\/wp-content\/uploads\/sites\/148\/2024\/07\/P-550x350-6-1.jpg","contentUrl":"https:\/\/universofamilia.com\/wp-content\/uploads\/sites\/148\/2024\/07\/P-550x350-6-1.jpg","width":550,"height":350,"caption":"\u00bfQui\u00e9n Gana esta Disputa? \u00bfWaymo o Tesla?"},{"@type":"BreadcrumbList","@id":"http:\/\/universofamilia.com\/ru\/quien-gana-esta-disputa-waymo-o-tesla\/#breadcrumb","itemListElement":[{"@type":"ListItem","position":1,"name":"Home","item":"http:\/\/universofamilia.com\/zh_hk\/"},{"@type":"ListItem","position":2,"name":"\u00bfQui\u00e9n Gana esta Disputa? \u00bfWaymo o Tesla?"}]},{"@type":"WebSite","@id":"http:\/\/universofamilia.com\/zh_hk\/#website","url":"http:\/\/universofamilia.com\/zh_hk\/","name":"Universo Fam\u00edlia","description":"","potentialAction":[{"@type":"SearchAction","target":{"@type":"EntryPoint","urlTemplate":"http:\/\/universofamilia.com\/zh_hk\/?s={search_term_string}"},"query-input":"required name=search_term_string"}],"inLanguage":"sk-SK"}]}},"_links":{"self":[{"href":"https:\/\/universofamilia.com\/sk\/wp-json\/wp\/v2\/posts\/6271"}],"collection":[{"href":"https:\/\/universofamilia.com\/sk\/wp-json\/wp\/v2\/posts"}],"about":[{"href":"https:\/\/universofamilia.com\/sk\/wp-json\/wp\/v2\/types\/post"}],"replies":[{"embeddable":true,"href":"https:\/\/universofamilia.com\/sk\/wp-json\/wp\/v2\/comments?post=6271"}],"version-history":[{"count":0,"href":"https:\/\/universofamilia.com\/sk\/wp-json\/wp\/v2\/posts\/6271\/revisions"}],"wp:featuredmedia":[{"embeddable":true,"href":"https:\/\/universofamilia.com\/sk\/wp-json\/wp\/v2\/media\/6272"}],"wp:attachment":[{"href":"https:\/\/universofamilia.com\/sk\/wp-json\/wp\/v2\/media?parent=6271"}],"wp:term":[{"taxonomy":"category","embeddable":true,"href":"https:\/\/universofamilia.com\/sk\/wp-json\/wp\/v2\/categories?post=6271"},{"taxonomy":"post_tag","embeddable":true,"href":"https:\/\/universofamilia.com\/sk\/wp-json\/wp\/v2\/tags?post=6271"}],"curies":[{"name":"wp","href":"https:\/\/api.w.org\/{rel}","templated":true}]}}