{"id":6630,"date":"2024-09-27T15:24:10","date_gmt":"2024-09-27T18:24:10","guid":{"rendered":"https:\/\/universofamilia.com\/?p=6630"},"modified":"2024-09-27T15:24:10","modified_gmt":"2024-09-27T18:24:10","slug":"te-para-combatir-insomnio-ansiedad","status":"publish","type":"post","link":"https:\/\/universofamilia.com\/sk\/te-para-combatir-insomnio-ansiedad\/","title":{"rendered":"\u010caj na boj proti nespavosti a \u00fazkosti"},"content":{"rendered":"<p>Nespavos\u0165 a \u00fazkos\u0165 s\u00fa probl\u00e9my, ktor\u00e9 postihuj\u00fa mili\u00f3ny \u013eud\u00ed na celom svete.<\/p>\n\n\n\n<p>H\u013eadanie pr\u00edrodn\u00fdch rie\u0161en\u00ed, ako s\u00fa \u010daje, m\u00f4\u017ee by\u0165 skvel\u00fdm sp\u00f4sobom, ako zlep\u0161i\u0165 kvalitu sp\u00e1nku a efekt\u00edvne a bez ved\u013eaj\u0161\u00edch \u00fa\u010dinkov zn\u00ed\u017ei\u0165 stres.<\/p>\n\n\n\n<p>V tomto \u010dl\u00e1nku presk\u00famame v\u00fdhody \u010dajov v boji proti nespavosti a \u00fazkosti a tie\u017e v\u00e1m predstav\u00edme ich aplik\u00e1ciu. <em>Pokoj<\/em>, u\u017eito\u010dn\u00fd n\u00e1stroj na relax.<\/p>\n\n\n\n<p>Taktie\u017e sa s vami podel\u00edme o jednoduch\u00e9 recepty na \u010daje, ktor\u00e9 v\u00e1m pom\u00f4\u017eu lep\u0161ie odpo\u010d\u00edva\u0165. \ud83c\udf75\ud83d\udca4<\/p>\n\n\n\n<p><\/p>\n\n\n\n<hr class=\"wp-block-separator has-text-color has-luminous-vivid-orange-color has-alpha-channel-opacity has-luminous-vivid-orange-background-color has-background\"\/>\n\n\n\n<h2 class=\"wp-block-heading\">Pre\u010d\u00edtajte si tie\u017e:<\/h2>\n\n\n\n<div class=\"wp-block-columns is-layout-flex wp-container-core-columns-layout-1 wp-block-columns-is-layout-flex\">\n<div class=\"wp-block-column is-layout-flow wp-block-column-is-layout-flow\">\n<div class=\"wp-block-buttons is-layout-flex wp-block-buttons-is-layout-flex\">\n<div class=\"wp-block-button has-custom-width wp-block-button__width-100 is-style-outline\" style=\"text-decoration:none\"><a class=\"wp-block-button__link has-white-color has-vivid-cyan-blue-background-color has-text-color has-background has-link-color has-text-align-left wp-element-button\" href=\"https:\/\/universofamilia.com\/sk\/5893\/acelera-tu-celular-despierta-tu-productividad\/\" style=\"border-radius:10px\"><font style=\"vertical-align: inherit;\"><font style=\"vertical-align: inherit;\">\ud83d\udccc Zr\u00fdchlite svoj mobiln\u00fd telef\u00f3n<\/font><\/font> &gt;<\/a><\/div>\n\n\n\n<div class=\"wp-block-button has-custom-width wp-block-button__width-100 is-style-outline\" style=\"text-decoration:none\"><a class=\"wp-block-button__link has-white-color has-vivid-cyan-blue-background-color has-text-color has-background has-link-color has-text-align-left wp-element-button\" href=\"https:\/\/universofamilia.com\/sk\/5869\/descubre-quien-te-esta-observando-en-las-redes-sociales\/\" style=\"border-radius:10px\">\ud83d\udccc Kto nav\u0161t\u00edvil v\u00e1\u0161 profil<\/a><\/div>\n\n\n\n<div class=\"wp-block-button has-custom-width wp-block-button__width-100 is-style-outline\" style=\"text-decoration:none\"><a class=\"wp-block-button__link has-white-color has-vivid-cyan-blue-background-color has-text-color has-background has-link-color has-text-align-left wp-element-button\" href=\"https:\/\/universofamilia.com\/sk\/6414\/aplicaciones-para-limpiar-el-celular-y-aumentar-espacio\/\" style=\"border-radius:10px\">\ud83d\udcbe Aplik\u00e1cie na zv\u00e4\u010d\u0161enie priestoru<\/a><\/div>\n\n\n\n<div class=\"wp-block-button has-custom-width wp-block-button__width-100 is-style-outline\" style=\"text-decoration:none\"><a class=\"wp-block-button__link has-white-color has-vivid-cyan-blue-background-color has-text-color has-background has-link-color has-text-align-left wp-element-button\" href=\"https:\/\/universofamilia.com\/sk\/6568\/aprende-mecanica-automotriz-aplicacion\/\" style=\"border-radius:10px\">\ud83d\udccc Nau\u010dte sa automechaniku pomocou aplik\u00e1cie<\/a><\/div>\n<\/div>\n<\/div>\n<\/div>\n\n\n\n<hr class=\"wp-block-separator has-text-color has-luminous-vivid-orange-color has-alpha-channel-opacity has-luminous-vivid-orange-background-color has-background\"\/>\n\n\n\n<p><\/p>\n\n\n\n<h2 class=\"wp-block-heading\">V\u00fdhody \u010dajov pri nespavosti a \u00fazkosti<\/h2>\n\n\n\n<p>Bylinn\u00e9 \u010daje s\u00fa zn\u00e1me svojimi upokojuj\u00facimi a relaxa\u010dn\u00fdmi vlastnos\u0165ami.<\/p>\n\n\n\n<p>S\u00fa cenovo dostupnou a bezpe\u010dnou vo\u013ebou pre t\u00fdch, ktor\u00ed chc\u00fa zmierni\u0165 ka\u017edodenn\u00fd stres a zlep\u0161i\u0165 si sp\u00e1nok.<\/p>\n\n\n\n<p>Rastliny pou\u017e\u00edvan\u00e9 v t\u00fdchto \u010dajoch obsahuj\u00fa pr\u00edrodn\u00e9 zl\u00fa\u010deniny, ktor\u00e9 pom\u00e1haj\u00fa upokoji\u0165 nervov\u00fd syst\u00e9m, uvo\u013eni\u0165 svaly a zn\u00ed\u017ei\u0165 psychick\u00e9 nap\u00e4tie.<\/p>\n\n\n<div class=\"wp-block-image\">\n<figure class=\"aligncenter size-full\"><img loading=\"lazy\" decoding=\"async\" width=\"550\" height=\"350\" src=\"http:\/\/universofamilia.com\/wp-content\/uploads\/sites\/148\/2024\/09\/P-550x350-3-12.jpg\" alt=\"\" class=\"wp-image-6632\" srcset=\"https:\/\/universofamilia.com\/wp-content\/uploads\/sites\/148\/2024\/09\/P-550x350-3-12.jpg 550w, https:\/\/universofamilia.com\/wp-content\/uploads\/sites\/148\/2024\/09\/P-550x350-3-12-300x191.jpg 300w\" sizes=\"(max-width: 550px) 100vw, 550px\" \/><figcaption class=\"wp-element-caption\">\u010caj na boj proti nespavosti a \u00fazkosti<\/figcaption><\/figure><\/div>\n\n\n<h4 class=\"wp-block-heading\">Hlavn\u00e9 v\u00fdhody \u010dajov:<\/h4>\n\n\n\n<ul class=\"wp-block-list\">\n<li><strong>Du\u0161evn\u00e1 relax\u00e1cia<\/strong>Bylinky podporuj\u00fa pocit pokoja a zni\u017euj\u00fa du\u0161evn\u00fa nepokojnos\u0165.<\/li>\n\n\n\n<li><strong>Zlep\u0161en\u00fd sp\u00e1nok<\/strong>Pravideln\u00e9 pitie relaxa\u010dn\u00fdch \u010dajov m\u00f4\u017ee dlhodobo zlep\u0161i\u0165 kvalitu sp\u00e1nku.<\/li>\n\n\n\n<li><strong>Zn\u00ed\u017eenie \u00fazkosti<\/strong>Niektor\u00e9 \u010daje obsahuj\u00fa \u0161pecifick\u00e9 zl\u00fa\u010deniny, ktor\u00e9 pom\u00e1haj\u00fa zmierni\u0165 pr\u00edznaky \u00fazkosti.<\/li>\n\n\n\n<li><strong>Pr\u00edrodn\u00e1 alternat\u00edva<\/strong>V porovnan\u00ed s liekmi na predpis s\u00fa bez ved\u013eaj\u0161\u00edch \u00fa\u010dinkov.<\/li>\n<\/ul>\n\n\n\n<h2 class=\"wp-block-heading\">Recept na valeri\u00e1nov\u00fd \u010daj<\/h2>\n\n\n\n<p>Valeri\u00e1na lek\u00e1rska je rastlina zn\u00e1ma svojimi pr\u00edrodn\u00fdmi sedat\u00edvnymi vlastnos\u0165ami.<\/p>\n\n\n\n<p>Jeho \u010daj je ide\u00e1lny pre t\u00fdch, ktor\u00ed trpia nespavos\u0165ou, preto\u017ee pom\u00e1ha navodi\u0165 sp\u00e1nok a zmierni\u0165 \u00fazkos\u0165.<\/p>\n\n\n\n<p><strong>Zlo\u017eenie<\/strong>:<\/p>\n\n\n\n<ul class=\"wp-block-list\">\n<li>1 \u010dajov\u00e1 ly\u017ei\u010dka su\u0161en\u00e9ho kore\u0148a valeri\u00e1ny lek\u00e1rskej<\/li>\n\n\n\n<li>250 ml hor\u00facej vody<\/li>\n<\/ul>\n\n\n\n<p><strong>Pr\u00edprava<\/strong>:<\/p>\n\n\n\n<ol class=\"wp-block-list\">\n<li>Prevarte vodu a pridajte kore\u0148 valeri\u00e1ny lek\u00e1rskej.<\/li>\n\n\n\n<li>Nechajte to odpo\u010d\u00edva\u0165 10 min\u00fat.<\/li>\n\n\n\n<li>Prece\u010fte a vypite pribli\u017ene 30 min\u00fat pred span\u00edm.<\/li>\n<\/ol>\n\n\n\n<p>Tento \u010daj by sa mal konzumova\u0165 s mierou, preto\u017ee dlhodob\u00e9 u\u017e\u00edvanie m\u00f4\u017ee sp\u00f4sobi\u0165 denn\u00fa ospalos\u0165.<\/p>\n\n\n\n<p>Mnoho \u013eud\u00ed hl\u00e1si zlep\u0161enie kvality sp\u00e1nku po t\u00fd\u017edni pravideln\u00e9ho u\u017e\u00edvania.<\/p>\n\n\n\n<p><\/p>\n\n\n\n<hr class=\"wp-block-separator has-text-color has-vivid-purple-color has-alpha-channel-opacity has-vivid-purple-background-color has-background\"\/>\n\n\n\n<h2 class=\"wp-block-heading\">Exkluz\u00edvny, bezplatn\u00fd obsah vo va\u0161om e-maile!<\/h2>\n\n\n\n<ul class=\"wp-block-list\">\n<li style=\"font-style:normal;font-weight:500\" class=\"has-medium-font-size\">Dost\u00e1vajte v\u0161etky novinky;<\/li>\n\n\n\n<li style=\"font-style:normal;font-weight:500\" class=\"has-medium-font-size\">Neuverite\u013en\u00fd obsah na dlani;<\/li>\n\n\n\n<li style=\"font-style:normal;font-weight:500\" class=\"has-medium-font-size\">Prihl\u00e1ste sa na odber teraz.<\/li>\n<\/ul>\n\n\n\n<div class=\"wp-block-media-text is-stacked-on-mobile is-vertically-aligned-center has-vivid-red-color has-text-color has-link-color wp-elements-f65c0b9eaa40a3cda7f58392480b43a2\" style=\"grid-template-columns:40% auto\"><figure class=\"wp-block-media-text__media\"><img loading=\"lazy\" decoding=\"async\" width=\"256\" height=\"256\" src=\"http:\/\/universofamilia.com\/wp-content\/uploads\/sites\/148\/2024\/09\/RECEBA-E-MAIL-1.png\" alt=\"Registr\u00e1cia e-mailu\" class=\"wp-image-6592 size-full\" srcset=\"https:\/\/universofamilia.com\/wp-content\/uploads\/sites\/148\/2024\/09\/RECEBA-E-MAIL-1.png 256w, https:\/\/universofamilia.com\/wp-content\/uploads\/sites\/148\/2024\/09\/RECEBA-E-MAIL-1-150x150.png 150w\" sizes=\"(max-width: 256px) 100vw, 256px\" \/><\/figure><div class=\"wp-block-media-text__content\">\n\n\n\n<p><\/p>\n<\/div><\/div>\n\n\n\n<hr class=\"wp-block-separator has-text-color has-vivid-purple-color has-alpha-channel-opacity has-vivid-purple-background-color has-background is-style-wide\"\/>\n\n\n\n<p><\/p>\n\n\n\n<h2 class=\"wp-block-heading\">Recept na levandu\u013eov\u00fd \u010daj<\/h2>\n\n\n\n<p>Levandu\u013ea je \u010fal\u0161ia rastlina zn\u00e1ma svojimi relaxa\u010dn\u00fdmi \u00fa\u010dinkami. Jej \u010daj je jemn\u00fd, aromatick\u00fd a pom\u00e1ha upokoji\u0165 myse\u013e, v\u010faka \u010domu je ide\u00e1lny na zn\u00ed\u017eenie \u00fazkosti. \ud83c\udf38<\/p>\n\n\n\n<p><strong>Zlo\u017eenie<\/strong>:<\/p>\n\n\n\n<ul class=\"wp-block-list\">\n<li>1 \u010dajov\u00e1 ly\u017ei\u010dka su\u0161en\u00fdch kvetov levandule<\/li>\n\n\n\n<li>250 ml hor\u00facej vody<\/li>\n<\/ul>\n\n\n\n<p><strong>Pr\u00edprava<\/strong>:<\/p>\n\n\n\n<ol class=\"wp-block-list\">\n<li>Prevarte vodu a pridajte kvety levandule.<\/li>\n\n\n\n<li>Nechajte to p\u00f4sobi\u0165 5 a\u017e 7 min\u00fat.<\/li>\n\n\n\n<li>Prece\u010fte a vypite ihne\u010f po pr\u00edprave.<\/li>\n<\/ol>\n\n\n\n<p>Tento \u010daj sa m\u00f4\u017ee u\u017e\u00edva\u0165 nieko\u013ekokr\u00e1t denne, aby sa \u00fazkos\u0165 udr\u017eala pod kontrolou a dosiahol sa trval\u00fd pocit pokoja.<\/p>\n\n\n\n<h2 class=\"wp-block-heading\">Recept na harman\u010dekov\u00fd \u010daj<\/h2>\n\n\n\n<p>Harman\u010dekov\u00fd \u010daj je azda najzn\u00e1mej\u0161\u00ed pre svoje upokojuj\u00face vlastnosti. Je jemn\u00fd, \u013eahko sa pripravuje a vhodn\u00fd pre v\u0161etky vekov\u00e9 kateg\u00f3rie. \ud83c\udf3c<\/p>\n\n\n\n<p><strong>Zlo\u017eenie<\/strong>:<\/p>\n\n\n\n<ul class=\"wp-block-list\">\n<li>1 polievkov\u00e1 ly\u017eica su\u0161en\u00fdch kvetov harman\u010deka<\/li>\n\n\n\n<li>250 ml hor\u00facej vody<\/li>\n<\/ul>\n\n\n\n<p><strong>Pr\u00edprava<\/strong>:<\/p>\n\n\n\n<ol class=\"wp-block-list\">\n<li>Pridajte kvety harman\u010deka do hor\u00facej vody.<\/li>\n\n\n\n<li>Nechajte to odpo\u010d\u00edva\u0165 5 a\u017e 10 min\u00fat.<\/li>\n\n\n\n<li>Prece\u010fte a vychutnajte si pred span\u00edm.<\/li>\n<\/ol>\n\n\n\n<p>Tento \u010daj m\u00e1 okam\u017eit\u00fd relaxa\u010dn\u00fd \u00fa\u010dinok a je ide\u00e1lny pre t\u00fdch, ktor\u00ed h\u013eadaj\u00fa r\u00fdchle rie\u0161enie na uvo\u013enenie pred span\u00edm.<\/p>\n\n\n\n<h2 class=\"wp-block-heading\">Odpor\u00fa\u010dan\u00e1 aplik\u00e1cia: <em>Pokoj<\/em><\/h2>\n\n\n\n<p>Okrem \u010dajov m\u00f4\u017ee by\u0165 skvel\u00fdm sp\u00f4sobom, ako bojova\u0165 proti nespavosti a \u00fazkosti, aj pou\u017e\u00edvanie aplik\u00e1ci\u00ed zameran\u00fdch na relax\u00e1ciu a wellness.<\/p>\n\n\n\n<p>Jednou z najpopul\u00e1rnej\u0161\u00edch aplik\u00e1ci\u00ed je <em>Pokoj<\/em>, ktor\u00e1 pon\u00faka medit\u00e1cie so sprievodcom, relaxa\u010dn\u00e9 zvuky a dychov\u00e9 cvi\u010denia, ktor\u00e9 pom\u00e1haj\u00fa upokoji\u0165 myse\u013e a zlep\u0161i\u0165 kvalitu sp\u00e1nku. \ud83d\ude0c\ud83d\udcf1<\/p>\n\n\n\n<h4 class=\"wp-block-heading\">V\u00fdhody aplik\u00e1cie <em>Pokoj<\/em>:<\/h4>\n\n\n\n<ul class=\"wp-block-list\">\n<li><strong>Veden\u00e9 medit\u00e1cie<\/strong>: <em>Pokoj<\/em> pon\u00faka r\u00f4zne medit\u00e1cie ur\u010den\u00e9 pre r\u00f4zne potreby, ako je zn\u00ed\u017eenie stresu alebo zlep\u0161enie sp\u00e1nku.<\/li>\n\n\n\n<li><strong>Relaxa\u010dn\u00e9 zvuky<\/strong>M\u00f4\u017eete si vychutna\u0165 v\u00fdber pr\u00edrodn\u00fdch zvukov a pokojn\u00fdch mel\u00f3di\u00ed, ktor\u00e9 v\u00e1s bud\u00fa sprev\u00e1dza\u0165 pri relax\u00e1cii.<\/li>\n\n\n\n<li><strong>D\u00fdchacie cvi\u010denia<\/strong>Techniky riaden\u00e9ho d\u00fdchania, ktor\u00e9 pom\u00e1haj\u00fa upokoji\u0165 telo a myse\u013e v \u010dasoch \u00fazkosti.<\/li>\n<\/ul>\n\n\n<div class=\"wp-block-image\">\n<figure class=\"aligncenter size-full\"><img loading=\"lazy\" decoding=\"async\" width=\"550\" height=\"350\" src=\"http:\/\/universofamilia.com\/wp-content\/uploads\/sites\/148\/2024\/09\/P-550x350-4-4.jpg\" alt=\"\" class=\"wp-image-6631\" srcset=\"https:\/\/universofamilia.com\/wp-content\/uploads\/sites\/148\/2024\/09\/P-550x350-4-4.jpg 550w, https:\/\/universofamilia.com\/wp-content\/uploads\/sites\/148\/2024\/09\/P-550x350-4-4-300x191.jpg 300w\" sizes=\"(max-width: 550px) 100vw, 550px\" \/><figcaption class=\"wp-element-caption\">\u010caj na boj proti nespavosti a \u00fazkosti<\/figcaption><\/figure><\/div>\n\n\n<h3 class=\"wp-block-heading\">Recenzie pou\u017e\u00edvate\u013eov<\/h3>\n\n\n\n<p>Toto s\u00fa niektor\u00e9 z n\u00e1zorov \u013eud\u00ed, ktor\u00ed aplik\u00e1ciu pou\u017e\u00edvali <em>Pokoj<\/em>:<\/p>\n\n\n\n<ul class=\"wp-block-list\">\n<li><strong>Ana M. (Apple Store)<\/strong>: \u201eOn <em>Pokoj<\/em> Zmenilo to sp\u00f4sob, ak\u00fdm relaxujem. Teraz dok\u00e1\u017eem zaspa\u0165 ove\u013ea r\u00fdchlej\u0161ie a zobudi\u0165 sa odd\u00fdchnutej\u0161\u00ed.\u201c \ud83c\udf1f\ud83c\udf1f\ud83c\udf1f\ud83c\udf1f\ud83c\udf1f<\/li>\n\n\n\n<li><strong>Carlos R. (Google Play)<\/strong>\u201eRelaxa\u010dn\u00e9 zvuky a jednoduch\u00e9 rozhranie robia aplik\u00e1ciu ve\u013emi \u013eahko pou\u017eite\u013enou. Moja \u00fazkos\u0165 sa zlep\u0161ila odkedy ju pou\u017e\u00edvam.\u201c \ud83c\udf1f\ud83c\udf1f\ud83c\udf1f\ud83c\udf1f<\/li>\n\n\n\n<li><strong>M\u00e1ria T. (Apple Store)<\/strong>\u201eOdpor\u00fa\u010dam <em>Pokoj<\/em> V\u0161etk\u00fdm mojim priate\u013eom. Je to neoddelite\u013en\u00e1 s\u00fa\u010das\u0165 mojej dennej rutiny na zn\u00ed\u017eenie stresu.\u201c \ud83c\udf1f\ud83c\udf1f\ud83c\udf1f\ud83c\udf1f\ud83c\udf1f<\/li>\n<\/ul>\n\n\n\n<h3 class=\"wp-block-heading\">Ako nain\u0161talova\u0165 aplik\u00e1ciu<\/h3>\n\n\n\n<p><strong>Odkazy na stiahnutie<\/strong>:<\/p>\n\n\n\n<div class=\"wp-block-columns is-layout-flex wp-container-core-columns-layout-2 wp-block-columns-is-layout-flex\">\n<div class=\"wp-block-column is-layout-flow wp-block-column-is-layout-flow\">\n<div class=\"wp-block-buttons is-layout-flex wp-block-buttons-is-layout-flex\">\n<div class=\"wp-block-button has-custom-width wp-block-button__width-100\" style=\"text-decoration:none\"><a class=\"wp-block-button__link has-white-color has-text-color has-background has-link-color has-text-align-left wp-element-button\" href=\"https:\/\/play.google.com\/store\/apps\/details?id=com.calm.android&amp;hl=pt_BR\" style=\"border-radius:10px;background-color:#aea4e0\" target=\"_blank\" rel=\"noreferrer noopener\"><strong><font style=\"vertical-align: inherit;\"><font style=\"vertical-align: inherit;\">\ud83d\udce5 <\/font><\/font>Prejs\u0165 na Google Play: Pokoj<\/strong> <strong>pre Android<\/strong><\/a><\/div>\n\n\n\n<div class=\"wp-block-button has-custom-width wp-block-button__width-100\" style=\"text-decoration:none\"><a class=\"wp-block-button__link has-white-color has-text-color has-background has-link-color has-text-align-left wp-element-button\" href=\"https:\/\/apps.apple.com\/br\/app\/calm-medita%C3%A7%C3%A3o-e-sono\/id571800810\" style=\"border-radius:10px;background-color:#d0d0d0\" target=\"_blank\" rel=\"noreferrer noopener\"><mark style=\"background-color:rgba(0, 0, 0, 0)\" class=\"has-inline-color has-black-color\"><strong>\ud83d\udce5 Pr\u00edstup do obchodu Apple Store: Pokoj<\/strong><\/mark> <mark style=\"background-color:rgba(0, 0, 0, 0)\" class=\"has-inline-color has-black-color\"><strong>pre iOS<\/strong><\/mark><\/a><\/div>\n<\/div>\n<\/div>\n<\/div>\n\n\n\n<h2 class=\"wp-block-heading\">Z\u00e1ver<\/h2>\n\n\n\n<p>\u010caje na boj proti nespavosti a \u00fazkosti s\u00fa prirodzen\u00fdm a \u00fa\u010dinn\u00fdm rie\u0161en\u00edm na zlep\u0161enie kvality \u017eivota.<\/p>\n\n\n\n<p>V kombin\u00e1cii s digit\u00e1lnymi n\u00e1strojmi, ako je aplik\u00e1cia <em>Pokoj<\/em>, m\u00f4\u017ee ma\u0165 ve\u013ek\u00fd vplyv na va\u0161u ka\u017edodenn\u00fa pohodu.<\/p>\n\n\n\n<p>Nev\u00e1hajte vysk\u00fa\u0161a\u0165 tieto recepty na \u010daj a pou\u017ei\u0165 ich <em>Pokoj<\/em> pre v\u00e4\u010d\u0161iu relax\u00e1ciu a pokoj. \ud83c\udf75\ud83d\udca4<\/p>\n\n\n\n<p>Ak v\u00e1m tento \u010dl\u00e1nok pomohol, zdie\u013eajte ho so svojimi priate\u013emi a rodinou!<\/p>\n\n\n\n<p>Taktie\u017e v\u00e1s poz\u00fdvame, aby ste si prezreli n\u00e1\u0161 \u010fal\u0161\u00ed blogov\u00fd obsah a objavili \u010fal\u0161ie sp\u00f4soby, ako zlep\u0161i\u0165 svoje zdravie a pohodu.<\/p>\n\n\n\n<h3 class=\"wp-block-heading\">\u010casto kladen\u00e9 ot\u00e1zky: V\u00fdhody pitia \u010daju<\/h3>\n\n\n\n<p><strong>Ak\u00fd je najlep\u0161\u00ed \u010daj na boj s \u00fazkos\u0165ou?<\/strong> Harman\u010dekov\u00fd \u010daj a levandu\u013eov\u00fd \u010daj s\u00fa vynikaj\u00facimi mo\u017enos\u0165ami na \u00fa\u013eavu od \u00fazkosti. Oba maj\u00fa upokojuj\u00face vlastnosti, ktor\u00e9 pom\u00e1haj\u00fa uvo\u013eni\u0165 myse\u013e a telo.<\/p>\n\n\n\n<p><strong>Pom\u00e1ha pitie \u010daju pred span\u00edm zlep\u0161i\u0165 sp\u00e1nok?<\/strong> \u00c1no, niektor\u00e9 \u010daje, ako napr\u00edklad valeri\u00e1na a harman\u010dek, maj\u00fa mierne sedat\u00edvne \u00fa\u010dinky, ktor\u00e9 u\u013eah\u010duj\u00fa sp\u00e1nok a zlep\u0161uj\u00fa kvalitu odpo\u010dinku.<\/p>\n\n\n\n<p><strong>Je bezpe\u010dn\u00e9 pi\u0165 valeri\u00e1nov\u00fd \u010daj ka\u017ed\u00fd de\u0148?<\/strong> Valeri\u00e1nov\u00fd \u010daj je bezpe\u010dn\u00fd pri miernej konzum\u00e1cii. Odpor\u00fa\u010da sa v\u0161ak nekonzumova\u0165 ho prive\u013ea, preto\u017ee nadmern\u00e1 konzum\u00e1cia m\u00f4\u017ee sp\u00f4sobi\u0165 denn\u00fa ospalos\u0165.<\/p>\n\n\n\n<p><\/p>\n\n\n\n<hr class=\"wp-block-separator has-text-color has-vivid-purple-color has-alpha-channel-opacity has-vivid-purple-background-color has-background\"\/>\n\n\n\n<h2 class=\"wp-block-heading\">Exkluz\u00edvny, bezplatn\u00fd obsah vo va\u0161om e-maile!<\/h2>\n\n\n\n<ul class=\"wp-block-list\">\n<li style=\"font-style:normal;font-weight:500\" class=\"has-medium-font-size\">Dost\u00e1vajte v\u0161etky novinky;<\/li>\n\n\n\n<li style=\"font-style:normal;font-weight:500\" class=\"has-medium-font-size\">Neuverite\u013en\u00fd obsah na dlani;<\/li>\n\n\n\n<li style=\"font-style:normal;font-weight:500\" class=\"has-medium-font-size\">Prihl\u00e1ste sa na odber teraz.<\/li>\n<\/ul>\n\n\n\n<div class=\"wp-block-media-text is-stacked-on-mobile is-vertically-aligned-center has-vivid-red-color has-text-color has-link-color wp-elements-f65c0b9eaa40a3cda7f58392480b43a2\" style=\"grid-template-columns:40% auto\"><figure class=\"wp-block-media-text__media\"><img loading=\"lazy\" decoding=\"async\" width=\"256\" height=\"256\" src=\"http:\/\/universofamilia.com\/wp-content\/uploads\/sites\/148\/2024\/09\/RECEBA-E-MAIL-1.png\" alt=\"Registr\u00e1cia e-mailu\" class=\"wp-image-6592 size-full\" srcset=\"https:\/\/universofamilia.com\/wp-content\/uploads\/sites\/148\/2024\/09\/RECEBA-E-MAIL-1.png 256w, https:\/\/universofamilia.com\/wp-content\/uploads\/sites\/148\/2024\/09\/RECEBA-E-MAIL-1-150x150.png 150w\" sizes=\"(max-width: 256px) 100vw, 256px\" \/><\/figure><div class=\"wp-block-media-text__content\">\n\n\n\n<p><\/p>\n<\/div><\/div>\n\n\n\n<hr class=\"wp-block-separator has-text-color has-vivid-purple-color has-alpha-channel-opacity has-vivid-purple-background-color has-background is-style-wide\"\/>\n\n\n\n<p><\/p>","protected":false},"excerpt":{"rendered":"<p>El insomnio y la ansiedad son problemas que afectan a millones de personas en todo el mundo. Buscar soluciones naturales, como los t\u00e9s, puede ser una excelente manera de mejorar la calidad del sue\u00f1o y reducir el estr\u00e9s de manera efectiva y sin efectos secundarios. En este art\u00edculo, vamos a explorar los beneficios de los [&hellip;]<\/p>","protected":false},"author":0,"featured_media":6632,"comment_status":"closed","ping_status":"open","sticky":false,"template":"","format":"standard","meta":{"footnotes":""},"categories":[2],"tags":[581,1507],"yoast_head":"<!-- This site is optimized with the Yoast SEO plugin v23.3 - https:\/\/yoast.com\/wordpress\/plugins\/seo\/ -->\n<title>T\u00e9 para Combatir el Insomnio y la Ansiedad - Universo Fam\u00edlia<\/title>\n<meta name=\"description\" content=\"T\u00e9 para Combatir el Insomnio y la Ansiedad. El insomnio y la ansiedad son problemas que afectan a millones de personas en todo el mundo.\" \/>\n<meta name=\"robots\" content=\"index, follow, max-snippet:-1, max-image-preview:large, max-video-preview:-1\" \/>\n<link rel=\"canonical\" href=\"https:\/\/universofamilia.com\/sk\/te-para-combatir-insomnio-ansiedad\/\" \/>\n<meta property=\"og:locale\" content=\"sk_SK\" \/>\n<meta property=\"og:type\" content=\"article\" \/>\n<meta property=\"og:title\" content=\"T\u00e9 para Combatir el Insomnio y la Ansiedad - Universo Fam\u00edlia\" \/>\n<meta property=\"og:description\" content=\"T\u00e9 para Combatir el Insomnio y la Ansiedad. El insomnio y la ansiedad son problemas que afectan a millones de personas en todo el mundo.\" \/>\n<meta property=\"og:url\" content=\"https:\/\/universofamilia.com\/sk\/te-para-combatir-insomnio-ansiedad\/\" \/>\n<meta property=\"og:site_name\" content=\"Universo Fam\u00edlia\" \/>\n<meta property=\"article:published_time\" content=\"2024-09-27T18:24:10+00:00\" \/>\n<meta property=\"og:image\" content=\"https:\/\/universofamilia.com\/wp-content\/uploads\/sites\/148\/2024\/09\/P-550x350-3-12.jpg\" \/>\n\t<meta property=\"og:image:width\" content=\"550\" \/>\n\t<meta property=\"og:image:height\" content=\"350\" \/>\n\t<meta property=\"og:image:type\" content=\"image\/jpeg\" \/>\n<meta name=\"twitter:card\" content=\"summary_large_image\" \/>\n<meta name=\"twitter:label1\" content=\"Est. reading time\" \/>\n\t<meta name=\"twitter:data1\" content=\"7 min\u00fat\" \/>\n<script type=\"application\/ld+json\" class=\"yoast-schema-graph\">{\"@context\":\"https:\/\/schema.org\",\"@graph\":[{\"@type\":\"WebPage\",\"@id\":\"https:\/\/universofamilia.com\/bn\/te-para-combatir-insomnio-ansiedad\/\",\"url\":\"https:\/\/universofamilia.com\/bn\/te-para-combatir-insomnio-ansiedad\/\",\"name\":\"T\u00e9 para Combatir el Insomnio y la Ansiedad - Universo Fam\u00edlia\",\"isPartOf\":{\"@id\":\"http:\/\/universofamilia.com\/zh_hk\/#website\"},\"primaryImageOfPage\":{\"@id\":\"https:\/\/universofamilia.com\/bn\/te-para-combatir-insomnio-ansiedad\/#primaryimage\"},\"image\":{\"@id\":\"https:\/\/universofamilia.com\/bn\/te-para-combatir-insomnio-ansiedad\/#primaryimage\"},\"thumbnailUrl\":\"https:\/\/universofamilia.com\/wp-content\/uploads\/sites\/148\/2024\/09\/P-550x350-3-12.jpg\",\"datePublished\":\"2024-09-27T18:24:10+00:00\",\"dateModified\":\"2024-09-27T18:24:10+00:00\",\"author\":{\"@id\":\"\"},\"description\":\"T\u00e9 para Combatir el Insomnio y la Ansiedad. El insomnio y la ansiedad son problemas que afectan a millones de personas en todo el mundo.\",\"breadcrumb\":{\"@id\":\"https:\/\/universofamilia.com\/bn\/te-para-combatir-insomnio-ansiedad\/#breadcrumb\"},\"inLanguage\":\"sk-SK\",\"potentialAction\":[{\"@type\":\"ReadAction\",\"target\":[\"https:\/\/universofamilia.com\/bn\/te-para-combatir-insomnio-ansiedad\/\"]}]},{\"@type\":\"ImageObject\",\"inLanguage\":\"sk-SK\",\"@id\":\"https:\/\/universofamilia.com\/bn\/te-para-combatir-insomnio-ansiedad\/#primaryimage\",\"url\":\"https:\/\/universofamilia.com\/wp-content\/uploads\/sites\/148\/2024\/09\/P-550x350-3-12.jpg\",\"contentUrl\":\"https:\/\/universofamilia.com\/wp-content\/uploads\/sites\/148\/2024\/09\/P-550x350-3-12.jpg\",\"width\":550,\"height\":350,\"caption\":\"T\u00e9 para Combatir el Insomnio y la Ansiedad\"},{\"@type\":\"BreadcrumbList\",\"@id\":\"https:\/\/universofamilia.com\/bn\/te-para-combatir-insomnio-ansiedad\/#breadcrumb\",\"itemListElement\":[{\"@type\":\"ListItem\",\"position\":1,\"name\":\"Home\",\"item\":\"http:\/\/universofamilia.com\/zh_hk\/\"},{\"@type\":\"ListItem\",\"position\":2,\"name\":\"T\u00e9 para Combatir el Insomnio y la Ansiedad\"}]},{\"@type\":\"WebSite\",\"@id\":\"http:\/\/universofamilia.com\/zh_hk\/#website\",\"url\":\"http:\/\/universofamilia.com\/zh_hk\/\",\"name\":\"Universo Fam\u00edlia\",\"description\":\"\",\"potentialAction\":[{\"@type\":\"SearchAction\",\"target\":{\"@type\":\"EntryPoint\",\"urlTemplate\":\"http:\/\/universofamilia.com\/zh_hk\/?s={search_term_string}\"},\"query-input\":\"required name=search_term_string\"}],\"inLanguage\":\"sk-SK\"}]}<\/script>\n<!-- \/ Yoast SEO plugin. -->","yoast_head_json":{"title":"T\u00e9 para Combatir el Insomnio y la Ansiedad - Universo Fam\u00edlia","description":"T\u00e9 para Combatir el Insomnio y la Ansiedad. El insomnio y la ansiedad son problemas que afectan a millones de personas en todo el mundo.","robots":{"index":"index","follow":"follow","max-snippet":"max-snippet:-1","max-image-preview":"max-image-preview:large","max-video-preview":"max-video-preview:-1"},"canonical":"https:\/\/universofamilia.com\/sk\/te-para-combatir-insomnio-ansiedad\/","og_locale":"sk_SK","og_type":"article","og_title":"T\u00e9 para Combatir el Insomnio y la Ansiedad - Universo Fam\u00edlia","og_description":"T\u00e9 para Combatir el Insomnio y la Ansiedad. El insomnio y la ansiedad son problemas que afectan a millones de personas en todo el mundo.","og_url":"https:\/\/universofamilia.com\/sk\/te-para-combatir-insomnio-ansiedad\/","og_site_name":"Universo Fam\u00edlia","article_published_time":"2024-09-27T18:24:10+00:00","og_image":[{"width":550,"height":350,"url":"https:\/\/universofamilia.com\/wp-content\/uploads\/sites\/148\/2024\/09\/P-550x350-3-12.jpg","type":"image\/jpeg"}],"twitter_card":"summary_large_image","twitter_misc":{"Est. reading time":"7 min\u00fat"},"schema":{"@context":"https:\/\/schema.org","@graph":[{"@type":"WebPage","@id":"https:\/\/universofamilia.com\/bn\/te-para-combatir-insomnio-ansiedad\/","url":"https:\/\/universofamilia.com\/bn\/te-para-combatir-insomnio-ansiedad\/","name":"T\u00e9 para Combatir el Insomnio y la Ansiedad - Universo Fam\u00edlia","isPartOf":{"@id":"http:\/\/universofamilia.com\/zh_hk\/#website"},"primaryImageOfPage":{"@id":"https:\/\/universofamilia.com\/bn\/te-para-combatir-insomnio-ansiedad\/#primaryimage"},"image":{"@id":"https:\/\/universofamilia.com\/bn\/te-para-combatir-insomnio-ansiedad\/#primaryimage"},"thumbnailUrl":"https:\/\/universofamilia.com\/wp-content\/uploads\/sites\/148\/2024\/09\/P-550x350-3-12.jpg","datePublished":"2024-09-27T18:24:10+00:00","dateModified":"2024-09-27T18:24:10+00:00","author":{"@id":""},"description":"T\u00e9 para Combatir el Insomnio y la Ansiedad. El insomnio y la ansiedad son problemas que afectan a millones de personas en todo el mundo.","breadcrumb":{"@id":"https:\/\/universofamilia.com\/bn\/te-para-combatir-insomnio-ansiedad\/#breadcrumb"},"inLanguage":"sk-SK","potentialAction":[{"@type":"ReadAction","target":["https:\/\/universofamilia.com\/bn\/te-para-combatir-insomnio-ansiedad\/"]}]},{"@type":"ImageObject","inLanguage":"sk-SK","@id":"https:\/\/universofamilia.com\/bn\/te-para-combatir-insomnio-ansiedad\/#primaryimage","url":"https:\/\/universofamilia.com\/wp-content\/uploads\/sites\/148\/2024\/09\/P-550x350-3-12.jpg","contentUrl":"https:\/\/universofamilia.com\/wp-content\/uploads\/sites\/148\/2024\/09\/P-550x350-3-12.jpg","width":550,"height":350,"caption":"T\u00e9 para Combatir el Insomnio y la Ansiedad"},{"@type":"BreadcrumbList","@id":"https:\/\/universofamilia.com\/bn\/te-para-combatir-insomnio-ansiedad\/#breadcrumb","itemListElement":[{"@type":"ListItem","position":1,"name":"Home","item":"http:\/\/universofamilia.com\/zh_hk\/"},{"@type":"ListItem","position":2,"name":"T\u00e9 para Combatir el Insomnio y la Ansiedad"}]},{"@type":"WebSite","@id":"http:\/\/universofamilia.com\/zh_hk\/#website","url":"http:\/\/universofamilia.com\/zh_hk\/","name":"Universo Fam\u00edlia","description":"","potentialAction":[{"@type":"SearchAction","target":{"@type":"EntryPoint","urlTemplate":"http:\/\/universofamilia.com\/zh_hk\/?s={search_term_string}"},"query-input":"required name=search_term_string"}],"inLanguage":"sk-SK"}]}},"_links":{"self":[{"href":"https:\/\/universofamilia.com\/sk\/wp-json\/wp\/v2\/posts\/6630"}],"collection":[{"href":"https:\/\/universofamilia.com\/sk\/wp-json\/wp\/v2\/posts"}],"about":[{"href":"https:\/\/universofamilia.com\/sk\/wp-json\/wp\/v2\/types\/post"}],"replies":[{"embeddable":true,"href":"https:\/\/universofamilia.com\/sk\/wp-json\/wp\/v2\/comments?post=6630"}],"version-history":[{"count":0,"href":"https:\/\/universofamilia.com\/sk\/wp-json\/wp\/v2\/posts\/6630\/revisions"}],"wp:featuredmedia":[{"embeddable":true,"href":"https:\/\/universofamilia.com\/sk\/wp-json\/wp\/v2\/media\/6632"}],"wp:attachment":[{"href":"https:\/\/universofamilia.com\/sk\/wp-json\/wp\/v2\/media?parent=6630"}],"wp:term":[{"taxonomy":"category","embeddable":true,"href":"https:\/\/universofamilia.com\/sk\/wp-json\/wp\/v2\/categories?post=6630"},{"taxonomy":"post_tag","embeddable":true,"href":"https:\/\/universofamilia.com\/sk\/wp-json\/wp\/v2\/tags?post=6630"}],"curies":[{"name":"wp","href":"https:\/\/api.w.org\/{rel}","templated":true}]}}