{"id":6813,"date":"2024-10-11T16:47:25","date_gmt":"2024-10-11T19:47:25","guid":{"rendered":"https:\/\/universofamilia.com\/?p=6813"},"modified":"2025-12-26T16:22:42","modified_gmt":"2025-12-26T19:22:42","slug":"aplicacion-de-cabello","status":"publish","type":"post","link":"https:\/\/universofamilia.com\/sk\/aplicacion-de-cabello\/","title":{"rendered":"Aplik\u00e1cia vlasov: Zme\u0148te svoj vzh\u013ead teraz!"},"content":{"rendered":"<p>Predstavovali ste si niekedy, \u017ee si m\u00f4\u017eete vysk\u00fa\u0161a\u0165 r\u00f4zne \u00fa\u010desy bez toho, aby ste museli opusti\u0165 domov alebo si urobi\u0165 starosti so svojimi vlasmi?<\/p>\n\n\n\n<p>\u010ci u\u017e ide o kompletn\u00fa premenu alebo jemn\u00fa ka\u017edodenn\u00fa zmenu, vlasov\u00e9 aplik\u00e1cie s\u00fa ide\u00e1lnym rie\u0161en\u00edm pre t\u00fdch, ktor\u00ed chc\u00fa experimentova\u0165 s nov\u00fdmi vzh\u013eadmi bez \u013e\u00fatosti.<\/p>\n\n\n\n<p>Tieto aplik\u00e1cie v\u00e1m pom\u00f4\u017eu n\u00e1js\u0165 perfektn\u00fd \u00fa\u010des, ktor\u00fd zv\u00fdrazn\u00ed va\u0161e \u010drty a vylep\u0161\u00ed v\u00e1\u0161 imid\u017e, \u010di u\u017e na \u0161peci\u00e1lnu pr\u00edle\u017eitos\u0165 alebo na ka\u017edodenn\u00e9 nosenie.<\/p>\n\n\n\n<p>V tomto \u010dl\u00e1nku presk\u00famame tri aplik\u00e1cie na \u00fapravu vlasov, ktor\u00e9 v\u00e1m m\u00f4\u017eu pom\u00f4c\u0165 zmeni\u0165 v\u00e1\u0161 \u00fa\u010des hne\u010f teraz.<\/p>\n\n\n\n<p>Taktie\u017e sa podel\u00edme o recenzie pou\u017e\u00edvate\u013eov pre ka\u017ed\u00fa aplik\u00e1ciu a poskytneme odkazy na ich stiahnutie priamo z Apple Store alebo Google Play.<\/p>\n\n\n\n<h2 class=\"wp-block-heading\">Sila aplik\u00e1ci\u00ed na vlasy<\/h2>\n\n\n\n<p>S neust\u00e1lym v\u00fdvojom technol\u00f3gi\u00ed nie je prekvapen\u00edm, \u017ee aj na\u0161e potreby osobnej starostlivosti m\u00e1me na dosah ruky \u2013 alebo sk\u00f4r v na\u0161ich telef\u00f3noch.<\/p>\n\n\n\n<p>Aplik\u00e1cie na \u00fapravu vlasov v\u00e1m umo\u017e\u0148uj\u00fa experimentova\u0165 so strihmi, farbami a \u00fa\u010desmi z pohodlia domova.<\/p>\n\n\n\n<p>Ak pl\u00e1nujete kompletn\u00fa premenu alebo sa len chcete pohra\u0165 so svoj\u00edm \u0161t\u00fdlom, tieto aplik\u00e1cie m\u00f4\u017eu by\u0165 va\u0161imi najlep\u0161\u00edmi spojencami.<\/p>\n\n\n\n<p>Objavte najlep\u0161ie aplik\u00e1cie, ktor\u00e9 v\u00e1m s t\u00fdmto procesom pom\u00f4\u017eu!<\/p>\n\n\n\n<h3 class=\"wp-block-heading\">1. <strong>Sledova\u010d rastu vlasov \u2013 Android \/ iOS<\/strong><\/h3>\n\n\n\n<p>H\u013ead\u00e1te sp\u00f4soby, ako zlep\u0161i\u0165 rast vlasov a sledova\u0165 svoj pokrok?<\/p>\n\n\n\n<p><strong>Sledova\u010d rastu vlasov<\/strong> Je to perfektn\u00e1 aplik\u00e1cia pre t\u00fdch, ktor\u00ed chc\u00fa sledova\u0165 rast vlasov v priebehu \u010dasu a poskytuj\u00fa podrobn\u00fa anal\u00fdzu va\u0161ich vlasov\u00fdch n\u00e1vykov a vidite\u013en\u00fdch v\u00fdsledkov.<\/p>\n\n\n\n<h4 class=\"wp-block-heading\">V\u00fdhody:<\/h4>\n\n\n\n<ul class=\"wp-block-list\">\n<li><strong>Kompletn\u00e9 monitorovanie:<\/strong> Umo\u017e\u0148uje v\u00e1m zaznamen\u00e1va\u0165 d\u013a\u017eku vlasov, stav poko\u017eky hlavy a celkov\u00e9 zdravie, tak\u017ee m\u00f4\u017eete sledova\u0165 svoj pokrok v re\u00e1lnom \u010dase.<\/li>\n\n\n\n<li><strong>Personalizovan\u00e9 poradenstvo:<\/strong> Pon\u00faka praktick\u00e9 odpor\u00fa\u010dania pre starostlivos\u0165 o vlasy na z\u00e1klade va\u0161ich \u00fadajov.<\/li>\n\n\n\n<li><strong>Jednoduch\u00e9 pou\u017eitie:<\/strong> Jeho intuit\u00edvne rozhranie umo\u017e\u0148uje jednoduch\u00e9 a efekt\u00edvne sledovanie rastu vlasov.<\/li>\n<\/ul>\n\n\n\n<h4 class=\"wp-block-heading\">Recenzie pou\u017e\u00edvate\u013eov:<\/h4>\n\n\n\n<ul class=\"wp-block-list\">\n<li><strong>Joana, 42 rokov:<\/strong> <em>\u201eMilujem, \u017ee m\u00f4\u017eem sledova\u0165 rast svojich vlasov. Aplik\u00e1cia ma motivuje stara\u0165 sa o ne a v\u00fdsledky s\u00fa neuverite\u013en\u00e9.\u201c<\/em><\/li>\n\n\n\n<li><strong>Karlos, 36 rokov:<\/strong> <em>\u201eV\u017edy som mala probl\u00e9m s rastom vlasov. T\u00e1to aplik\u00e1cia mi poskytla rady a tipy, ktor\u00e9 mi naozaj pomohli.\u201c<\/em><\/li>\n\n\n\n<li><strong>Luciana, 50 rokov:<\/strong> <em>\u201eSledova\u010d rastu vlasov mi pomohol identifikova\u0165 produkty, ktor\u00e9 mi vyhovovali. Ve\u013emi u\u017eito\u010dn\u00e9!\u201c<\/em><\/li>\n<\/ul>\n\n\n\n<h3 class=\"wp-block-heading\">2. <strong>Denn\u00edk vlasov \u2013 Android<\/strong><\/h3>\n\n\n\n<p>Ak patr\u00edte k \u013eu\u010fom, ktor\u00ed si radi ved\u00fa denn\u00edk o v\u0161etkom, <strong>\u010casopis o vlasoch<\/strong> Je to ide\u00e1lna aplik\u00e1cia na zaznamen\u00e1vanie v\u0161etk\u00fdch zmien, ktor\u00e9 urob\u00edte na svojich vlasoch.<\/p>\n\n\n\n<p>Okrem toho, \u017ee je z\u00e1bavn\u00fdm n\u00e1strojom, pom\u00e1ha v\u00e1m sledova\u0165 v\u00fdvoj va\u0161ich \u0161t\u00fdlov a uchov\u00e1va\u0165 si hist\u00f3riu o\u0161etren\u00ed a produktov, ktor\u00e9 pou\u017e\u00edvate.<\/p>\n\n\n\n<h4 class=\"wp-block-heading\">V\u00fdhody:<\/h4>\n\n\n\n<ul class=\"wp-block-list\">\n<li><strong>Cel\u00fd denn\u00edk:<\/strong> Zaznamenajte si ka\u017ed\u00fa zmenu, od strihov a\u017e po farbenie a o\u0161etrenia.<\/li>\n\n\n\n<li><strong>Jednoduch\u00e1 organiz\u00e1cia:<\/strong> Pozrite si hist\u00f3riu svojich vlasov a zhodno\u0165te, ako ur\u010dit\u00e9 produkty alebo o\u0161etrenia ovplyvnili va\u0161e vlasy.<\/li>\n\n\n\n<li><strong>Fotografie pred a po:<\/strong> Odfo\u0165te si vlasy a porovnajte ich pred a po, pri\u010dom pozorujte, ako reaguj\u00fa na starostlivos\u0165 a o\u0161etrenia.<\/li>\n<\/ul>\n\n\n\n<h4 class=\"wp-block-heading\">Recenzie pou\u017e\u00edvate\u013eov:<\/h4>\n\n\n\n<ul class=\"wp-block-list\">\n<li><strong>Marta, 39 rokov:<\/strong> <em>\u201eV\u017edy som zab\u00fadala, ak\u00e9 produkty som pou\u017e\u00edvala a ktor\u00e9 mi vyhovovali. Teraz s Hair Journal m\u00f4\u017eem v\u0161etko sledova\u0165 a zisti\u0165, \u010do mi funguje najlep\u0161ie.\u201c<\/em><\/li>\n\n\n\n<li><strong>Pavol, 45 rokov:<\/strong> <em>\u201eAplik\u00e1cia mi pomohla sledova\u0165 zmeny vo vlasoch a pochopi\u0165, \u010do ovplyv\u0148uje zdravie mojich vlasov.\u201c<\/em><\/li>\n\n\n\n<li><strong>Sandra, 53 rokov:<\/strong> <em>\u201eFotografia je \u00fa\u017easn\u00e1! Milujem sledovanie v\u00fdvoja mojich vlasov v priebehu \u010dasu. Ve\u013emi ju odpor\u00fa\u010dam.\u201c<\/em><\/li>\n<\/ul>\n\n\n\n<p><\/p>\n\n\n\n<hr class=\"wp-block-separator has-text-color has-luminous-vivid-orange-color has-alpha-channel-opacity has-luminous-vivid-orange-background-color has-background\" \/>\n\n\n\n<h2 class=\"wp-block-heading\">Pre\u010d\u00edtajte si tie\u017e:<\/h2>\n\n\n\n<ul class=\"wp-block-list\">\n<li><a href=\"https:\/\/universofamilia.com\/sk\/5893\/acelera-tu-celular-despierta-tu-productividad\/\"><font style=\"vertical-align: inherit\"><font style=\"vertical-align: inherit\">\ud83d\udccc Zr\u00fdchlite svoj mobiln\u00fd telef\u00f3n<\/font><\/font> &gt;<\/a><\/li>\n\n\n\n<li><a href=\"https:\/\/universofamilia.com\/sk\/5869\/descubre-quien-te-esta-observando-en-las-redes-sociales\/\">\ud83d\udccc Kto nav\u0161t\u00edvil v\u00e1\u0161 profil<\/a><\/li>\n\n\n\n<li><a href=\"https:\/\/universofamilia.com\/sk\/6568\/aprende-mecanica-automotriz-aplicacion\/\">\ud83d\udccc Nau\u010dte sa automechaniku pomocou aplik\u00e1cie<\/a><\/li>\n<\/ul>\n\n\n\n<hr class=\"wp-block-separator has-text-color has-luminous-vivid-orange-color has-alpha-channel-opacity has-luminous-vivid-orange-background-color has-background\" \/>\n\n\n\n<p><\/p>\n\n\n\n<h3 class=\"wp-block-heading\">3. <strong>Napestujte mi vlasy \u2013 Android<\/strong><\/h3>\n\n\n\n<p>Ak je va\u0161\u00edm cie\u013eom, aby v\u00e1m vlasy r\u00e1stli siln\u00e9 a zdrav\u00e9, <strong>Napestujte mi vlasy<\/strong> m\u00f4\u017ee by\u0165 rie\u0161en\u00edm, ktor\u00e9 h\u013ead\u00e1te.<\/p>\n\n\n\n<p>T\u00e1to aplik\u00e1cia pon\u00faka odborn\u00e9 rady oh\u013eadom rastu vlasov a umo\u017e\u0148uje v\u00e1m vizu\u00e1lne a pohodlne sledova\u0165 v\u00e1\u0161 pokrok.<\/p>\n\n\n\n<h4 class=\"wp-block-heading\">V\u00fdhody:<\/h4>\n\n\n\n<ul class=\"wp-block-list\">\n<li><strong>Personalizovan\u00fd pl\u00e1n rastu:<\/strong> Aplik\u00e1cia vytvor\u00ed pl\u00e1n rastu vlasov prisp\u00f4soben\u00fd va\u0161im potreb\u00e1m a cie\u013eom.<\/li>\n\n\n\n<li><strong>Tipy odborn\u00edkov:<\/strong> Profesion\u00e1lne tipy na zlep\u0161enie zdravia vlasov a stimul\u00e1ciu rastu.<\/li>\n\n\n\n<li><strong>Vizu\u00e1lny pokrok:<\/strong> Sledujte rast vlasov pomocou grafov a obr\u00e1zkov, ktor\u00e9 zobrazuj\u00fa va\u0161e v\u00fdsledky v priebehu \u010dasu.<\/li>\n<\/ul>\n\n\n\n<h4 class=\"wp-block-heading\">Recenzie pou\u017e\u00edvate\u013eov:<\/h4>\n\n\n\n<ul class=\"wp-block-list\">\n<li><strong>Ana, 34 rokov:<\/strong> <em>\u201eMoje vlasy boli v\u017edy ve\u013emi jemn\u00e9 a r\u00e1stli pomaly. Grow My Hair naozaj zmenil situ\u00e1ciu a teraz sa c\u00edtim sebavedomej\u0161ie!\u201c<\/em><\/li>\n\n\n\n<li><strong>Marcos, 38 rokov:<\/strong> <em>\u201eV\u010faka personalizovan\u00e9mu pl\u00e1nu mi vlasy rast\u00fa r\u00fdchlej\u0161ie a zdrav\u0161ie ako kedyko\u013evek predt\u00fdm. Oplat\u00ed sa ho stiahnu\u0165!\u201c<\/em><\/li>\n\n\n\n<li><strong>Eli\u0161ka, 44 rokov:<\/strong> <em>\u201eMilujem, \u017ee m\u00f4\u017eem sledova\u0165 svoj pokrok s fotografiami, ktor\u00e9 rob\u00edm v aplik\u00e1cii. Je to motivuj\u00face!\u201c<\/em><\/li>\n<\/ul>\n\n\n<div class=\"wp-block-image\">\n<figure class=\"aligncenter size-full\"><img loading=\"lazy\" decoding=\"async\" width=\"550\" height=\"350\" src=\"http:\/\/universofamilia.com\/wp-content\/uploads\/sites\/148\/2024\/10\/DESTAQUE-UNIVERSO-550-x-350-4-1.jpg\" alt=\"\" class=\"wp-image-6814\" srcset=\"https:\/\/universofamilia.com\/wp-content\/uploads\/sites\/148\/2024\/10\/DESTAQUE-UNIVERSO-550-x-350-4-1.jpg 550w, https:\/\/universofamilia.com\/wp-content\/uploads\/sites\/148\/2024\/10\/DESTAQUE-UNIVERSO-550-x-350-4-1-300x191.jpg 300w\" sizes=\"(max-width: 550px) 100vw, 550px\" \/><figcaption class=\"wp-element-caption\">Aplik\u00e1cia vlasov: Zme\u0148te svoj vzh\u013ead teraz!<\/figcaption><\/figure><\/div>\n\n\n<h2 class=\"wp-block-heading\">Z\u00e1ver: Zme\u0148te svoj vzh\u013ead teraz!<\/h2>\n\n\n\n<p>Bez oh\u013eadu na va\u0161e ciele v oblasti vlasov \u2013 rast, \u0161t\u00fdl alebo zdravie \u2013 aplik\u00e1cie, ktor\u00e9 sme spomenuli, s\u00fa v\u00fdkonn\u00fdmi n\u00e1strojmi, ktor\u00e9 v\u00e1m pom\u00f4\u017eu dosiahnu\u0165 vzh\u013ead, po akom ste v\u017edy t\u00fa\u017eili.<\/p>\n\n\n\n<p>Pon\u00fakaj\u00fa ove\u013ea viac ne\u017e len n\u00e1sledn\u00e9 kroky: poskytuj\u00fa cenn\u00e9 tipy a inform\u00e1cie, ktor\u00e9 m\u00f4\u017eu zmeni\u0165 va\u0161e n\u00e1vyky v starostlivosti o vlasy.<\/p>\n\n\n\n<p>Teraz, ke\u010f pozn\u00e1te najlep\u0161ie aplik\u00e1cie na vlasy, pre\u010do ich nevysk\u00fa\u0161a\u0165 a neuvidie\u0165 v\u00fdsledky na vlastnej ko\u017ei?<\/p>\n\n\n\n<p>Ni\u010d neprekon\u00e1 kontrolu nad svoj\u00edm vzh\u013eadom pomocou technol\u00f3gi\u00ed. A kto vie? Mo\u017eno objav\u00edte \u0161t\u00fdl, o ktorom ste si ani nesn\u00edvali!<\/p>\n\n\n\n<p>Stiahnite si aplik\u00e1cie a za\u010dnite svoju transform\u00e1ciu hne\u010f teraz:<\/p>\n\n\n\n<ul class=\"wp-block-list\">\n<li><strong>Sledova\u010d rastu vlasov<\/strong> \u2013  <a href=\"https:\/\/apps.apple.com\/br\/app\/hair-growth-clicker\/id6444699517?l=en-GB\">iOS<\/a><\/li>\n<\/ul>\n\n\n\n<hr class=\"wp-block-separator has-alpha-channel-opacity\" \/>\n\n\n\n<h2 class=\"wp-block-heading\">\u010casto kladen\u00e9 ot\u00e1zky (FAQ)<\/h2>\n\n\n\n<p><strong>1. S\u00fa aplik\u00e1cie na vlasy bezpe\u010dn\u00e9 na pou\u017e\u00edvanie?<\/strong><br>\u00c1no, v\u00e4\u010d\u0161ina aplik\u00e1ci\u00ed na \u00fapravu vlasov dostupn\u00fdch v ofici\u00e1lnych obchodoch, ako s\u00fa Google Play a Apple Store, je bezpe\u010dn\u00e1. Pred stiahnut\u00edm je v\u0161ak v\u017edy dobr\u00e9 skontrolova\u0165 recenzie a hodnotenia in\u00fdch pou\u017e\u00edvate\u013eov.<\/p>\n\n\n\n<p><strong>2. Mus\u00edm za pou\u017e\u00edvanie t\u00fdchto aplik\u00e1ci\u00ed plati\u0165?<\/strong><br>Niektor\u00e9 aplik\u00e1cie pon\u00fakaj\u00fa z\u00e1kladn\u00e9 funkcie zadarmo, ale m\u00f4\u017eu ma\u0165 pr\u00e9miov\u00e9 mo\u017enosti, ktor\u00e9 odomykaj\u00fa \u010fal\u0161ie funkcie. V\u017edy m\u00f4\u017eete za\u010da\u0165 s bezplatnou verziou a nesk\u00f4r sa rozhodn\u00fa\u0165, \u010di chcete prejs\u0165 na platen\u00fa verziu.<\/p>\n\n\n\n<p><strong>3. M\u00f4\u017eem si zmeni\u0165 \u00fa\u010des len pomocou t\u00fdchto aplik\u00e1ci\u00ed?<\/strong><br>Aplik\u00e1cie fyzicky nemenia va\u0161e vlasy, ale s\u00fa u\u017eito\u010dn\u00fdmi n\u00e1strojmi na vizualiz\u00e1ciu potenci\u00e1lnych zmien v \u00faprave vlasov a monitorovanie ich stavu. Pom\u00e1haj\u00fa v\u00e1m robi\u0165 informovanej\u0161ie rozhodnutia predt\u00fdm, ako podst\u00fapite transform\u00e1ciu v sal\u00f3ne alebo doma.<\/p>\n\n\n\n<p><strong>4. \u010co ak m\u00f4j telef\u00f3n nem\u00e1 dostatok miesta na stiahnutie aplik\u00e1ci\u00ed?<\/strong><br>Ak v\u00e1\u0161 telef\u00f3n nem\u00e1 dostatok miesta, m\u00f4\u017eete sk\u00fasi\u0165 odstr\u00e1ni\u0165 nepou\u017e\u00edvan\u00e9 s\u00fabory alebo aplik\u00e1cie, aby ste uvo\u013enili \u00falo\u017eisko. Okrem toho v\u00e1m niektor\u00e9 aplik\u00e1cie na monitorovanie \u00falo\u017eiska m\u00f4\u017eu pom\u00f4c\u0165 optimalizova\u0165 miesto vo va\u0161om zariaden\u00ed.<\/p>\n\n\n\n<p><strong>5. Funguj\u00fa aplik\u00e1cie pre v\u0161etky typy vlasov?<\/strong><br>\u00c1no, v\u00e4\u010d\u0161ina produktov na \u00fapravu vlasov je navrhnut\u00e1 tak, aby vyhovovala r\u00f4znym typom vlasov, od rovn\u00fdch a\u017e po ku\u010derav\u00e9.<\/p>","protected":false},"excerpt":{"rendered":"<p>\u00bfAlguna vez has imaginado poder probar diferentes estilos de cabello sin salir de casa o sin comprometer tu melena? Ya sea para una transformaci\u00f3n completa o un cambio sutil para el d\u00eda a d\u00eda, las aplicaciones de cabello son la soluci\u00f3n ideal para quienes desean experimentar nuevos looks sin arrepentimientos. Estos apps te ayudan a [&hellip;]<\/p>","protected":false},"author":139,"featured_media":6816,"comment_status":"closed","ping_status":"open","sticky":false,"template":"","format":"standard","meta":{"footnotes":""},"categories":[3],"tags":[177,262,437,767,1145,1526],"yoast_head":"<!-- This site is optimized with the Yoast SEO plugin v23.3 - https:\/\/yoast.com\/wordpress\/plugins\/seo\/ -->\n<title>Aplicaci\u00f3n de cabello: \u00a1transforma tu look ahora! - Universo Fam\u00edlia<\/title>\n<meta name=\"description\" content=\"Aplicaci\u00f3n de cabello: \u00a1transforma tu look ahora!\u00bfAlguna vez has imaginado poder probar diferentes estilos de cabello sin salir de casa..\" \/>\n<meta name=\"robots\" content=\"index, follow, max-snippet:-1, max-image-preview:large, max-video-preview:-1\" \/>\n<link rel=\"canonical\" href=\"https:\/\/universofamilia.com\/sk\/aplicacion-de-cabello\/\" \/>\n<meta property=\"og:locale\" content=\"sk_SK\" \/>\n<meta property=\"og:type\" content=\"article\" \/>\n<meta property=\"og:title\" content=\"Aplicaci\u00f3n de cabello: \u00a1transforma tu look ahora! - Universo Fam\u00edlia\" \/>\n<meta property=\"og:description\" content=\"Aplicaci\u00f3n de cabello: \u00a1transforma tu look ahora!\u00bfAlguna vez has imaginado poder probar diferentes estilos de cabello sin salir de casa..\" \/>\n<meta property=\"og:url\" content=\"https:\/\/universofamilia.com\/sk\/aplicacion-de-cabello\/\" \/>\n<meta property=\"og:site_name\" content=\"Universo Fam\u00edlia\" \/>\n<meta property=\"article:published_time\" content=\"2024-10-11T19:47:25+00:00\" \/>\n<meta property=\"article:modified_time\" content=\"2025-12-26T19:22:42+00:00\" \/>\n<meta property=\"og:image\" content=\"https:\/\/universofamilia.com\/wp-content\/uploads\/sites\/148\/2024\/10\/DESTAQUE-UNIVERSO-550-x-350-5-1.jpg\" \/>\n\t<meta property=\"og:image:width\" content=\"550\" \/>\n\t<meta property=\"og:image:height\" content=\"350\" \/>\n\t<meta property=\"og:image:type\" content=\"image\/jpeg\" \/>\n<meta name=\"author\" content=\"Pedro Henrique\" \/>\n<meta name=\"twitter:card\" content=\"summary_large_image\" \/>\n<meta name=\"twitter:label1\" content=\"Written by\" \/>\n\t<meta name=\"twitter:data1\" content=\"Pedro Henrique\" \/>\n\t<meta name=\"twitter:label2\" content=\"Est. reading time\" \/>\n\t<meta name=\"twitter:data2\" content=\"7 min\u00fat\" \/>\n<script type=\"application\/ld+json\" class=\"yoast-schema-graph\">{\"@context\":\"https:\/\/schema.org\",\"@graph\":[{\"@type\":\"WebPage\",\"@id\":\"https:\/\/universofamilia.com\/zh\/aplicacion-de-cabello\/\",\"url\":\"https:\/\/universofamilia.com\/zh\/aplicacion-de-cabello\/\",\"name\":\"Aplicaci\u00f3n de cabello: \u00a1transforma tu look ahora! - Universo Fam\u00edlia\",\"isPartOf\":{\"@id\":\"https:\/\/universofamilia.com\/el\/#website\"},\"primaryImageOfPage\":{\"@id\":\"https:\/\/universofamilia.com\/zh\/aplicacion-de-cabello\/#primaryimage\"},\"image\":{\"@id\":\"https:\/\/universofamilia.com\/zh\/aplicacion-de-cabello\/#primaryimage\"},\"thumbnailUrl\":\"https:\/\/universofamilia.com\/wp-content\/uploads\/sites\/148\/2024\/10\/DESTAQUE-UNIVERSO-550-x-350-5-1.jpg\",\"datePublished\":\"2024-10-11T19:47:25+00:00\",\"dateModified\":\"2025-12-26T19:22:42+00:00\",\"author\":{\"@id\":\"https:\/\/universofamilia.com\/el\/#\/schema\/person\/f07ce98187dd84d31154262e79b3b7ca\"},\"description\":\"Aplicaci\u00f3n de cabello: \u00a1transforma tu look ahora!\u00bfAlguna vez has imaginado poder probar diferentes estilos de cabello sin salir de casa..\",\"breadcrumb\":{\"@id\":\"https:\/\/universofamilia.com\/zh\/aplicacion-de-cabello\/#breadcrumb\"},\"inLanguage\":\"sk-SK\",\"potentialAction\":[{\"@type\":\"ReadAction\",\"target\":[\"https:\/\/universofamilia.com\/zh\/aplicacion-de-cabello\/\"]}]},{\"@type\":\"ImageObject\",\"inLanguage\":\"sk-SK\",\"@id\":\"https:\/\/universofamilia.com\/zh\/aplicacion-de-cabello\/#primaryimage\",\"url\":\"https:\/\/universofamilia.com\/wp-content\/uploads\/sites\/148\/2024\/10\/DESTAQUE-UNIVERSO-550-x-350-5-1.jpg\",\"contentUrl\":\"https:\/\/universofamilia.com\/wp-content\/uploads\/sites\/148\/2024\/10\/DESTAQUE-UNIVERSO-550-x-350-5-1.jpg\",\"width\":550,\"height\":350,\"caption\":\"Aplicaci\u00f3n de cabello: \u00a1transforma tu look ahora!\"},{\"@type\":\"BreadcrumbList\",\"@id\":\"https:\/\/universofamilia.com\/zh\/aplicacion-de-cabello\/#breadcrumb\",\"itemListElement\":[{\"@type\":\"ListItem\",\"position\":1,\"name\":\"Home\",\"item\":\"https:\/\/universofamilia.com\/el\/\"},{\"@type\":\"ListItem\",\"position\":2,\"name\":\"Aplicaci\u00f3n de cabello: \u00a1transforma tu look ahora!\"}]},{\"@type\":\"WebSite\",\"@id\":\"https:\/\/universofamilia.com\/el\/#website\",\"url\":\"https:\/\/universofamilia.com\/el\/\",\"name\":\"Universo Fam\u00edlia\",\"description\":\"\",\"potentialAction\":[{\"@type\":\"SearchAction\",\"target\":{\"@type\":\"EntryPoint\",\"urlTemplate\":\"https:\/\/universofamilia.com\/el\/?s={search_term_string}\"},\"query-input\":\"required name=search_term_string\"}],\"inLanguage\":\"sk-SK\"},{\"@type\":\"Person\",\"@id\":\"https:\/\/universofamilia.com\/el\/#\/schema\/person\/f07ce98187dd84d31154262e79b3b7ca\",\"name\":\"Pedro Henrique\",\"image\":{\"@type\":\"ImageObject\",\"inLanguage\":\"sk-SK\",\"@id\":\"https:\/\/universofamilia.com\/el\/#\/schema\/person\/image\/\",\"url\":\"https:\/\/secure.gravatar.com\/avatar\/9edfeb808cb4e1599f64d6e45b130154?s=96&d=mm&r=g\",\"contentUrl\":\"https:\/\/secure.gravatar.com\/avatar\/9edfeb808cb4e1599f64d6e45b130154?s=96&d=mm&r=g\",\"caption\":\"Pedro Henrique\"},\"url\":\"https:\/\/universofamilia.com\/sk\/author\/editor01\/\"}]}<\/script>\n<!-- \/ Yoast SEO plugin. -->","yoast_head_json":{"title":"Aplicaci\u00f3n de cabello: \u00a1transforma tu look ahora! - Universo Fam\u00edlia","description":"Aplicaci\u00f3n de cabello: \u00a1transforma tu look ahora!\u00bfAlguna vez has imaginado poder probar diferentes estilos de cabello sin salir de casa..","robots":{"index":"index","follow":"follow","max-snippet":"max-snippet:-1","max-image-preview":"max-image-preview:large","max-video-preview":"max-video-preview:-1"},"canonical":"https:\/\/universofamilia.com\/sk\/aplicacion-de-cabello\/","og_locale":"sk_SK","og_type":"article","og_title":"Aplicaci\u00f3n de cabello: \u00a1transforma tu look ahora! - Universo Fam\u00edlia","og_description":"Aplicaci\u00f3n de cabello: \u00a1transforma tu look ahora!\u00bfAlguna vez has imaginado poder probar diferentes estilos de cabello sin salir de casa..","og_url":"https:\/\/universofamilia.com\/sk\/aplicacion-de-cabello\/","og_site_name":"Universo Fam\u00edlia","article_published_time":"2024-10-11T19:47:25+00:00","article_modified_time":"2025-12-26T19:22:42+00:00","og_image":[{"width":550,"height":350,"url":"https:\/\/universofamilia.com\/wp-content\/uploads\/sites\/148\/2024\/10\/DESTAQUE-UNIVERSO-550-x-350-5-1.jpg","type":"image\/jpeg"}],"author":"Pedro Henrique","twitter_card":"summary_large_image","twitter_misc":{"Written by":"Pedro Henrique","Est. reading time":"7 min\u00fat"},"schema":{"@context":"https:\/\/schema.org","@graph":[{"@type":"WebPage","@id":"https:\/\/universofamilia.com\/zh\/aplicacion-de-cabello\/","url":"https:\/\/universofamilia.com\/zh\/aplicacion-de-cabello\/","name":"Aplicaci\u00f3n de cabello: \u00a1transforma tu look ahora! - Universo Fam\u00edlia","isPartOf":{"@id":"https:\/\/universofamilia.com\/el\/#website"},"primaryImageOfPage":{"@id":"https:\/\/universofamilia.com\/zh\/aplicacion-de-cabello\/#primaryimage"},"image":{"@id":"https:\/\/universofamilia.com\/zh\/aplicacion-de-cabello\/#primaryimage"},"thumbnailUrl":"https:\/\/universofamilia.com\/wp-content\/uploads\/sites\/148\/2024\/10\/DESTAQUE-UNIVERSO-550-x-350-5-1.jpg","datePublished":"2024-10-11T19:47:25+00:00","dateModified":"2025-12-26T19:22:42+00:00","author":{"@id":"https:\/\/universofamilia.com\/el\/#\/schema\/person\/f07ce98187dd84d31154262e79b3b7ca"},"description":"Aplicaci\u00f3n de cabello: \u00a1transforma tu look ahora!\u00bfAlguna vez has imaginado poder probar diferentes estilos de cabello sin salir de casa..","breadcrumb":{"@id":"https:\/\/universofamilia.com\/zh\/aplicacion-de-cabello\/#breadcrumb"},"inLanguage":"sk-SK","potentialAction":[{"@type":"ReadAction","target":["https:\/\/universofamilia.com\/zh\/aplicacion-de-cabello\/"]}]},{"@type":"ImageObject","inLanguage":"sk-SK","@id":"https:\/\/universofamilia.com\/zh\/aplicacion-de-cabello\/#primaryimage","url":"https:\/\/universofamilia.com\/wp-content\/uploads\/sites\/148\/2024\/10\/DESTAQUE-UNIVERSO-550-x-350-5-1.jpg","contentUrl":"https:\/\/universofamilia.com\/wp-content\/uploads\/sites\/148\/2024\/10\/DESTAQUE-UNIVERSO-550-x-350-5-1.jpg","width":550,"height":350,"caption":"Aplicaci\u00f3n de cabello: \u00a1transforma tu look ahora!"},{"@type":"BreadcrumbList","@id":"https:\/\/universofamilia.com\/zh\/aplicacion-de-cabello\/#breadcrumb","itemListElement":[{"@type":"ListItem","position":1,"name":"Home","item":"https:\/\/universofamilia.com\/el\/"},{"@type":"ListItem","position":2,"name":"Aplicaci\u00f3n de cabello: \u00a1transforma tu look ahora!"}]},{"@type":"WebSite","@id":"https:\/\/universofamilia.com\/el\/#website","url":"https:\/\/universofamilia.com\/el\/","name":"Universo Fam\u00edlia","description":"","potentialAction":[{"@type":"SearchAction","target":{"@type":"EntryPoint","urlTemplate":"https:\/\/universofamilia.com\/el\/?s={search_term_string}"},"query-input":"required name=search_term_string"}],"inLanguage":"sk-SK"},{"@type":"Person","@id":"https:\/\/universofamilia.com\/el\/#\/schema\/person\/f07ce98187dd84d31154262e79b3b7ca","name":"Pedro Henrique","image":{"@type":"ImageObject","inLanguage":"sk-SK","@id":"https:\/\/universofamilia.com\/el\/#\/schema\/person\/image\/","url":"https:\/\/secure.gravatar.com\/avatar\/9edfeb808cb4e1599f64d6e45b130154?s=96&d=mm&r=g","contentUrl":"https:\/\/secure.gravatar.com\/avatar\/9edfeb808cb4e1599f64d6e45b130154?s=96&d=mm&r=g","caption":"Pedro Henrique"},"url":"https:\/\/universofamilia.com\/sk\/author\/editor01\/"}]}},"_links":{"self":[{"href":"https:\/\/universofamilia.com\/sk\/wp-json\/wp\/v2\/posts\/6813"}],"collection":[{"href":"https:\/\/universofamilia.com\/sk\/wp-json\/wp\/v2\/posts"}],"about":[{"href":"https:\/\/universofamilia.com\/sk\/wp-json\/wp\/v2\/types\/post"}],"author":[{"embeddable":true,"href":"https:\/\/universofamilia.com\/sk\/wp-json\/wp\/v2\/users\/139"}],"replies":[{"embeddable":true,"href":"https:\/\/universofamilia.com\/sk\/wp-json\/wp\/v2\/comments?post=6813"}],"version-history":[{"count":2,"href":"https:\/\/universofamilia.com\/sk\/wp-json\/wp\/v2\/posts\/6813\/revisions"}],"predecessor-version":[{"id":10474,"href":"https:\/\/universofamilia.com\/sk\/wp-json\/wp\/v2\/posts\/6813\/revisions\/10474"}],"wp:featuredmedia":[{"embeddable":true,"href":"https:\/\/universofamilia.com\/sk\/wp-json\/wp\/v2\/media\/6816"}],"wp:attachment":[{"href":"https:\/\/universofamilia.com\/sk\/wp-json\/wp\/v2\/media?parent=6813"}],"wp:term":[{"taxonomy":"category","embeddable":true,"href":"https:\/\/universofamilia.com\/sk\/wp-json\/wp\/v2\/categories?post=6813"},{"taxonomy":"post_tag","embeddable":true,"href":"https:\/\/universofamilia.com\/sk\/wp-json\/wp\/v2\/tags?post=6813"}],"curies":[{"name":"wp","href":"https:\/\/api.w.org\/{rel}","templated":true}]}}