{"id":6873,"date":"2024-10-14T21:36:56","date_gmt":"2024-10-15T00:36:56","guid":{"rendered":"https:\/\/universofamilia.com\/?p=6873"},"modified":"2025-02-07T01:23:08","modified_gmt":"2025-02-07T01:23:08","slug":"vea-como-aumentar-el-espacio-de-almacenamiento-de-su-celular","status":"publish","type":"post","link":"https:\/\/universofamilia.com\/sk\/vea-como-aumentar-el-espacio-de-almacenamiento-de-su-celular\/","title":{"rendered":"Pozrite si, ako zv\u00e4\u010d\u0161i\u0165 \u00falo\u017en\u00fd priestor mobiln\u00e9ho telef\u00f3nu"},"content":{"rendered":"<p>Nedostatok miesta v telef\u00f3ne je jedn\u00fdm z naj\u010dastej\u0161\u00edch probl\u00e9mov pou\u017e\u00edvate\u013eov smartf\u00f3nov, najm\u00e4 ke\u010f s\u00fa na\u0161e zariadenia zahlten\u00e9 fotografiami, videami, aplik\u00e1ciami a dokumentmi.<\/p>\n\n\n\n<p>Kto e\u0161te neza\u017eil frustr\u00e1ciu z in\u0161tal\u00e1cie d\u00f4le\u017eitej aplik\u00e1cie alebo zachytenia v\u00fdnimo\u010dn\u00e9ho okamihu, ke\u010f sa mu zobrazila ob\u00e1van\u00e1 spr\u00e1va \u201e\u00dalo\u017eisko je pln\u00e9\u201c?<\/p>\n\n\n\n<p><\/p>\n\n\n\n<hr class=\"wp-block-separator has-text-color has-luminous-vivid-orange-color has-alpha-channel-opacity has-luminous-vivid-orange-background-color has-background\" \/>\n\n\n\n<h2 class=\"wp-block-heading has-text-align-center\">\u010co by si chcel\/a urobi\u0165 ako prv\u00e9?<\/h2>\n\n\n\n<div class=\"wp-block-buttons is-content-justification-center is-layout-flex wp-container-core-buttons-layout-1 wp-block-buttons-is-layout-flex\">\n<div class=\"wp-block-button has-custom-width wp-block-button__width-100 is-style-outline\" style=\"text-decoration:none\"><a class=\"wp-block-button__link has-white-color has-vivid-cyan-blue-background-color has-text-color has-background has-link-color has-text-align-left wp-element-button\" href=\"https:\/\/universofamilia.com\/sk\/6877\/tu-celular-tiene-muchos-anuncios-y-virus\/\" style=\"border-radius:10px\">Odstr\u00e1\u0148te reklamy a v\u00edrusy \u27a1\ufe0f<\/a><\/div>\n<\/div>\n\n\n\n<div class=\"wp-block-buttons is-content-justification-center is-layout-flex wp-container-core-buttons-layout-2 wp-block-buttons-is-layout-flex\">\n<div class=\"wp-block-button has-custom-width wp-block-button__width-100 is-style-outline\" style=\"text-decoration:none\"><a class=\"wp-block-button__link has-white-color has-vivid-cyan-blue-background-color has-text-color has-background has-link-color has-text-align-left wp-element-button\" href=\"https:\/\/universofamilia.com\/sk\/6883\/tu-telefono-esta-lento\/\" style=\"border-radius:10px\">Zr\u00fdchli m\u00f4j mobil \u27a1\ufe0f<\/a><\/div>\n<\/div>\n\n\n\n<div class=\"wp-block-buttons is-content-justification-center is-layout-flex wp-container-core-buttons-layout-3 wp-block-buttons-is-layout-flex\">\n<div class=\"wp-block-button has-custom-width wp-block-button__width-100 is-style-outline\" style=\"text-decoration:none\"><a class=\"wp-block-button__link has-white-color has-vivid-cyan-blue-background-color has-text-color has-background has-link-color has-text-align-left wp-element-button\" href=\"https:\/\/universofamilia.com\/sk\/6867\/el-mejor-y-mas-eficaz-aplicacion-de-limpieza-de-celular-lanzado\/\" style=\"border-radius:10px\">Vydan\u00e1 najlep\u0161ia aplik\u00e1cia na \u010distenie mobiln\u00fdch telef\u00f3nov \u27a1\ufe0f<\/a><\/div>\n<\/div>\n\n\n\n<p class=\"has-text-align-center\"><em><strong>\u010c\u00edtajte \u010falej!<\/strong><\/em><\/p>\n\n\n\n<hr class=\"wp-block-separator has-text-color has-luminous-vivid-orange-color has-alpha-channel-opacity has-luminous-vivid-orange-background-color has-background\" \/>\n\n\n\n<p><\/p>\n\n\n\n<p>Dnes presk\u00famame, ako m\u00f4\u017eete jednoducho a prakticky zv\u00e4\u010d\u0161i\u0165 \u00falo\u017en\u00fd priestor telef\u00f3nu bez toho, aby ste museli vymaza\u0165 svoje ob\u013e\u00faben\u00e9 fotografie!<\/p>\n\n\n\n<h2 class=\"wp-block-heading\">V\u00fdhody aplik\u00e1ci\u00ed na \u010distenie mobiln\u00fdch telef\u00f3nov<\/h2>\n\n\n\n<p>Aplik\u00e1cie na \u010distenie mobiln\u00fdch telef\u00f3nov s\u00fa r\u00fdchle a efekt\u00edvne rie\u0161enia na optimaliz\u00e1ciu \u00falo\u017en\u00e9ho priestoru.<\/p>\n\n\n\n<p>Funguj\u00fa ako mal\u00ed osobn\u00ed asistenti, ktor\u00ed v\u00e1m pom\u00f4\u017eu usporiada\u0165 si veci, ktor\u00e9 v\u00e1m v telef\u00f3ne zaberaj\u00fa nepotrebn\u00e9 miesto, a pon\u00fakaj\u00fa nieko\u013eko funkci\u00ed, ktor\u00e9 prin\u00e1\u0161aj\u00fa okam\u017eit\u00e9 v\u00fdhody.<\/p>\n\n\n\n<h3 class=\"wp-block-heading\">\u010cistenie nepotrebn\u00fdch s\u00faborov<\/h3>\n\n\n\n<p>Postupom \u010dasu sa v telef\u00f3ne nahromad\u00ed mno\u017estvo s\u00faborov, ktor\u00e9 si ani nev\u0161imnete: vide\u00e1, ktor\u00e9 ste si stiahli na jednorazov\u00e9 prezeranie, vyrovn\u00e1vacie pam\u00e4te aplik\u00e1ci\u00ed a dokonca aj duplicitn\u00e9 s\u00fabory.<\/p>\n\n\n\n<p>\u010cistiace aplik\u00e1cie s\u00fa skvel\u00e9 na identifik\u00e1ciu a odstr\u00e1nenie t\u00fdchto s\u00faborov bez toho, aby to ohrozilo v\u00fdkon v\u00e1\u0161ho zariadenia.<\/p>\n\n\n\n<blockquote class=\"wp-block-quote\">\n<p><strong>Pozorovanie<\/strong>Z politick\u00fdch a komer\u010dn\u00fdch d\u00f4vodov bola aplik\u00e1cia ukon\u010den\u00e1 a odstr\u00e1nen\u00e1 z obchodov s aplik\u00e1ciami v Spojen\u00fdch \u0161t\u00e1toch.<\/p>\n\n\n\n<p>Z tohto d\u00f4vodu v\u00e1s odkazy v tomto \u010dl\u00e1nku presmeruj\u00fa priamo na ofici\u00e1lnu webov\u00fa str\u00e1nku <strong>Kaspersky<\/strong>.<\/p>\n<\/blockquote>\n\n\n\n<h3 class=\"wp-block-heading\">Spr\u00e1va aplik\u00e1ci\u00ed<\/h3>\n\n\n\n<p>\u010eal\u0161ou neuverite\u013enou v\u00fdhodou aplik\u00e1ci\u00ed na \u010distenie je efekt\u00edvna spr\u00e1va in\u00fdch aplik\u00e1ci\u00ed. Mnoh\u00ed z n\u00e1s maj\u00fa zbierku aplik\u00e1ci\u00ed, ktor\u00e9 pou\u017e\u00edvame len zriedka.<\/p>\n\n\n\n<p>V\u010faka t\u00fdmto \u010distiacim aplik\u00e1ci\u00e1m m\u00f4\u017eete vidie\u0165, ktor\u00e9 z nich zaberaj\u00fa najviac miesta a pou\u017e\u00edvaj\u00fa sa najmenej, \u010do v\u00e1m umo\u017en\u00ed ich r\u00fdchlo a jednoducho odin\u0161talova\u0165.<\/p>\n\n\n\n<h3 class=\"wp-block-heading\">Anal\u00fdza ve\u013ek\u00fdch s\u00faborov<\/h3>\n\n\n\n<p>Ko\u013ekokr\u00e1t ste si stiahli video alebo s\u00fabor vo vysokej kvalite, aby ste si ho pozreli nesk\u00f4r, a zabudli ste ho vymaza\u0165?<\/p>\n\n\n\n<p>\u010cistiace aplik\u00e1cie tie\u017e vyh\u013ead\u00e1vaj\u00fa tieto ve\u013ek\u00e9 s\u00fabory a pon\u00fakaj\u00fa mo\u017enos\u0165 ich vymaza\u0165 alebo prenies\u0165 do cloudov\u00e9ho \u00falo\u017eiska.<\/p>\n\n\n\n<h3 class=\"wp-block-heading\">Cloudov\u00e9 \u00falo\u017eisko<\/h3>\n\n\n\n<p>Ke\u010f u\u017e hovor\u00edme o cloude, \u010fal\u0161\u00edm \u00fa\u010dinn\u00fdm sp\u00f4sobom uvo\u013enenia miesta je ukladanie fotografi\u00ed, vide\u00ed a dokumentov priamo do cloudu.<\/p>\n\n\n\n<p>V\u00e4\u010d\u0161ina \u00falo\u017en\u00fdch slu\u017eieb, ako napr\u00edklad Disk Google a iCloud, pon\u00faka zna\u010dn\u00e9 mno\u017estvo bezplatn\u00e9ho miesta.<\/p>\n\n\n\n<p>Takto s\u00fa va\u0161e s\u00fabory v bezpe\u010d\u00ed a pr\u00edstupn\u00e9, ale nezaberaj\u00fa miesto vo va\u0161om zariaden\u00ed.<\/p>\n\n\n\n<p><\/p>\n\n\n\n<hr class=\"wp-block-separator has-text-color has-luminous-vivid-orange-color has-alpha-channel-opacity has-luminous-vivid-orange-background-color has-background\" \/>\n\n\n\n<h2 class=\"wp-block-heading\">Pre\u010d\u00edtajte si tie\u017e:<\/h2>\n\n\n\n<ul class=\"wp-block-list\">\n<li class=\"has-medium-font-size\"><a href=\"https:\/\/universofamilia.com\/sk\/6832\/aplicacion-para-bailar-zumba\/\">\ud83d\udccc Aplik\u00e1cia na tanec Zumba &gt;<\/a><\/li>\n\n\n\n<li class=\"has-medium-font-size\"><a href=\"https:\/\/universofamilia.com\/sk\/6568\/aprende-mecanica-automotriz-aplicacion\/\">\ud83d\udccc Nau\u010dte sa automechaniku pomocou aplik\u00e1cie<\/a><\/li>\n<\/ul>\n\n\n\n<hr class=\"wp-block-separator has-text-color has-luminous-vivid-orange-color has-alpha-channel-opacity has-luminous-vivid-orange-background-color has-background\" \/>\n\n\n\n<p><\/p>\n\n\n\n<h2 class=\"wp-block-heading\">V\u00fdhody aplik\u00e1cie Kaspersky Mobile Security<\/h2>\n\n\n\n<p>Medzi r\u00f4znymi \u010distiacimi a bezpe\u010dnostn\u00fdmi aplik\u00e1ciami dostupn\u00fdmi na trhu, <strong>Kaspersky Mobile Security<\/strong> Vynik\u00e1 t\u00fdm, \u017ee pon\u00faka kombin\u00e1ciu robustn\u00fdch n\u00e1strojov na spr\u00e1vu \u00fadajov a digit\u00e1lneho zabezpe\u010denia, ako aj v\u00fdhody, ktor\u00e9 si zamilujete.<\/p>\n\n\n\n<h3 class=\"wp-block-heading\">Jednoduchos\u0165 pou\u017e\u00edvania a \u00faspora \u010dasu<\/h3>\n\n\n\n<p>Jednou z najv\u00e4\u010d\u0161\u00edch v\u00fdhod Kaspersky je jeho u\u017e\u00edvate\u013esky pr\u00edvetiv\u00e9 rozhranie. Aj ke\u010f nie ste technick\u00fd nad\u0161enec, navig\u00e1cia v jeho funkci\u00e1ch je jednoduch\u00e1 a priamo\u010diara.<\/p>\n\n\n\n<p>Len nieko\u013ek\u00fdmi kliknutiami m\u00f4\u017eete vykona\u0165 kompletn\u00e9 vy\u010distenie, \u010d\u00edm u\u0161etr\u00edte \u010das a eliminujete potrebu manu\u00e1lneho vyh\u013ead\u00e1vania s\u00faborov.<\/p>\n\n\n\n<h3 class=\"wp-block-heading\">Okam\u017eit\u00e9 zlep\u0161enie<\/h3>\n\n\n\n<p>Po pou\u017eit\u00ed aplik\u00e1cie Kaspersky je badate\u013en\u00e9 zlep\u0161enie v\u00fdkonu mobiln\u00e9ho telef\u00f3nu. Odstr\u00e1nen\u00edm nepotrebn\u00fdch vyrovn\u00e1vac\u00edch pam\u00e4t\u00ed a ve\u013ek\u00fdch s\u00faborov bude v\u00e1\u0161 telef\u00f3n be\u017ea\u0165 r\u00fdchlej\u0161ie bez otravn\u00e9ho zam\u0155zania.<\/p>\n\n\n\n<p>V\u0161etko lep\u0161ie te\u010die a rozdiel si m\u00f4\u017eete okam\u017eite v\u0161imn\u00fa\u0165.<\/p>\n\n\n\n<h3 class=\"wp-block-heading\">Viac \u00falo\u017en\u00e9ho priestoru<\/h3>\n\n\n\n<p>Vymazanie vyrovn\u00e1vacej pam\u00e4te a do\u010dasn\u00fdch s\u00faborov m\u00e1 priamy vplyv na mno\u017estvo uvo\u013enen\u00e9ho miesta.<\/p>\n\n\n\n<p>A Kaspersky to rob\u00ed efekt\u00edvne a identifikuje, \u010do sa d\u00e1 skuto\u010dne odstr\u00e1ni\u0165 bez toho, aby to ohrozilo va\u0161e zariadenie.<\/p>\n\n\n<div class=\"wp-block-image\">\n<figure class=\"aligncenter size-full\"><img loading=\"lazy\" decoding=\"async\" width=\"550\" height=\"350\" src=\"http:\/\/universofamilia.com\/wp-content\/uploads\/sites\/148\/2024\/10\/DESTAQUE-UNIVERSO-550-x-350-1-3.jpg\" alt=\"\" class=\"wp-image-6874\" srcset=\"https:\/\/universofamilia.com\/wp-content\/uploads\/sites\/148\/2024\/10\/DESTAQUE-UNIVERSO-550-x-350-1-3.jpg 550w, https:\/\/universofamilia.com\/wp-content\/uploads\/sites\/148\/2024\/10\/DESTAQUE-UNIVERSO-550-x-350-1-3-300x191.jpg 300w\" sizes=\"(max-width: 550px) 100vw, 550px\" \/><figcaption class=\"wp-element-caption\">Pozrite si, ako zv\u00e4\u010d\u0161i\u0165 \u00falo\u017en\u00fd priestor mobiln\u00e9ho telef\u00f3nu<\/figcaption><\/figure><\/div>\n\n\n<h3 class=\"wp-block-heading\">Vylep\u0161en\u00fd v\u00fdkon<\/h3>\n\n\n\n<p>Okrem uvo\u013enenia miesta Kaspersky Mobile Security tie\u017e zlep\u0161uje celkov\u00fd v\u00fdkon zariadenia.<\/p>\n\n\n\n<p>Je to preto, \u017ee detekuje nepotrebn\u00e9 procesy be\u017eiace na pozad\u00ed a spotreb\u00favaj\u00face cenn\u00e9 zdroje.<\/p>\n\n\n\n<h3 class=\"wp-block-heading\">Efekt\u00edvna spr\u00e1va \u00fadajov<\/h3>\n\n\n\n<p>S Kasperskym m\u00e1te \u00fapln\u00fa kontrolu nad t\u00fdm, \u010do zaber\u00e1 miesto vo va\u0161om telef\u00f3ne.<\/p>\n\n\n\n<p>Usporiadajte si fotografie, vide\u00e1 a \u010fal\u0161ie s\u00fabory, aby ste videli, \u010do v\u00e1s na zariaden\u00ed skuto\u010dne za\u0165a\u017euje, a mohli sa rozhodn\u00fa\u0165, \u010di si to ponech\u00e1te alebo vyma\u017eete.<\/p>\n\n\n\n<h3 class=\"wp-block-heading\">Dlh\u0161ia v\u00fddr\u017e bat\u00e9rie<\/h3>\n\n\n\n<p>\u010eal\u0161\u00edm zauj\u00edmav\u00fdm aspektom je, \u017ee vypnut\u00edm nepotrebn\u00fdch procesov aplik\u00e1cia tie\u017e zlep\u0161uje v\u00fddr\u017e bat\u00e9rie.<\/p>\n\n\n\n<p>Nielen\u017ee to \u0161etr\u00ed miesto, ale aj predl\u017euje v\u00fddr\u017e bat\u00e9rie, \u010do je obzvl\u00e1\u0161\u0165 u\u017eito\u010dn\u00e9 pre t\u00fdch, ktor\u00ed pou\u017e\u00edvaj\u00fa telef\u00f3n cel\u00fd de\u0148.<\/p>\n\n\n\n<h3 class=\"wp-block-heading\">Ochrana s\u00fakromia<\/h3>\n\n\n\n<p>Ochrana s\u00fakromia je \u010fal\u0161\u00edm d\u00f4le\u017eit\u00fdm bodom spolo\u010dnosti Kaspersky.<\/p>\n\n\n\n<p>V \u010dasoch \u00fanikov \u00fadajov a kr\u00e1de\u017ee inform\u00e1ci\u00ed je nevyhnutn\u00e9 ma\u0165 aplik\u00e1ciu, ktor\u00e1 nielen \u010dist\u00ed, ale aj chr\u00e1ni va\u0161e osobn\u00e9 \u00fadaje.<\/p>\n\n\n\n<p>S n\u00edm m\u00f4\u017eete eliminova\u0165 stopy prehliadania a chr\u00e1ni\u0165 svoje najcitlivej\u0161ie inform\u00e1cie.<\/p>\n\n\n\n<h2 class=\"wp-block-heading\">\u010casto kladen\u00e9 ot\u00e1zky o v\u00fdhod\u00e1ch spolo\u010dnosti Kaspersky<\/h2>\n\n\n\n<p><strong>1. Naozaj Kaspersky pom\u00e1ha uvo\u013eni\u0165 miesto v telef\u00f3ne?<\/strong><\/p>\n\n\n\n<p>\u00c1no! Kaspersky Mobile Security m\u00e1 vstavan\u00fd n\u00e1stroj na \u010distenie, ktor\u00fd kompletne preh\u013ead\u00e1 va\u0161e zariadenie a bezpe\u010dne odstr\u00e1ni nepotrebn\u00e9 s\u00fabory.<\/p>\n\n\n\n<p><strong>2. Je bezpe\u010dn\u00e9 ho pou\u017e\u00edva\u0165?<\/strong><\/p>\n\n\n\n<p>Rozhodne! Kaspersky je jednou z najd\u00f4veryhodnej\u0161\u00edch bezpe\u010dnostn\u00fdch aplik\u00e1ci\u00ed na trhu a je \u0161iroko pou\u017e\u00edvan\u00e1 po celom svete.<\/p>\n\n\n\n<p><strong>3. Ovplyv\u0148uje to v\u00fdkon mobiln\u00e9ho telef\u00f3nu?<\/strong><\/p>\n\n\n\n<p>Naopak, rob\u00ed to to lep\u0161\u00edm! Uvo\u013enen\u00edm pam\u00e4te a lep\u0161ou spr\u00e1vou procesov telef\u00f3nu sa zvy\u0161uje celkov\u00fd v\u00fdkon.<\/p>\n\n\n\n<p><strong>4. Je to kompatibiln\u00e9 s moj\u00edm telef\u00f3nom?<\/strong><\/p>\n\n\n\n<p>Kaspersky Mobile Security je k dispoz\u00edcii pre zariadenia so syst\u00e9mom Android aj iOS. Viac inform\u00e1ci\u00ed o kompatibilite v\u00e1\u0161ho zariadenia n\u00e1jdete na odkazoch na stiahnutie na konci tohto \u010dl\u00e1nku.<\/p>\n\n\n\n<h2 class=\"wp-block-heading\">\u010co hovoria pou\u017e\u00edvatelia?<\/h2>\n\n\n\n<p>Aby ste mali v\u00e4\u010d\u0161iu d\u00f4veru v aplik\u00e1ciu Kaspersky Mobile Security, zostavili sme nieko\u013eko referenci\u00ed od pou\u017e\u00edvate\u013eov, ktor\u00ed si aplik\u00e1ciu vysk\u00fa\u0161ali a s\u00fa s \u0148ou spokojn\u00ed:<\/p>\n\n\n\n<ul class=\"wp-block-list\">\n<li><strong>Juan M.<\/strong>\u201eAplik\u00e1cia sa ve\u013emi \u013eahko pou\u017e\u00edva. Vyrie\u0161il som svoj probl\u00e9m s nedostatkom \u00falo\u017eiska v priebehu nieko\u013ek\u00fdch min\u00fat a tie\u017e sa mi podarilo pred\u013a\u017ei\u0165 v\u00fddr\u017e bat\u00e9rie telef\u00f3nu. Vrelo ju odpor\u00fa\u010dam!\u201c<\/li>\n\n\n\n<li><strong>Ana S.<\/strong>\u201eMilujem funkciu skenovania ve\u013ek\u00fdch s\u00faborov. V\u017edy som mal obrovsk\u00e9 vide\u00e1, ktor\u00e9 som zabudol vymaza\u0165, a Kaspersky mi to vyrie\u0161il. M\u00f4j telef\u00f3n je ove\u013ea r\u00fdchlej\u0161\u00ed.\u201c<\/li>\n\n\n\n<li><strong>Roberto P.<\/strong>\u201eOkrem uvo\u013enenia miesta mi Kaspersky poskytol aj pokoj v du\u0161i, pokia\u013e ide o bezpe\u010dnos\u0165. Stoj\u00ed to za ka\u017ed\u00fd cent!\u201c<\/li>\n<\/ul>\n\n\n\n<h2 class=\"wp-block-heading\">Z\u00e1ver<\/h2>\n\n\n\n<p>Ak m\u00e1te probl\u00e9m s uvo\u013enen\u00edm miesta v telef\u00f3ne a zlep\u0161en\u00edm v\u00fdkonu bez toho, aby ste museli vymaza\u0165 svoje najcennej\u0161ie spomienky, Kaspersky Mobile Security je ide\u00e1lnym rie\u0161en\u00edm.<\/p>\n\n\n\n<p>Pon\u00faka \u013eahko pou\u017eite\u013en\u00e9 n\u00e1stroje, zlep\u0161uje v\u00fdkon v\u00e1\u0161ho zariadenia a z\u00e1rove\u0148 chr\u00e1ni va\u0161e s\u00fakromie.<\/p>\n\n\n\n<p>Teraz, ke\u010f viete, ako zv\u00e4\u010d\u0161i\u0165 \u00falo\u017en\u00fd priestor v telef\u00f3ne, je \u010das kona\u0165! Vyu\u017eite t\u00fato v\u00fdhodu a stiahnite si aplik\u00e1ciu, aby ste zmenili v\u00fdkon svojho zariadenia.<\/p>\n\n\n\n<p><strong>Stiahnite si aplik\u00e1cie tu:<\/strong><\/p>\n\n\n\n<ul class=\"wp-block-list\">\n<li><strong>Kaspersky \u2013 <a href=\"https:\/\/www.kaspersky.com.br\/downloads\">Android<\/a><\/strong> \/<strong> <a href=\"https:\/\/www.kaspersky.com.br\/downloads\">iOS<\/a><\/strong><\/li>\n<\/ul>\n\n\n\n<p>V\u00e1\u0161 mobiln\u00fd telef\u00f3n sa v\u00e1m po\u010fakuje!<\/p>","protected":false},"excerpt":{"rendered":"<p>Nedostatok miesta v telef\u00f3ne je jedn\u00fdm z naj\u010dastej\u0161\u00edch probl\u00e9mov pou\u017e\u00edvate\u013eov smartf\u00f3nov, najm\u00e4 ke\u010f s\u00fa na\u0161e zariadenia zaplnen\u00e9 fotografiami, videami, aplik\u00e1ciami a dokumentmi. Kto neza\u017eil frustr\u00e1ciu z in\u0161tal\u00e1cie d\u00f4le\u017eitej aplik\u00e1cie alebo zachytenia v\u00fdnimo\u010dn\u00e9ho okamihu, len aby dostal ob\u00e1van\u00fa spr\u00e1vu: [\u2026]<\/p>","protected":false},"author":139,"featured_media":6874,"comment_status":"closed","ping_status":"open","sticky":false,"template":"","format":"standard","meta":{"footnotes":""},"categories":[4],"tags":[196,500,767,969,1027,1083],"yoast_head":"<!-- This site is optimized with the Yoast SEO plugin v23.3 - https:\/\/yoast.com\/wordpress\/plugins\/seo\/ -->\n<title>Vea C\u00f3mo Aumentar el Espacio de Almacenamiento de su Celular - Universo Fam\u00edlia<\/title>\n<meta name=\"description\" content=\"Vea C\u00f3mo Aumentar el Espacio de Almacenamiento de su Celular. La falta de espacio en el celular es uno de los problemas m\u00e1s comunes entre...\" \/>\n<meta name=\"robots\" content=\"index, follow, max-snippet:-1, max-image-preview:large, max-video-preview:-1\" \/>\n<link rel=\"canonical\" href=\"https:\/\/universofamilia.com\/sk\/vea-como-aumentar-el-espacio-de-almacenamiento-de-su-celular\/\" \/>\n<meta property=\"og:locale\" content=\"sk_SK\" \/>\n<meta property=\"og:type\" content=\"article\" \/>\n<meta property=\"og:title\" content=\"Vea C\u00f3mo Aumentar el Espacio de Almacenamiento de su Celular - Universo Fam\u00edlia\" \/>\n<meta property=\"og:description\" content=\"Vea C\u00f3mo Aumentar el Espacio de Almacenamiento de su Celular. La falta de espacio en el celular es uno de los problemas m\u00e1s comunes entre...\" \/>\n<meta property=\"og:url\" content=\"https:\/\/universofamilia.com\/sk\/vea-como-aumentar-el-espacio-de-almacenamiento-de-su-celular\/\" \/>\n<meta property=\"og:site_name\" content=\"Universo Fam\u00edlia\" \/>\n<meta property=\"article:published_time\" content=\"2024-10-15T00:36:56+00:00\" \/>\n<meta property=\"article:modified_time\" content=\"2025-02-07T01:23:08+00:00\" \/>\n<meta property=\"og:image\" content=\"https:\/\/universofamilia.com\/wp-content\/uploads\/sites\/148\/2024\/10\/DESTAQUE-UNIVERSO-550-x-350-1-3.jpg\" \/>\n\t<meta property=\"og:image:width\" content=\"550\" \/>\n\t<meta property=\"og:image:height\" content=\"350\" \/>\n\t<meta property=\"og:image:type\" content=\"image\/jpeg\" \/>\n<meta name=\"author\" content=\"Pedro Henrique\" \/>\n<meta name=\"twitter:card\" content=\"summary_large_image\" \/>\n<meta name=\"twitter:label1\" content=\"Written by\" \/>\n\t<meta name=\"twitter:data1\" content=\"Pedro Henrique\" \/>\n\t<meta name=\"twitter:label2\" content=\"Est. reading time\" \/>\n\t<meta name=\"twitter:data2\" content=\"7 min\u00fat\" \/>\n<script type=\"application\/ld+json\" class=\"yoast-schema-graph\">{\"@context\":\"https:\/\/schema.org\",\"@graph\":[{\"@type\":\"WebPage\",\"@id\":\"https:\/\/universofamilia.com\/nl\/vea-como-aumentar-el-espacio-de-almacenamiento-de-su-celular\/\",\"url\":\"https:\/\/universofamilia.com\/nl\/vea-como-aumentar-el-espacio-de-almacenamiento-de-su-celular\/\",\"name\":\"Vea C\u00f3mo Aumentar el Espacio de Almacenamiento de su Celular - Universo Fam\u00edlia\",\"isPartOf\":{\"@id\":\"https:\/\/universofamilia.com\/el\/#website\"},\"primaryImageOfPage\":{\"@id\":\"https:\/\/universofamilia.com\/nl\/vea-como-aumentar-el-espacio-de-almacenamiento-de-su-celular\/#primaryimage\"},\"image\":{\"@id\":\"https:\/\/universofamilia.com\/nl\/vea-como-aumentar-el-espacio-de-almacenamiento-de-su-celular\/#primaryimage\"},\"thumbnailUrl\":\"https:\/\/universofamilia.com\/wp-content\/uploads\/sites\/148\/2024\/10\/DESTAQUE-UNIVERSO-550-x-350-1-3.jpg\",\"datePublished\":\"2024-10-15T00:36:56+00:00\",\"dateModified\":\"2025-02-07T01:23:08+00:00\",\"author\":{\"@id\":\"https:\/\/universofamilia.com\/el\/#\/schema\/person\/f07ce98187dd84d31154262e79b3b7ca\"},\"description\":\"Vea C\u00f3mo Aumentar el Espacio de Almacenamiento de su Celular. La falta de espacio en el celular es uno de los problemas m\u00e1s comunes entre...\",\"breadcrumb\":{\"@id\":\"https:\/\/universofamilia.com\/nl\/vea-como-aumentar-el-espacio-de-almacenamiento-de-su-celular\/#breadcrumb\"},\"inLanguage\":\"sk-SK\",\"potentialAction\":[{\"@type\":\"ReadAction\",\"target\":[\"https:\/\/universofamilia.com\/nl\/vea-como-aumentar-el-espacio-de-almacenamiento-de-su-celular\/\"]}]},{\"@type\":\"ImageObject\",\"inLanguage\":\"sk-SK\",\"@id\":\"https:\/\/universofamilia.com\/nl\/vea-como-aumentar-el-espacio-de-almacenamiento-de-su-celular\/#primaryimage\",\"url\":\"https:\/\/universofamilia.com\/wp-content\/uploads\/sites\/148\/2024\/10\/DESTAQUE-UNIVERSO-550-x-350-1-3.jpg\",\"contentUrl\":\"https:\/\/universofamilia.com\/wp-content\/uploads\/sites\/148\/2024\/10\/DESTAQUE-UNIVERSO-550-x-350-1-3.jpg\",\"width\":550,\"height\":350,\"caption\":\"Vea C\u00f3mo Aumentar el Espacio de Almacenamiento de su Celular\"},{\"@type\":\"BreadcrumbList\",\"@id\":\"https:\/\/universofamilia.com\/nl\/vea-como-aumentar-el-espacio-de-almacenamiento-de-su-celular\/#breadcrumb\",\"itemListElement\":[{\"@type\":\"ListItem\",\"position\":1,\"name\":\"Home\",\"item\":\"https:\/\/universofamilia.com\/el\/\"},{\"@type\":\"ListItem\",\"position\":2,\"name\":\"Vea C\u00f3mo Aumentar el Espacio de Almacenamiento de su Celular\"}]},{\"@type\":\"WebSite\",\"@id\":\"https:\/\/universofamilia.com\/el\/#website\",\"url\":\"https:\/\/universofamilia.com\/el\/\",\"name\":\"Universo Fam\u00edlia\",\"description\":\"\",\"potentialAction\":[{\"@type\":\"SearchAction\",\"target\":{\"@type\":\"EntryPoint\",\"urlTemplate\":\"https:\/\/universofamilia.com\/el\/?s={search_term_string}\"},\"query-input\":\"required name=search_term_string\"}],\"inLanguage\":\"sk-SK\"},{\"@type\":\"Person\",\"@id\":\"https:\/\/universofamilia.com\/el\/#\/schema\/person\/f07ce98187dd84d31154262e79b3b7ca\",\"name\":\"Pedro Henrique\",\"image\":{\"@type\":\"ImageObject\",\"inLanguage\":\"sk-SK\",\"@id\":\"https:\/\/universofamilia.com\/el\/#\/schema\/person\/image\/\",\"url\":\"https:\/\/secure.gravatar.com\/avatar\/9edfeb808cb4e1599f64d6e45b130154?s=96&d=mm&r=g\",\"contentUrl\":\"https:\/\/secure.gravatar.com\/avatar\/9edfeb808cb4e1599f64d6e45b130154?s=96&d=mm&r=g\",\"caption\":\"Pedro Henrique\"},\"url\":\"https:\/\/universofamilia.com\/sk\/author\/editor01\/\"}]}<\/script>\n<!-- \/ Yoast SEO plugin. -->","yoast_head_json":{"title":"Vea C\u00f3mo Aumentar el Espacio de Almacenamiento de su Celular - Universo Fam\u00edlia","description":"Vea C\u00f3mo Aumentar el Espacio de Almacenamiento de su Celular. La falta de espacio en el celular es uno de los problemas m\u00e1s comunes entre...","robots":{"index":"index","follow":"follow","max-snippet":"max-snippet:-1","max-image-preview":"max-image-preview:large","max-video-preview":"max-video-preview:-1"},"canonical":"https:\/\/universofamilia.com\/sk\/vea-como-aumentar-el-espacio-de-almacenamiento-de-su-celular\/","og_locale":"sk_SK","og_type":"article","og_title":"Vea C\u00f3mo Aumentar el Espacio de Almacenamiento de su Celular - Universo Fam\u00edlia","og_description":"Vea C\u00f3mo Aumentar el Espacio de Almacenamiento de su Celular. La falta de espacio en el celular es uno de los problemas m\u00e1s comunes entre...","og_url":"https:\/\/universofamilia.com\/sk\/vea-como-aumentar-el-espacio-de-almacenamiento-de-su-celular\/","og_site_name":"Universo Fam\u00edlia","article_published_time":"2024-10-15T00:36:56+00:00","article_modified_time":"2025-02-07T01:23:08+00:00","og_image":[{"width":550,"height":350,"url":"https:\/\/universofamilia.com\/wp-content\/uploads\/sites\/148\/2024\/10\/DESTAQUE-UNIVERSO-550-x-350-1-3.jpg","type":"image\/jpeg"}],"author":"Pedro Henrique","twitter_card":"summary_large_image","twitter_misc":{"Written by":"Pedro Henrique","Est. reading time":"7 min\u00fat"},"schema":{"@context":"https:\/\/schema.org","@graph":[{"@type":"WebPage","@id":"https:\/\/universofamilia.com\/nl\/vea-como-aumentar-el-espacio-de-almacenamiento-de-su-celular\/","url":"https:\/\/universofamilia.com\/nl\/vea-como-aumentar-el-espacio-de-almacenamiento-de-su-celular\/","name":"Vea C\u00f3mo Aumentar el Espacio de Almacenamiento de su Celular - Universo Fam\u00edlia","isPartOf":{"@id":"https:\/\/universofamilia.com\/el\/#website"},"primaryImageOfPage":{"@id":"https:\/\/universofamilia.com\/nl\/vea-como-aumentar-el-espacio-de-almacenamiento-de-su-celular\/#primaryimage"},"image":{"@id":"https:\/\/universofamilia.com\/nl\/vea-como-aumentar-el-espacio-de-almacenamiento-de-su-celular\/#primaryimage"},"thumbnailUrl":"https:\/\/universofamilia.com\/wp-content\/uploads\/sites\/148\/2024\/10\/DESTAQUE-UNIVERSO-550-x-350-1-3.jpg","datePublished":"2024-10-15T00:36:56+00:00","dateModified":"2025-02-07T01:23:08+00:00","author":{"@id":"https:\/\/universofamilia.com\/el\/#\/schema\/person\/f07ce98187dd84d31154262e79b3b7ca"},"description":"Vea C\u00f3mo Aumentar el Espacio de Almacenamiento de su Celular. La falta de espacio en el celular es uno de los problemas m\u00e1s comunes entre...","breadcrumb":{"@id":"https:\/\/universofamilia.com\/nl\/vea-como-aumentar-el-espacio-de-almacenamiento-de-su-celular\/#breadcrumb"},"inLanguage":"sk-SK","potentialAction":[{"@type":"ReadAction","target":["https:\/\/universofamilia.com\/nl\/vea-como-aumentar-el-espacio-de-almacenamiento-de-su-celular\/"]}]},{"@type":"ImageObject","inLanguage":"sk-SK","@id":"https:\/\/universofamilia.com\/nl\/vea-como-aumentar-el-espacio-de-almacenamiento-de-su-celular\/#primaryimage","url":"https:\/\/universofamilia.com\/wp-content\/uploads\/sites\/148\/2024\/10\/DESTAQUE-UNIVERSO-550-x-350-1-3.jpg","contentUrl":"https:\/\/universofamilia.com\/wp-content\/uploads\/sites\/148\/2024\/10\/DESTAQUE-UNIVERSO-550-x-350-1-3.jpg","width":550,"height":350,"caption":"Vea C\u00f3mo Aumentar el Espacio de Almacenamiento de su Celular"},{"@type":"BreadcrumbList","@id":"https:\/\/universofamilia.com\/nl\/vea-como-aumentar-el-espacio-de-almacenamiento-de-su-celular\/#breadcrumb","itemListElement":[{"@type":"ListItem","position":1,"name":"Home","item":"https:\/\/universofamilia.com\/el\/"},{"@type":"ListItem","position":2,"name":"Vea C\u00f3mo Aumentar el Espacio de Almacenamiento de su Celular"}]},{"@type":"WebSite","@id":"https:\/\/universofamilia.com\/el\/#website","url":"https:\/\/universofamilia.com\/el\/","name":"Universo Fam\u00edlia","description":"","potentialAction":[{"@type":"SearchAction","target":{"@type":"EntryPoint","urlTemplate":"https:\/\/universofamilia.com\/el\/?s={search_term_string}"},"query-input":"required name=search_term_string"}],"inLanguage":"sk-SK"},{"@type":"Person","@id":"https:\/\/universofamilia.com\/el\/#\/schema\/person\/f07ce98187dd84d31154262e79b3b7ca","name":"Pedro Henrique","image":{"@type":"ImageObject","inLanguage":"sk-SK","@id":"https:\/\/universofamilia.com\/el\/#\/schema\/person\/image\/","url":"https:\/\/secure.gravatar.com\/avatar\/9edfeb808cb4e1599f64d6e45b130154?s=96&d=mm&r=g","contentUrl":"https:\/\/secure.gravatar.com\/avatar\/9edfeb808cb4e1599f64d6e45b130154?s=96&d=mm&r=g","caption":"Pedro Henrique"},"url":"https:\/\/universofamilia.com\/sk\/author\/editor01\/"}]}},"_links":{"self":[{"href":"https:\/\/universofamilia.com\/sk\/wp-json\/wp\/v2\/posts\/6873"}],"collection":[{"href":"https:\/\/universofamilia.com\/sk\/wp-json\/wp\/v2\/posts"}],"about":[{"href":"https:\/\/universofamilia.com\/sk\/wp-json\/wp\/v2\/types\/post"}],"author":[{"embeddable":true,"href":"https:\/\/universofamilia.com\/sk\/wp-json\/wp\/v2\/users\/139"}],"replies":[{"embeddable":true,"href":"https:\/\/universofamilia.com\/sk\/wp-json\/wp\/v2\/comments?post=6873"}],"version-history":[{"count":1,"href":"https:\/\/universofamilia.com\/sk\/wp-json\/wp\/v2\/posts\/6873\/revisions"}],"predecessor-version":[{"id":8592,"href":"https:\/\/universofamilia.com\/sk\/wp-json\/wp\/v2\/posts\/6873\/revisions\/8592"}],"wp:featuredmedia":[{"embeddable":true,"href":"https:\/\/universofamilia.com\/sk\/wp-json\/wp\/v2\/media\/6874"}],"wp:attachment":[{"href":"https:\/\/universofamilia.com\/sk\/wp-json\/wp\/v2\/media?parent=6873"}],"wp:term":[{"taxonomy":"category","embeddable":true,"href":"https:\/\/universofamilia.com\/sk\/wp-json\/wp\/v2\/categories?post=6873"},{"taxonomy":"post_tag","embeddable":true,"href":"https:\/\/universofamilia.com\/sk\/wp-json\/wp\/v2\/tags?post=6873"}],"curies":[{"name":"wp","href":"https:\/\/api.w.org\/{rel}","templated":true}]}}