{"id":7055,"date":"2024-10-22T09:34:58","date_gmt":"2024-10-22T12:34:58","guid":{"rendered":"https:\/\/universofamilia.com\/?p=7055"},"modified":"2025-01-28T16:29:32","modified_gmt":"2025-01-28T16:29:32","slug":"recupera-tus-memorias-perdidas","status":"publish","type":"post","link":"https:\/\/universofamilia.com\/sk\/recupera-tus-memorias-perdidas\/","title":{"rendered":"Obnovte si straten\u00e9 spomienky \ud83d\udcf8\u2728"},"content":{"rendered":"<p>Pam\u00e4t\u00e1te si na t\u00fa \u0161peci\u00e1lnu fotku, ktor\u00fa ste omylom vymazali z telef\u00f3nu?<\/p>\n\n\n\n<p>Alebo mo\u017eno to neuverite\u013en\u00e9 dobrodru\u017estvo, ktor\u00e9ho jedin\u00e1 digit\u00e1lna spomienka zmizla v mihnut\u00ed oka.<\/p>\n\n\n\n<p>Pravdou je, \u017ee v tomto digit\u00e1lnom svete sme v\u0161etci vystaven\u00ed riziku straty vz\u00e1cnych spomienok. Ale \u010do keby som v\u00e1m povedal, \u017ee existuje rie\u0161enie?<\/p>\n\n\n\n<p>\u00c1no! Svoje straten\u00e9 fotografie m\u00f4\u017eete obnovi\u0165 a dnes v\u00e1m uk\u00e1\u017eem, ako to urobi\u0165 jednoducho a bezpe\u010dne.<\/p>\n\n\n\n<p>Prid\u00e1\u0161 sa ku mne na tejto ceste? \ud83e\udd14\ud83d\udcf1<\/p>\n\n\n\n<h3 class=\"wp-block-heading\">D\u00f4le\u017eitos\u0165 zve\u010dnenia spomienok \ud83d\udd70\ufe0f\ud83d\udcad<\/h3>\n\n\n\n<p>Nie je ni\u010d silnej\u0161ie ako spomienky. Pren\u00e1\u0161aj\u00fa n\u00e1s sp\u00e4\u0165 v \u010dase, sp\u00e1jaj\u00fa n\u00e1s s t\u00fdm, k\u00fdm sme boli a s t\u00fdmi, ktor\u00fdch sme milovali.<\/p>\n\n\n\n<p>V tomto digit\u00e1lnom veku sa fotografie stali neoddelite\u013enou s\u00fa\u010das\u0165ou n\u00e1\u0161ho ka\u017edodenn\u00e9ho \u017eivota. S\u00fa skuto\u010dn\u00fdmi relikviami na\u0161ich najvz\u00e1cnej\u0161\u00edch okamihov.<\/p>\n\n\n\n<p>Zve\u010d\u0148ovanie spomienok prostredn\u00edctvom fotografi\u00ed znamen\u00e1 zabezpe\u010di\u0165, aby ka\u017ed\u00fd d\u00f4le\u017eit\u00fd okamih vo va\u0161om \u017eivote zostal nav\u017edy zachovan\u00fd. \ud83c\udf1f<\/p>\n\n\n\n<p><\/p>\n\n\n\n<hr class=\"wp-block-separator has-text-color has-luminous-vivid-orange-color has-alpha-channel-opacity has-luminous-vivid-orange-background-color has-background\" \/>\n\n\n\n<h3 class=\"wp-block-heading\">Pre\u010d\u00edtajte si tie\u017e:<\/h3>\n\n\n\n<ul class=\"wp-block-list has-small-font-size\">\n<li class=\"has-medium-font-size\"><a href=\"https:\/\/universofamilia.com\/sk\/6898\/leer-la-biblia-catolica-en-tu-celular\/\"><font style=\"vertical-align: inherit\"><font style=\"vertical-align: inherit\">\ud83d\udccc \u010c\u00edtajte katol\u00edcku Bibliu na svojom mobilnom telef\u00f3ne<\/font><\/font> &gt;<\/a><\/li>\n\n\n\n<li class=\"has-medium-font-size\"><a href=\"https:\/\/universofamilia.com\/sk\/6855\/grabar-llamadas-recibidas\/\">\ud83d\udccc Nahr\u00e1vajte prich\u00e1dzaj\u00face hovory &gt;<\/a><\/li>\n\n\n\n<li class=\"has-medium-font-size\"><a href=\"https:\/\/universofamilia.com\/sk\/6832\/aplicacion-para-bailar-zumba\/\">\ud83d\udccc Aplik\u00e1cia na tanec Zumba &gt;<\/a><\/li>\n\n\n\n<li class=\"has-medium-font-size\"><a href=\"https:\/\/universofamilia.com\/sk\/6952\/descubre-quien-visita-tu-perfil-redes-sociales\/\">\ud83d\udccc Zistite, kto nav\u0161tevuje v\u00e1\u0161 profil na soci\u00e1lnych sie\u0165ach &gt;<\/a><\/li>\n<\/ul>\n\n\n\n<hr class=\"wp-block-separator has-text-color has-luminous-vivid-orange-color has-alpha-channel-opacity has-luminous-vivid-orange-background-color has-background\" \/>\n\n\n\n<p><\/p>\n\n\n\n<h3 class=\"wp-block-heading\">Fotografie: Relikvie na ve\u010dnos\u0165 \ud83d\uddbc\ufe0f\u2728<\/h3>\n\n\n\n<p>Zamysleli ste sa niekedy nad t\u00fdm, \u017ee ka\u017ed\u00e9 kliknutie na va\u0161om mobilnom telef\u00f3ne zachyt\u00e1va mal\u00fa \u010das\u0165 v\u00e1\u0161ho pr\u00edbehu?<\/p>\n\n\n\n<p>\u010ci u\u017e ide o narodeniny, rodinn\u00e9 stretnutie alebo nezabudnute\u013en\u00fa dovolenku, v\u0161etky tieto obr\u00e1zky sa stan\u00fa osobn\u00fdmi dedi\u010dstvami.<\/p>\n\n\n\n<p>S\u00fa ako port\u00e1ly, ktor\u00e9 n\u00e1m umo\u017e\u0148uj\u00fa znovu pre\u017ei\u0165 tie jedine\u010dn\u00e9 chv\u00edle.<\/p>\n\n\n\n<p>Preto m\u00f4\u017ee by\u0165 strata v\u00fdnimo\u010dnej fotografie srdcerv\u00faca... ale nebojte sa! Existuj\u00fa aj na to rie\u0161enia. \ud83d\ude0a\ud83d\udcf7<\/p>\n\n\n\n<h4 class=\"wp-block-heading\">Tajomstvo, ako znovu z\u00edska\u0165 straten\u00e9 okamihy \ud83e\udd2b\ud83d\udcbe<\/h4>\n\n\n\n<p>V\u010faka technologick\u00e9mu pokroku existuj\u00fa skvel\u00e9 aplik\u00e1cie, ktor\u00e9 v\u00e1m umo\u017e\u0148uj\u00fa obnovi\u0165 omylom vymazan\u00e9 fotografie. \u00c1no, tie spomienky, ktor\u00e9 sa zdali by\u0165 nav\u017edy straten\u00e9, sa daj\u00fa privies\u0165 sp\u00e4\u0165 k \u017eivotu!<\/p>\n\n\n\n<p>Ni\u017e\u0161ie v\u00e1m predstav\u00edm tri fantastick\u00e9 aplik\u00e1cie, ktor\u00e9 v\u00e1m v tejto misii pom\u00f4\u017eu. Najprv si v\u0161ak povedzme, pre\u010do by ste mali ma\u0165 v telef\u00f3ne aplik\u00e1ciu na obnovu fotografi\u00ed. \ud83d\udcf2\u2728<\/p>\n\n\n\n<h3 class=\"wp-block-heading\">Pre\u010do pou\u017e\u00edva\u0165 aplik\u00e1ciu na obnovu fotografi\u00ed? \ud83d\udcf2\ud83d\udd04<\/h3>\n\n\n\n<p>Predstavte si ten pokoj v du\u0161i, ke\u010f viete, \u017ee aj keby sa nie\u010do pokazilo, m\u00f4\u017eete t\u00fa vz\u00e1cnu fotografiu z\u00edska\u0165 sp\u00e4\u0165.<\/p>\n\n\n\n<p>Aplik\u00e1cie na obnovu fotografi\u00ed s\u00fa viac ne\u017e len u\u017eito\u010dn\u00e9, s\u00fa nevyhnutn\u00e9.<\/p>\n\n\n\n<p>\u010ci u\u017e ide o n\u00e1hodn\u00e9 vymazanie, zlyhanie syst\u00e9mu alebo dokonca obnovenie tov\u00e1rensk\u00fdch nastaven\u00ed, tieto n\u00e1stroje v\u00e1m umo\u017enia bezpe\u010dne a r\u00fdchlo obnovi\u0165 va\u0161e spomienky. \ud83c\udfc3\u200d\u2642\ufe0f\ud83d\udca8<\/p>\n\n\n\n<h3 class=\"wp-block-heading\">Tipy pre \u00faspe\u0161n\u00fa obnovu fotografi\u00ed \ud83d\udccb\u2705<\/h3>\n\n\n\n<p>Predt\u00fdm, ako sa pust\u00edme do aplik\u00e1ci\u00ed, uv\u00e1dzame nieko\u013eko d\u00f4le\u017eit\u00fdch tipov, ako zabezpe\u010di\u0165 \u00faspe\u0161n\u00fa obnovu:<\/p>\n\n\n\n<ol class=\"wp-block-list\">\n<li><strong>Okam\u017eite presta\u0148te pou\u017e\u00edva\u0165 zariadenie<\/strong>\u010c\u00edm menej zariadenie po vymazan\u00ed pou\u017e\u00edvate, t\u00fdm v\u00e4\u010d\u0161ia je \u0161anca na obnovenie.<\/li>\n\n\n\n<li><strong>Vyberte si spr\u00e1vnu aplik\u00e1ciu<\/strong>Nie v\u0161etky aplik\u00e1cie pon\u00fakaj\u00fa rovnak\u00e9 funkcie. Pou\u017e\u00edvajte tie s dobrou reput\u00e1ciou a vynikaj\u00facimi recenziami.<\/li>\n\n\n\n<li><strong>Robte \u010dast\u00e9 z\u00e1lohy<\/strong>Nezabudnite si pravidelne z\u00e1lohova\u0165 d\u00e1ta, aby ste sa v bud\u00facnosti vyhli probl\u00e9mom s hlavou. \ud83d\udee1\ufe0f<\/li>\n<\/ol>\n\n\n\n<h3 class=\"wp-block-heading\">\u00da\u017easn\u00e9 aplik\u00e1cie na obnovu fotografi\u00ed! \ud83d\udcf2\ud83d\udca1<\/h3>\n\n\n\n<p>Teraz, ke\u010f viete, ako sa pripravi\u0165, po\u010fme presk\u00fama\u0165 tri najlep\u0161ie aplik\u00e1cie dostupn\u00e9 na trhu.<\/p>\n\n\n\n<p>V\u0161etky s\u00fa mimoriadne \u00fa\u010dinn\u00e9 a maj\u00fa pozit\u00edvne recenzie od tis\u00edcov pou\u017e\u00edvate\u013eov.<\/p>\n\n\n\n<h4 class=\"wp-block-heading\">Obnova fotografi\u00ed pomocou DiskDigger \ud83d\udcf8\ud83d\udee0\ufe0f<\/h4>\n\n\n\n<p>DiskDigger je jednou z najpopul\u00e1rnej\u0161\u00edch aplik\u00e1ci\u00ed na obnovu fotografi\u00ed a nie je to n\u00e1hoda.<\/p>\n\n\n\n<p>Je mimoriadne efekt\u00edvny, \u013eahko sa pou\u017e\u00edva a umo\u017e\u0148uje obnovi\u0165 fotografie z internej pam\u00e4te aj SD kariet.<\/p>\n\n\n\n<p><strong>V\u00fdhody:<\/strong><\/p>\n\n\n\n<ul class=\"wp-block-list\">\n<li>Obnovte fotografie v r\u00f4znych form\u00e1toch.<\/li>\n\n\n\n<li>Umo\u017e\u0148uje v\u00e1m zobrazi\u0165 uk\u00e1\u017eku obr\u00e1zkov pred ich obnoven\u00edm.<\/li>\n\n\n\n<li>Mo\u017enos\u0165 odosla\u0165 obnoven\u00e9 fotografie na Disk Google, Dropbox alebo e-mail.<\/li>\n<\/ul>\n\n\n\n<p><strong>Zariadenie:<\/strong> Sta\u010d\u00ed si stiahnu\u0165 aplik\u00e1ciu z <strong>Obchod Google Play<\/strong> vlna <strong>Obchod Apple<\/strong>, nain\u0161talujte ho a postupujte pod\u013ea krokov na spustenie obnovy.<\/p>\n\n\n\n<p><strong>\u010co hovoria pou\u017e\u00edvatelia?<\/strong><\/p>\n\n\n\n<blockquote class=\"wp-block-quote\">\n<p>\u201e\u00da\u017easn\u00e9! Podarilo sa mi obnovi\u0165 fotografie z mojej poslednej cesty, o ktor\u00fdch som si myslela, \u017ee s\u00fa nav\u017edy straten\u00e9.\u201c \u2013 Carla, 42.<\/p>\n<\/blockquote>\n\n\n\n<h4 class=\"wp-block-heading\">Obnova s\u00faborov a d\u00e1t Undeleter \ud83d\uddc2\ufe0f\ud83d\udd0d<\/h4>\n\n\n\n<p>Undeleter je \u010fal\u0161ou skvelou mo\u017enos\u0165ou na obnovu odstr\u00e1nen\u00fdch fotografi\u00ed, vide\u00ed a in\u00fdch s\u00faborov.<\/p>\n\n\n\n<p>V\u010faka jednoduch\u00e9mu a intuit\u00edvnemu rozhraniu v\u00e1m umo\u017e\u0148uje r\u00fdchlo a bez komplik\u00e1ci\u00ed obnovi\u0165 s\u00fabory.<\/p>\n\n\n\n<p><strong>V\u00fdhody:<\/strong><\/p>\n\n\n\n<ul class=\"wp-block-list\">\n<li>Obnovte fotografie, vide\u00e1 a dokonca aj dokumenty.<\/li>\n\n\n\n<li>Funguje to s internou pam\u00e4\u0165ou aj s pam\u00e4\u0165ovou kartou.<\/li>\n\n\n\n<li>Mo\u017enos\u0165 vykona\u0165 h\u013abkov\u00fa kontrolu zariadenia.<\/li>\n<\/ul>\n\n\n\n<p><strong>Zariadenie:<\/strong> Dostupn\u00e9 v <strong>Obchod Google Play<\/strong>, sta\u010d\u00ed si ho stiahnu\u0165, postupova\u0165 pod\u013ea \u00favodn\u00e9ho n\u00e1vodu a za\u010da\u0165 obnovova\u0165 s\u00fabory.<\/p>\n\n\n\n<p><strong>\u010co hovoria pou\u017e\u00edvatelia?<\/strong><\/p>\n\n\n\n<blockquote class=\"wp-block-quote\">\n<p>\u201eZachr\u00e1nilo mi to album s fotkami z detstva! Ve\u013emi to odpor\u00fa\u010dam.\u201c \u2013 Pedro, 51.<\/p>\n<\/blockquote>\n\n\n\n<h4 class=\"wp-block-heading\">MobiSaver \u2013 Obnova fotografi\u00ed a d\u00e1t \ud83d\udee0\ufe0f\ud83d\udcf2<\/h4>\n\n\n\n<p>MobiSaver vynik\u00e1 svojou jednoduchos\u0165ou pou\u017e\u00edvania a \u0161irokou \u0161k\u00e1lou s\u00faborov, ktor\u00e9 dok\u00e1\u017ee obnovi\u0165, vr\u00e1tane fotografi\u00ed a vide\u00ed.<\/p>\n\n\n\n<p>Je ide\u00e1lny pre t\u00fdch, ktor\u00ed h\u013eadaj\u00fa r\u00fdchle a praktick\u00e9 rie\u0161enie.<\/p>\n\n\n\n<p><strong>V\u00fdhody:<\/strong><\/p>\n\n\n\n<ul class=\"wp-block-list\">\n<li>Obnovte fotografie, spr\u00e1vy, vide\u00e1 a \u010fal\u0161ie \u00fadaje.<\/li>\n\n\n\n<li>Pou\u017e\u00edvate\u013esky pr\u00edvetiv\u00e9 rozhranie a r\u00fdchly proces obnovy.<\/li>\n\n\n\n<li>Dostupn\u00e9 pre Android aj iOS.<\/li>\n<\/ul>\n\n\n\n<p><strong>Zariadenie:<\/strong> N\u00e1jdite MobiSaver na <strong>Obchod Google Play<\/strong> vlna <strong>Obchod Apple<\/strong>, postupujte pod\u013ea pokynov a za\u010dnite obnovova\u0165 svoje spomienky v priebehu nieko\u013ek\u00fdch min\u00fat.<\/p>\n\n\n\n<p><strong>\u010co hovoria pou\u017e\u00edvatelia?<\/strong><\/p>\n\n\n\n<blockquote class=\"wp-block-quote\">\n<p>\u201eMyslela som si, \u017ee moje svadobn\u00e9 fotografie s\u00fa pre\u010d, ale MobiSaver ich z\u00edskal sp\u00e4\u0165! Som nad\u0161en\u00e1.\u201c \u2013 Joana, 38.<\/p>\n<\/blockquote>\n\n\n\n<h3 class=\"wp-block-heading\">\u010co hovoria pou\u017e\u00edvatelia \ud83d\udde3\ufe0f\ud83d\udcac<\/h3>\n\n\n\n<p>Tieto aplik\u00e1cie s\u00fa vysoko hodnoten\u00e9 pou\u017e\u00edvate\u013emi.<\/p>\n\n\n\n<p>\u013dudia zdie\u013eaj\u00fa vzru\u0161uj\u00face pr\u00edbehy o tom, ako sa im podarilo n\u00e1js\u0165 fotografie v\u00fdnimo\u010dn\u00fdch okamihov, o ktor\u00fdch si mysleli, \u017ee s\u00fa nav\u017edy straten\u00e9.<\/p>\n\n\n\n<p>Od rodinn\u00fdch fotografi\u00ed a\u017e po spomienky z dovolenky, v\u0161etky recenzie sa zhoduj\u00fa: tieto aplik\u00e1cie funguj\u00fa z\u00e1zra\u010dne! \u2728<\/p>\n\n\n<div class=\"wp-block-image\">\n<figure class=\"aligncenter size-full\"><img loading=\"lazy\" decoding=\"async\" width=\"550\" height=\"350\" src=\"http:\/\/universofamilia.com\/wp-content\/uploads\/sites\/148\/2024\/10\/DESTAQUE-UNIVERSO-550-x-350-4-3.jpg\" alt=\"\" class=\"wp-image-7056\" srcset=\"https:\/\/universofamilia.com\/wp-content\/uploads\/sites\/148\/2024\/10\/DESTAQUE-UNIVERSO-550-x-350-4-3.jpg 550w, https:\/\/universofamilia.com\/wp-content\/uploads\/sites\/148\/2024\/10\/DESTAQUE-UNIVERSO-550-x-350-4-3-300x191.jpg 300w\" sizes=\"(max-width: 550px) 100vw, 550px\" \/><figcaption class=\"wp-element-caption\">Obnovte si straten\u00e9 spomienky \ud83d\udcf8\u2728<\/figcaption><\/figure><\/div>\n\n\n<h3 class=\"wp-block-heading\">Z\u00e1ver: Obnovte si straten\u00e9 spomienky hne\u010f teraz! \ud83d\ude80\ud83d\udca1<\/h3>\n\n\n\n<p>Ak ste niekedy stratili d\u00f4le\u017eit\u00fa fotografiu, viete, ak\u00e9 to m\u00f4\u017ee by\u0165 bolestiv\u00e9.<\/p>\n\n\n\n<p>Ale s pomocou t\u00fdchto \u00fa\u017easn\u00fdch aplik\u00e1ci\u00ed si m\u00f4\u017eete prinies\u0165 sp\u00e4\u0165 tie vz\u00e1cne spomienky.<\/p>\n\n\n\n<p>Nestr\u00e1cajte viac \u010dasu a za\u010dnite obnovova\u0165 svoje fotografie hne\u010f teraz!<\/p>\n\n\n\n<h3 class=\"wp-block-heading\">Odkazy na stiahnutie \u2013 Zabezpe\u010dte si spomienky e\u0161te dnes! \ud83d\udd17\ud83d\udee1\ufe0f<\/h3>\n\n\n\n<ul class=\"wp-block-list\">\n<li><strong>Obnova fotografi\u00ed z DiskDiggeru<\/strong> pre - <a href=\"https:\/\/play.google.com\/store\/apps\/details?id=com.defianttech.diskdigger&amp;hl=en_US\">Android<\/a> \/ <a href=\"https:\/\/apps.apple.com\/al\/app\/photo-recovery-deleted-phone\/id1482562954\">iOS<\/a><\/li>\n\n\n\n<li><strong>Undeleter Obnova s\u00faborov a d\u00e1t<\/strong> pre - <a href=\"https:\/\/play.google.com\/store\/apps\/details?id=inshot.data.recovery.restore.deleted.data.diskdigger&amp;hl=en_US\">Android<\/a> \/ <a href=\"https:\/\/support.apple.com\/pt-br\/guide\/icloud\/mmae56ea1ca5\/icloud\">iOS<\/a><\/li>\n\n\n\n<li><strong>MobiSaver - Obnova fotografi\u00ed a d\u00e1t<\/strong> pre - <a href=\"https:\/\/play.google.com\/store\/apps\/details?id=com.easeus.mobisaver&amp;hl=pt_BR\">Android<\/a> \/ <a href=\"https:\/\/apps.apple.com\/us\/app\/easeus-data-recovery-wizard\/id740355970?mt=12\">iOS<\/a><\/li>\n<\/ul>\n\n\n\n<hr class=\"wp-block-separator has-alpha-channel-opacity\" \/>\n\n\n\n<h3 class=\"wp-block-heading\">\u010casto kladen\u00e9 ot\u00e1zky (FAQ) \u2753\ud83e\udd14<\/h3>\n\n\n\n<p><strong>Ako funguj\u00fa aplik\u00e1cie na obnovu fotografi\u00ed?<\/strong> Aplik\u00e1cie na obnovenie preh\u013ead\u00e1vaj\u00fa pam\u00e4\u0165 v\u00e1\u0161ho zariadenia a h\u013eadaj\u00fa stopy po odstr\u00e1nen\u00fdch s\u00faboroch. V z\u00e1vislosti od toho, ako d\u00e1vno to bolo a ako ste zariadenie pou\u017e\u00edvali, je mo\u017en\u00e9, \u017ee tieto odstr\u00e1nen\u00e9 fotografie sa podar\u00ed obnovi\u0165.<\/p>\n\n\n\n<p><strong>Je bezpe\u010dn\u00e9 pou\u017e\u00edva\u0165 tieto aplik\u00e1cie?<\/strong> \u00c1no, v\u0161etky spomenut\u00e9 aplik\u00e1cie s\u00fa bezpe\u010dn\u00e9 a be\u017ene ich pou\u017e\u00edvaj\u00fa mili\u00f3ny pou\u017e\u00edvate\u013eov. Je v\u0161ak d\u00f4le\u017eit\u00e9 s\u0165ahova\u0165 ich z ofici\u00e1lnych zdrojov, ako s\u00fa Google Play alebo App Store, aby ste sa vyhli ned\u00f4veryhodn\u00fdm verzi\u00e1m.<\/p>\n\n\n\n<p><strong>M\u00f4\u017eem obnovi\u0165 fotografie, ktor\u00e9 boli d\u00e1vno odstr\u00e1nen\u00e9?<\/strong> Z\u00e1le\u017e\u00ed na tom, ako ste zariadenie pou\u017e\u00edvali od vymazania fotografi\u00ed. Ak ste neprep\u00edsali ve\u013ea \u00fadajov, \u0161anca na obnovenie je vy\u0161\u0161ia.<\/p>\n\n\n\n<p><strong>Funguj\u00fa aplik\u00e1cie aj s in\u00fdmi typmi s\u00faborov?<\/strong> Samozrejme! Okrem fotografi\u00ed dok\u00e1\u017eu tieto aplik\u00e1cie obnovi\u0165 aj vide\u00e1, dokumenty a in\u00e9 typy odstr\u00e1nen\u00fdch s\u00faborov.<\/p>\n\n\n\n<p><strong>\u010co m\u00e1m robi\u0165, ak aplik\u00e1cia nevie n\u00e1js\u0165 moje fotografie?<\/strong> Ak aplik\u00e1cia nedok\u00e1\u017ee n\u00e1js\u0165 va\u0161e fotografie, m\u00f4\u017eete vysk\u00fa\u0161a\u0165 in\u00fa aplik\u00e1ciu zo zoznamu alebo sa uisti\u0165, \u017ee ste od odstr\u00e1nenia zariadenia neprep\u00edsali pr\u00edli\u0161 ve\u013ea \u00fadajov.<\/p>","protected":false},"excerpt":{"rendered":"<p>Pam\u00e4t\u00e1te si na t\u00fa \u0161peci\u00e1lnu fotku, ktor\u00fa ste omylom vymazali z telef\u00f3nu? Alebo mo\u017eno na to neuverite\u013en\u00e9 dobrodru\u017estvo, ktor\u00e9ho jedin\u00e1 digit\u00e1lna spomienka zmizla v okamihu? Pravdou je, \u017ee v tomto digit\u00e1lnom svete v\u0161etci riskujeme stratu vz\u00e1cnych spomienok. Ale \u010do keby som v\u00e1m povedal, \u017ee existuje rie\u0161enie? \u00c1no! M\u00f4\u017eete [\u2026]<\/p>","protected":false},"author":139,"featured_media":7056,"comment_status":"closed","ping_status":"open","sticky":false,"template":"","format":"standard","meta":{"footnotes":""},"categories":[5],"tags":[345,621,767,1103,1369,1376],"yoast_head":"<!-- This site is optimized with the Yoast SEO plugin v23.3 - https:\/\/yoast.com\/wordpress\/plugins\/seo\/ -->\n<title>Recupera tus memorias perdidas \ud83d\udcf8\u2728 - Universo Fam\u00edlia<\/title>\n<meta name=\"description\" content=\"Recupera tus memorias perdidas \ud83d\udcf8\u2728. \u00bfRecuerdas esa foto especial que, por accidente, eliminaste de tu celular?O quiz\u00e1s esa incre\u00edble...\" \/>\n<meta name=\"robots\" content=\"index, follow, max-snippet:-1, max-image-preview:large, max-video-preview:-1\" \/>\n<link rel=\"canonical\" href=\"https:\/\/universofamilia.com\/sk\/recupera-tus-memorias-perdidas\/\" \/>\n<meta property=\"og:locale\" content=\"sk_SK\" \/>\n<meta property=\"og:type\" content=\"article\" \/>\n<meta property=\"og:title\" content=\"Recupera tus memorias perdidas \ud83d\udcf8\u2728 - Universo Fam\u00edlia\" \/>\n<meta property=\"og:description\" content=\"Recupera tus memorias perdidas \ud83d\udcf8\u2728. \u00bfRecuerdas esa foto especial que, por accidente, eliminaste de tu celular?O quiz\u00e1s esa incre\u00edble...\" \/>\n<meta property=\"og:url\" content=\"https:\/\/universofamilia.com\/sk\/recupera-tus-memorias-perdidas\/\" \/>\n<meta property=\"og:site_name\" content=\"Universo Fam\u00edlia\" \/>\n<meta property=\"article:published_time\" content=\"2024-10-22T12:34:58+00:00\" \/>\n<meta property=\"article:modified_time\" content=\"2025-01-28T16:29:32+00:00\" \/>\n<meta property=\"og:image\" content=\"https:\/\/universofamilia.com\/wp-content\/uploads\/sites\/148\/2024\/10\/DESTAQUE-UNIVERSO-550-x-350-4-3.jpg\" \/>\n\t<meta property=\"og:image:width\" content=\"550\" \/>\n\t<meta property=\"og:image:height\" content=\"350\" \/>\n\t<meta property=\"og:image:type\" content=\"image\/jpeg\" \/>\n<meta name=\"author\" content=\"Pedro Henrique\" \/>\n<meta name=\"twitter:card\" content=\"summary_large_image\" \/>\n<meta name=\"twitter:label1\" content=\"Written by\" \/>\n\t<meta name=\"twitter:data1\" content=\"Pedro Henrique\" \/>\n\t<meta name=\"twitter:label2\" content=\"Est. reading time\" \/>\n\t<meta name=\"twitter:data2\" content=\"7 min\u00fat\" \/>\n<script type=\"application\/ld+json\" class=\"yoast-schema-graph\">{\"@context\":\"https:\/\/schema.org\",\"@graph\":[{\"@type\":\"WebPage\",\"@id\":\"https:\/\/universofamilia.com\/recupera-tus-memorias-perdidas\/\",\"url\":\"https:\/\/universofamilia.com\/recupera-tus-memorias-perdidas\/\",\"name\":\"Recupera tus memorias perdidas \ud83d\udcf8\u2728 - Universo Fam\u00edlia\",\"isPartOf\":{\"@id\":\"https:\/\/universofamilia.com\/el\/#website\"},\"primaryImageOfPage\":{\"@id\":\"https:\/\/universofamilia.com\/recupera-tus-memorias-perdidas\/#primaryimage\"},\"image\":{\"@id\":\"https:\/\/universofamilia.com\/recupera-tus-memorias-perdidas\/#primaryimage\"},\"thumbnailUrl\":\"https:\/\/universofamilia.com\/wp-content\/uploads\/sites\/148\/2024\/10\/DESTAQUE-UNIVERSO-550-x-350-4-3.jpg\",\"datePublished\":\"2024-10-22T12:34:58+00:00\",\"dateModified\":\"2025-01-28T16:29:32+00:00\",\"author\":{\"@id\":\"https:\/\/universofamilia.com\/el\/#\/schema\/person\/f07ce98187dd84d31154262e79b3b7ca\"},\"description\":\"Recupera tus memorias perdidas \ud83d\udcf8\u2728. \u00bfRecuerdas esa foto especial que, por accidente, eliminaste de tu celular?O quiz\u00e1s esa incre\u00edble...\",\"breadcrumb\":{\"@id\":\"https:\/\/universofamilia.com\/recupera-tus-memorias-perdidas\/#breadcrumb\"},\"inLanguage\":\"sk-SK\",\"potentialAction\":[{\"@type\":\"ReadAction\",\"target\":[\"https:\/\/universofamilia.com\/recupera-tus-memorias-perdidas\/\"]}]},{\"@type\":\"ImageObject\",\"inLanguage\":\"sk-SK\",\"@id\":\"https:\/\/universofamilia.com\/recupera-tus-memorias-perdidas\/#primaryimage\",\"url\":\"https:\/\/universofamilia.com\/wp-content\/uploads\/sites\/148\/2024\/10\/DESTAQUE-UNIVERSO-550-x-350-4-3.jpg\",\"contentUrl\":\"https:\/\/universofamilia.com\/wp-content\/uploads\/sites\/148\/2024\/10\/DESTAQUE-UNIVERSO-550-x-350-4-3.jpg\",\"width\":550,\"height\":350,\"caption\":\"Recupera tus memorias perdidas \ud83d\udcf8\u2728\"},{\"@type\":\"BreadcrumbList\",\"@id\":\"https:\/\/universofamilia.com\/recupera-tus-memorias-perdidas\/#breadcrumb\",\"itemListElement\":[{\"@type\":\"ListItem\",\"position\":1,\"name\":\"Home\",\"item\":\"https:\/\/universofamilia.com\/el\/\"},{\"@type\":\"ListItem\",\"position\":2,\"name\":\"Recupera tus memorias perdidas \ud83d\udcf8\u2728\"}]},{\"@type\":\"WebSite\",\"@id\":\"https:\/\/universofamilia.com\/el\/#website\",\"url\":\"https:\/\/universofamilia.com\/el\/\",\"name\":\"Universo Fam\u00edlia\",\"description\":\"\",\"potentialAction\":[{\"@type\":\"SearchAction\",\"target\":{\"@type\":\"EntryPoint\",\"urlTemplate\":\"https:\/\/universofamilia.com\/el\/?s={search_term_string}\"},\"query-input\":\"required name=search_term_string\"}],\"inLanguage\":\"sk-SK\"},{\"@type\":\"Person\",\"@id\":\"https:\/\/universofamilia.com\/el\/#\/schema\/person\/f07ce98187dd84d31154262e79b3b7ca\",\"name\":\"Pedro Henrique\",\"image\":{\"@type\":\"ImageObject\",\"inLanguage\":\"sk-SK\",\"@id\":\"https:\/\/universofamilia.com\/el\/#\/schema\/person\/image\/\",\"url\":\"https:\/\/secure.gravatar.com\/avatar\/9edfeb808cb4e1599f64d6e45b130154?s=96&d=mm&r=g\",\"contentUrl\":\"https:\/\/secure.gravatar.com\/avatar\/9edfeb808cb4e1599f64d6e45b130154?s=96&d=mm&r=g\",\"caption\":\"Pedro Henrique\"},\"url\":\"https:\/\/universofamilia.com\/sk\/author\/editor01\/\"}]}<\/script>\n<!-- \/ Yoast SEO plugin. -->","yoast_head_json":{"title":"Recupera tus memorias perdidas \ud83d\udcf8\u2728 - Universo Fam\u00edlia","description":"Recupera tus memorias perdidas \ud83d\udcf8\u2728. \u00bfRecuerdas esa foto especial que, por accidente, eliminaste de tu celular?O quiz\u00e1s esa incre\u00edble...","robots":{"index":"index","follow":"follow","max-snippet":"max-snippet:-1","max-image-preview":"max-image-preview:large","max-video-preview":"max-video-preview:-1"},"canonical":"https:\/\/universofamilia.com\/sk\/recupera-tus-memorias-perdidas\/","og_locale":"sk_SK","og_type":"article","og_title":"Recupera tus memorias perdidas \ud83d\udcf8\u2728 - Universo Fam\u00edlia","og_description":"Recupera tus memorias perdidas \ud83d\udcf8\u2728. \u00bfRecuerdas esa foto especial que, por accidente, eliminaste de tu celular?O quiz\u00e1s esa incre\u00edble...","og_url":"https:\/\/universofamilia.com\/sk\/recupera-tus-memorias-perdidas\/","og_site_name":"Universo Fam\u00edlia","article_published_time":"2024-10-22T12:34:58+00:00","article_modified_time":"2025-01-28T16:29:32+00:00","og_image":[{"width":550,"height":350,"url":"https:\/\/universofamilia.com\/wp-content\/uploads\/sites\/148\/2024\/10\/DESTAQUE-UNIVERSO-550-x-350-4-3.jpg","type":"image\/jpeg"}],"author":"Pedro Henrique","twitter_card":"summary_large_image","twitter_misc":{"Written by":"Pedro Henrique","Est. reading time":"7 min\u00fat"},"schema":{"@context":"https:\/\/schema.org","@graph":[{"@type":"WebPage","@id":"https:\/\/universofamilia.com\/recupera-tus-memorias-perdidas\/","url":"https:\/\/universofamilia.com\/recupera-tus-memorias-perdidas\/","name":"Recupera tus memorias perdidas \ud83d\udcf8\u2728 - Universo Fam\u00edlia","isPartOf":{"@id":"https:\/\/universofamilia.com\/el\/#website"},"primaryImageOfPage":{"@id":"https:\/\/universofamilia.com\/recupera-tus-memorias-perdidas\/#primaryimage"},"image":{"@id":"https:\/\/universofamilia.com\/recupera-tus-memorias-perdidas\/#primaryimage"},"thumbnailUrl":"https:\/\/universofamilia.com\/wp-content\/uploads\/sites\/148\/2024\/10\/DESTAQUE-UNIVERSO-550-x-350-4-3.jpg","datePublished":"2024-10-22T12:34:58+00:00","dateModified":"2025-01-28T16:29:32+00:00","author":{"@id":"https:\/\/universofamilia.com\/el\/#\/schema\/person\/f07ce98187dd84d31154262e79b3b7ca"},"description":"Recupera tus memorias perdidas \ud83d\udcf8\u2728. \u00bfRecuerdas esa foto especial que, por accidente, eliminaste de tu celular?O quiz\u00e1s esa incre\u00edble...","breadcrumb":{"@id":"https:\/\/universofamilia.com\/recupera-tus-memorias-perdidas\/#breadcrumb"},"inLanguage":"sk-SK","potentialAction":[{"@type":"ReadAction","target":["https:\/\/universofamilia.com\/recupera-tus-memorias-perdidas\/"]}]},{"@type":"ImageObject","inLanguage":"sk-SK","@id":"https:\/\/universofamilia.com\/recupera-tus-memorias-perdidas\/#primaryimage","url":"https:\/\/universofamilia.com\/wp-content\/uploads\/sites\/148\/2024\/10\/DESTAQUE-UNIVERSO-550-x-350-4-3.jpg","contentUrl":"https:\/\/universofamilia.com\/wp-content\/uploads\/sites\/148\/2024\/10\/DESTAQUE-UNIVERSO-550-x-350-4-3.jpg","width":550,"height":350,"caption":"Recupera tus memorias perdidas \ud83d\udcf8\u2728"},{"@type":"BreadcrumbList","@id":"https:\/\/universofamilia.com\/recupera-tus-memorias-perdidas\/#breadcrumb","itemListElement":[{"@type":"ListItem","position":1,"name":"Home","item":"https:\/\/universofamilia.com\/el\/"},{"@type":"ListItem","position":2,"name":"Recupera tus memorias perdidas \ud83d\udcf8\u2728"}]},{"@type":"WebSite","@id":"https:\/\/universofamilia.com\/el\/#website","url":"https:\/\/universofamilia.com\/el\/","name":"Universo Fam\u00edlia","description":"","potentialAction":[{"@type":"SearchAction","target":{"@type":"EntryPoint","urlTemplate":"https:\/\/universofamilia.com\/el\/?s={search_term_string}"},"query-input":"required name=search_term_string"}],"inLanguage":"sk-SK"},{"@type":"Person","@id":"https:\/\/universofamilia.com\/el\/#\/schema\/person\/f07ce98187dd84d31154262e79b3b7ca","name":"Pedro Henrique","image":{"@type":"ImageObject","inLanguage":"sk-SK","@id":"https:\/\/universofamilia.com\/el\/#\/schema\/person\/image\/","url":"https:\/\/secure.gravatar.com\/avatar\/9edfeb808cb4e1599f64d6e45b130154?s=96&d=mm&r=g","contentUrl":"https:\/\/secure.gravatar.com\/avatar\/9edfeb808cb4e1599f64d6e45b130154?s=96&d=mm&r=g","caption":"Pedro Henrique"},"url":"https:\/\/universofamilia.com\/sk\/author\/editor01\/"}]}},"_links":{"self":[{"href":"https:\/\/universofamilia.com\/sk\/wp-json\/wp\/v2\/posts\/7055"}],"collection":[{"href":"https:\/\/universofamilia.com\/sk\/wp-json\/wp\/v2\/posts"}],"about":[{"href":"https:\/\/universofamilia.com\/sk\/wp-json\/wp\/v2\/types\/post"}],"author":[{"embeddable":true,"href":"https:\/\/universofamilia.com\/sk\/wp-json\/wp\/v2\/users\/139"}],"replies":[{"embeddable":true,"href":"https:\/\/universofamilia.com\/sk\/wp-json\/wp\/v2\/comments?post=7055"}],"version-history":[{"count":1,"href":"https:\/\/universofamilia.com\/sk\/wp-json\/wp\/v2\/posts\/7055\/revisions"}],"predecessor-version":[{"id":8441,"href":"https:\/\/universofamilia.com\/sk\/wp-json\/wp\/v2\/posts\/7055\/revisions\/8441"}],"wp:featuredmedia":[{"embeddable":true,"href":"https:\/\/universofamilia.com\/sk\/wp-json\/wp\/v2\/media\/7056"}],"wp:attachment":[{"href":"https:\/\/universofamilia.com\/sk\/wp-json\/wp\/v2\/media?parent=7055"}],"wp:term":[{"taxonomy":"category","embeddable":true,"href":"https:\/\/universofamilia.com\/sk\/wp-json\/wp\/v2\/categories?post=7055"},{"taxonomy":"post_tag","embeddable":true,"href":"https:\/\/universofamilia.com\/sk\/wp-json\/wp\/v2\/tags?post=7055"}],"curies":[{"name":"wp","href":"https:\/\/api.w.org\/{rel}","templated":true}]}}