{"id":7059,"date":"2024-10-22T10:40:20","date_gmt":"2024-10-22T13:40:20","guid":{"rendered":"https:\/\/universofamilia.com\/?p=7059"},"modified":"2026-04-15T11:13:03","modified_gmt":"2026-04-15T14:13:03","slug":"recuperando-memorias-perdidas-una-emocionante-jornada","status":"publish","type":"post","link":"https:\/\/universofamilia.com\/sk\/recuperando-memorias-perdidas-una-emocionante-jornada\/","title":{"rendered":"Obnovenie straten\u00fdch spomienok: vzru\u0161uj\u00faca cesta"},"content":{"rendered":"<p>V\u0161etci sme to za\u017eili: ten moment paniky, ke\u010f si uvedom\u00edme, \u017ee z n\u00e1\u0161ho telef\u00f3nu zmizla d\u00f4le\u017eit\u00e1 fotografia.<\/p>\n\n\n\n<p>Kto e\u0161te nestratil cenn\u00fa fotografiu z v\u00fdletu, zo \u0161peci\u00e1lneho okamihu s rodinou alebo jednoducho zo spont\u00e1nnej fotografie s priate\u013emi?<\/p>\n\n\n\n<p>Zd\u00e1 sa, \u017ee v\u0161etko je pre\u010d, v\u0161ak?<\/p>\n\n\n\n<p>Ale nebojte sa! V dne\u0161nej dobe s pokro\u010dil\u00fdmi technol\u00f3giami m\u00f4\u017eete obnovi\u0165 straten\u00e9 spomienky len nieko\u013ek\u00fdmi klepnutiami na obrazovke telef\u00f3nu.<\/p>\n\n\n\n<p>Po\u010fme sa spolo\u010dne vyda\u0165 na t\u00fato cestu a objavi\u0165 najlep\u0161ie aplik\u00e1cie na z\u00e1chranu va\u0161ich fotografi\u00ed.<\/p>\n\n\n\n<h3 class=\"wp-block-heading\">D\u00f4le\u017eitos\u0165 \u017eiadosti o vym\u00e1hanie poh\u013ead\u00e1vky<\/h3>\n\n\n\n<p>Prem\u00fd\u0161\u013eali ste niekedy nad t\u00fdm, ako \u00fazko s\u00fa na\u0161e spomienky spojen\u00e9 s fotografiami, ktor\u00e9 rob\u00edme?<\/p>\n\n\n\n<p>\u017dijeme v digit\u00e1lnej dobe, kde je ka\u017ed\u00fd okamih zachyten\u00fd a ulo\u017een\u00fd na mobilnom zariaden\u00ed.<\/p>\n\n\n\n<p>Strata t\u00fdchto spomienok m\u00f4\u017ee by\u0165 znepokojuj\u00faca.<\/p>\n\n\n\n<p><\/p>\n\n\n\n<hr class=\"wp-block-separator has-text-color has-luminous-vivid-orange-color has-alpha-channel-opacity has-luminous-vivid-orange-background-color has-background\" \/>\n\n\n\n<h3 class=\"wp-block-heading\">Pre\u010d\u00edtajte si tie\u017e:<\/h3>\n\n\n\n<ul class=\"wp-block-list has-small-font-size\">\n<li class=\"has-medium-font-size\"><a href=\"https:\/\/universofamilia.com\/sk\/6898\/leer-la-biblia-catolica-en-tu-celular\/\"><font style=\"vertical-align: inherit\"><font style=\"vertical-align: inherit\">\ud83d\udccc \u010c\u00edtajte katol\u00edcku Bibliu na svojom mobilnom telef\u00f3ne<\/font><\/font> &gt;<\/a><\/li>\n\n\n\n<li class=\"has-medium-font-size\"><a href=\"https:\/\/universofamilia.com\/sk\/6855\/grabar-llamadas-recibidas\/\">\ud83d\udccc Nahr\u00e1vajte prich\u00e1dzaj\u00face hovory &gt;<\/a><\/li>\n\n\n\n<li class=\"has-medium-font-size\"><a href=\"https:\/\/universofamilia.com\/sk\/6832\/aplicacion-para-bailar-zumba\/\">\ud83d\udccc Aplik\u00e1cia na tanec Zumba &gt;<\/a><\/li>\n\n\n\n<li class=\"has-medium-font-size\"><a href=\"https:\/\/universofamilia.com\/sk\/6952\/descubre-quien-visita-tu-perfil-redes-sociales\/\">\ud83d\udccc Zistite, kto nav\u0161tevuje v\u00e1\u0161 profil na soci\u00e1lnych sie\u0165ach &gt;<\/a><\/li>\n<\/ul>\n\n\n\n<hr class=\"wp-block-separator has-text-color has-luminous-vivid-orange-color has-alpha-channel-opacity has-luminous-vivid-orange-background-color has-background\" \/>\n\n\n\n<p><\/p>\n\n\n\n<p>A tu prich\u00e1dzaj\u00fa na rad aplik\u00e1cie na obnovu, t\u00ed skuto\u010dn\u00ed neospevovan\u00ed hrdinovia, ktor\u00ed zachra\u0148uj\u00fa situ\u00e1ciu a vracaj\u00fa n\u00e1m tie vz\u00e1cne obr\u00e1zky, o ktor\u00fdch sme si mysleli, \u017ee ich u\u017e nikdy neuvid\u00edme.<\/p>\n\n\n\n<p>Ale ako si vybra\u0165 t\u00fa najlep\u0161iu aplik\u00e1ciu? Po\u010fme to zisti\u0165!<\/p>\n\n\n\n<h3 class=\"wp-block-heading\">Nezn\u00e1mi hrdinovia: Aplik\u00e1cie na zotavenie<\/h3>\n\n\n\n<p>Existuje ve\u013ea aplik\u00e1ci\u00ed, ktor\u00e9 s\u013eubuj\u00fa obnovenie va\u0161ich fotografi\u00ed. Ot\u00e1zkou je: ktor\u00e9 z nich svoje s\u013euby skuto\u010dne splnia?<\/p>\n\n\n\n<p>Po\u010fme sa porozpr\u00e1va\u0165 o troch, ktor\u00e9 na trhu vynikaj\u00fa a pomohli tis\u00edckam \u013eud\u00ed obnovi\u0165 si spomienky. S\u00fa to: <strong>DiskDigger<\/strong>, <strong>Obnovi\u0165<\/strong> y <strong>MobiSaver<\/strong>.<\/p>\n\n\n\n<p>Ka\u017ed\u00fd z nich m\u00e1 svoje vlastn\u00e9 jedine\u010dn\u00e9 vlastnosti, ale v\u0161etky maj\u00fa jednu spolo\u010dn\u00fa vec: schopnos\u0165 v\u00e1m op\u00e4\u0165 u\u013eah\u010di\u0165 d\u00fdchanie.<\/p>\n\n\n\n<h3 class=\"wp-block-heading\">Pre\u010do ma\u0165 aplik\u00e1ciu na obnovu fotografi\u00ed?<\/h3>\n\n\n\n<p>Ak ste u\u017e niekedy stratili fotografie, viete, ak\u00e9 frustruj\u00face to m\u00f4\u017ee by\u0165. Ak sa v\u00e1m to v\u0161ak e\u0161te nestalo, tu je tip: bu\u010fte pripraven\u00ed!<\/p>\n\n\n\n<p>Ma\u0165 aplik\u00e1ciu na obnovenie v telef\u00f3ne je ako ma\u0165 poistenie pre svoje spomienky.<\/p>\n\n\n\n<p>Okrem jednoduch\u00e9ho pou\u017e\u00edvania m\u00f4\u017eu tieto aplik\u00e1cie znamena\u0165 rozdiel medzi stratou obr\u00e1zka natrvalo alebo jeho obnoven\u00edm len nieko\u013ek\u00fdmi kliknutiami.<\/p>\n\n\n\n<p>A e\u0161te lep\u0161ie: mnoh\u00e9 z t\u00fdchto aplik\u00e1ci\u00ed funguj\u00fa aj na obnove vide\u00ed, dokumentov a in\u00fdch d\u00f4le\u017eit\u00fdch s\u00faborov.<\/p>\n\n\n\n<h3 class=\"wp-block-heading\">Tipy pre \u00faspe\u0161n\u00e9 zotavenie<\/h3>\n\n\n\n<ul class=\"wp-block-list\">\n<li><strong>Okam\u017eite presta\u0148te pou\u017e\u00edva\u0165 mobiln\u00fd telef\u00f3n.<\/strong> po zisten\u00ed, \u017ee ste stratili fotografiu. \u010c\u00edm menej zariadenie pou\u017e\u00edvate, t\u00fdm v\u00e4\u010d\u0161ia je \u0161anca na jej obnovenie.<\/li>\n\n\n\n<li><strong>Pravidelne si z\u00e1lohujte<\/strong> va\u0161ich fotografi\u00ed, ak je to mo\u017en\u00e9. M\u00f4\u017ee sa to zda\u0165 samozrejm\u00e9, ale ve\u013ea \u013eud\u00ed na to zab\u00fada.<\/li>\n\n\n\n<li><strong>Pou\u017e\u00edvajte viac ako jednu aplik\u00e1ciu<\/strong> obnovenie, ak je to potrebn\u00e9. Niekedy to, \u010do jedna aplik\u00e1cia nedok\u00e1\u017ee n\u00e1js\u0165, dok\u00e1\u017ee in\u00e1.<\/li>\n<\/ul>\n\n\n\n<h3 class=\"wp-block-heading\">\u00da\u017easn\u00e9 aplik\u00e1cie na obnovu fotografi\u00ed!<\/h3>\n\n\n\n<p>Teraz, ke\u010f pozn\u00e1te d\u00f4le\u017eitos\u0165 obnovy spomienok a nieko\u013eko tipov na maximaliz\u00e1ciu \u00faspechu, pozrime sa bli\u017e\u0161ie na tri aplik\u00e1cie, ktor\u00e9 sme spomenuli vy\u0161\u0161ie.<\/p>\n\n\n\n<p>S\u00fa mimoriadne efekt\u00edvne a ich funkcie podporuj\u00fa tis\u00edce pou\u017e\u00edvate\u013eov.<\/p>\n\n\n\n<h3 class=\"wp-block-heading\"><strong>Obnova fotografi\u00ed z DiskDiggeru<\/strong><\/h3>\n\n\n\n<p><strong>DiskDigger<\/strong> Je to jedna z najzn\u00e1mej\u0161\u00edch aplik\u00e1ci\u00ed na obnovu fotografi\u00ed.<\/p>\n\n\n\n<p>Skenujte pam\u00e4\u0165 zariadenia a vyh\u013eadajte s\u00fabory, ktor\u00e9 boli odstr\u00e1nen\u00e9, aj ke\u010f u\u017e d\u00e1vno.<\/p>\n\n\n\n<p>Jednou z jeho hlavn\u00fdch v\u00fdhod je, \u017ee pon\u00faka dva re\u017eimy obnovy: z\u00e1kladn\u00fd (pre ned\u00e1vno odstr\u00e1nen\u00e9 fotografie) a pokro\u010dil\u00fd (pre s\u00fabory odstr\u00e1nen\u00e9 u\u017e d\u00e1vnej\u0161ie alebo v zlo\u017eitej\u0161\u00edch situ\u00e1ci\u00e1ch).<\/p>\n\n\n\n<p><strong>V\u00fdhody:<\/strong><\/p>\n\n\n\n<ul class=\"wp-block-list\">\n<li>Jednoduch\u00e9 pou\u017eitie.<\/li>\n\n\n\n<li>Pon\u00faka r\u00f4zne \u00farovne regener\u00e1cie.<\/li>\n\n\n\n<li>Funguje to pre fotografie aj pre in\u00e9 typy s\u00faborov.<\/li>\n<\/ul>\n\n\n\n<p><strong>Recenzie pou\u017e\u00edvate\u013eov:<\/strong><\/p>\n\n\n\n<ol class=\"wp-block-list\">\n<li>\u201eStratil som v\u0161etky svadobn\u00e9 fotografie, ale s DiskDiggerom sa mi podarilo obnovi\u0165 takmer v\u0161etky. Ve\u013emi jednoduch\u00e9 pou\u017eitie, vrelo ho odpor\u00fa\u010dam!\u201c <em>Carla S.<\/em><\/li>\n\n\n\n<li>\u201eVynikaj\u00faca aplik\u00e1cia! Nevedel som, \u017ee nie\u010do tak\u00e9 jednoduch\u00e9 dok\u00e1\u017ee vyrie\u0161i\u0165 tak\u00fd ve\u013ek\u00fd probl\u00e9m.\u201c <em>Luk\u00e1\u0161 M.<\/em><\/li>\n\n\n\n<li>\u201eFunguje to tak, ako som s\u013e\u00fabil. Stoj\u00ed to za ka\u017ed\u00fd cent!\u201c <em>M\u00e1ria J.<\/em><\/li>\n<\/ol>\n\n\n\n<h3 class=\"wp-block-heading\"><strong>Undeleter Obnova s\u00faborov a d\u00e1t<\/strong><\/h3>\n\n\n\n<p><strong>Obnovi\u0165<\/strong> je \u010fal\u0161ou vynikaj\u00facou aplik\u00e1ciou, pokia\u013e ide o obnovu d\u00e1t.<\/p>\n\n\n\n<p>Nielen\u017ee obnovuje odstr\u00e1nen\u00e9 fotografie, ale je tie\u017e efekt\u00edvny pri obnove dokumentov a in\u00fdch s\u00faborov, ktor\u00e9 ste mohli strati\u0165.<\/p>\n\n\n\n<p>Zauj\u00edmavou funkciou je, \u017ee umo\u017e\u0148uje zobrazi\u0165 uk\u00e1\u017eku obnoven\u00fdch s\u00faborov, tak\u017ee si m\u00f4\u017eete vybra\u0165 iba to, na \u010dom skuto\u010dne z\u00e1le\u017e\u00ed.<\/p>\n\n\n\n<p><strong>V\u00fdhody:<\/strong><\/p>\n\n\n\n<ul class=\"wp-block-list\">\n<li>Obnovuje r\u00f4zne typy s\u00faborov.<\/li>\n\n\n\n<li>N\u00e1h\u013ead pred obnoven\u00edm.<\/li>\n\n\n\n<li>Jednoduch\u00e9 a intuit\u00edvne rozhranie.<\/li>\n<\/ul>\n\n\n\n<p><strong>Recenzie pou\u017e\u00edvate\u013eov:<\/strong><\/p>\n\n\n\n<ol class=\"wp-block-list\">\n<li>\u201eT\u00e1to aplik\u00e1cia ma zachr\u00e1nila, ke\u010f som omylom vymazal cestovn\u00e9 fotografie. Odpor\u00fa\u010dam ju ka\u017ed\u00e9mu!\u201c <em>Juan F.<\/em><\/li>\n\n\n\n<li>\u201eFunguje to perfektne. Obnovil dokonca aj s\u00fabory, ktor\u00e9 som vymazal pred mesiacmi.\u201c \u2013 <em>Ana P.<\/em><\/li>\n\n\n\n<li>\u201eSkvel\u00e9 na fotografie a dokumenty, v\u0161etko som obnovil bez probl\u00e9mov!\u201c \u2013 <em>Bruno G.<\/em><\/li>\n<\/ol>\n\n\n\n<h3 class=\"wp-block-heading\"><strong>MobiSaver - Obnova fotografi\u00ed a d\u00e1t<\/strong><\/h3>\n\n\n\n<p><strong>MobiSaver<\/strong> Je to perfektn\u00e9 rie\u0161enie pre t\u00fdch, ktor\u00ed chc\u00fa obnovi\u0165 nielen fotografie, ale aj vide\u00e1, spr\u00e1vy a \u010fal\u0161ie \u00fadaje.<\/p>\n\n\n\n<p>Aplik\u00e1cia sa \u013eahko pou\u017e\u00edva a m\u00e1 ve\u013emi intuit\u00edvne rozhranie, v\u010faka \u010domu je obnova jednoduch\u00e1 aj pre t\u00fdch, ktor\u00ed nie s\u00fa ve\u013emi technicky zdatn\u00ed.<\/p>\n\n\n\n<p><strong>V\u00fdhody:<\/strong><\/p>\n\n\n\n<ul class=\"wp-block-list\">\n<li>Obnovuje r\u00f4zne typy s\u00faborov.<\/li>\n\n\n\n<li>Jednoduch\u00e1 navig\u00e1cia, aj pre za\u010diato\u010dn\u00edkov.<\/li>\n\n\n\n<li>Funguje to pre fotografie aj vide\u00e1 a \u010fal\u0161ie \u00fadaje.<\/li>\n<\/ul>\n\n\n\n<p><strong>Recenzie pou\u017e\u00edvate\u013eov:<\/strong><\/p>\n\n\n\n<ol class=\"wp-block-list\">\n<li>\u201eT\u00e1to aplik\u00e1cia obnovila star\u00e9 fotografie, o ktor\u00fdch som u\u017e nikdy ned\u00fafal, \u017ee ich e\u0161te uvid\u00edm. Neuverite\u013en\u00e9!\u201c <em>Sofia D.<\/em><\/li>\n\n\n\n<li>\u201eSkvel\u00e1 aplik\u00e1cia. Ve\u013emi jednoduch\u00e1 na pou\u017e\u00edvanie, a to aj pre t\u00fdch, ktor\u00ed nie s\u00fa technicky zdatn\u00ed.\u201c \u2013 <em>Pedro A.<\/em><\/li>\n\n\n\n<li>\u201eBol som ohromen\u00fd kvalitou obnovy. Zachr\u00e1nilo ma to pred stratou d\u00f4le\u017eit\u00fdch fotografi\u00ed z telef\u00f3nu.\u201c <em>J\u00falia R.<\/em><\/li>\n<\/ol>\n\n\n<div class=\"wp-block-image\">\n<figure class=\"aligncenter size-full\"><img loading=\"lazy\" decoding=\"async\" width=\"550\" height=\"350\" src=\"http:\/\/universofamilia.com\/wp-content\/uploads\/sites\/148\/2024\/10\/DESTAQUE-UNIVERSO-550-x-350-3-6.jpg\" alt=\"\" class=\"wp-image-7060\" srcset=\"https:\/\/universofamilia.com\/wp-content\/uploads\/sites\/148\/2024\/10\/DESTAQUE-UNIVERSO-550-x-350-3-6.jpg 550w, https:\/\/universofamilia.com\/wp-content\/uploads\/sites\/148\/2024\/10\/DESTAQUE-UNIVERSO-550-x-350-3-6-300x191.jpg 300w\" sizes=\"(max-width: 550px) 100vw, 550px\" \/><figcaption class=\"wp-element-caption\">Obnovenie straten\u00fdch spomienok: vzru\u0161uj\u00faca cesta<\/figcaption><\/figure><\/div>\n\n\n<h3 class=\"wp-block-heading\">Z\u00e1ver: Obnovte si straten\u00e9 spomienky hne\u010f teraz!<\/h3>\n\n\n\n<p>Ako sme videli, strata d\u00f4le\u017eit\u00fdch fotografi\u00ed a s\u00faborov nemus\u00ed by\u0165 koniec sveta.<\/p>\n\n\n\n<p>S aplik\u00e1ciami ako <strong>DiskDigger<\/strong>, <strong>Obnovi\u0165<\/strong> y <strong>MobiSaver<\/strong>, m\u00e1te mo\u017enos\u0165 obnovi\u0165 si vz\u00e1cne spomienky a pre\u017ei\u0165 v\u00fdnimo\u010dn\u00e9 chv\u00edle.<\/p>\n\n\n\n<p>Ne\u010dakajte dlh\u0161ie, stiahnite si jedn\u00e9ho z t\u00fdchto digit\u00e1lnych hrdinov e\u0161te dnes a bu\u010fte pripraven\u00ed na ak\u00fako\u013evek eventualitu!<\/p>\n\n\n\n<h3 class=\"wp-block-heading\">Kde n\u00e1js\u0165 t\u00fdchto digit\u00e1lnych hrdinov?<\/h3>\n\n\n\n<ul class=\"wp-block-list\">\n<li><strong>Obnova fotografi\u00ed z DiskDiggeru<\/strong> pre - <a href=\"https:\/\/play.google.com\/store\/\">Android<\/a> \/ <a href=\"https:\/\/apps.apple.com\/us\/iphone\/today\">iOS<\/a><\/li>\n\n\n\n<li><strong>Undeleter Obnova s\u00faborov a d\u00e1t<\/strong> pre - <a href=\"https:\/\/play.google.com\/store\/\">Android<\/a> \/ <a href=\"https:\/\/apps.apple.com\/us\/iphone\/today\">iOS<\/a><\/li>\n\n\n\n<li><strong>MobiSaver - Obnova fotografi\u00ed a d\u00e1t<\/strong> pre - <a href=\"https:\/\/play.google.com\/store\/\">Android<\/a> \/ <a href=\"https:\/\/apps.apple.com\/us\/iphone\/today\">iOS<\/a><\/li>\n<\/ul>\n\n\n\n<p>Tak na \u010do e\u0161te \u010dak\u00e1te? Nenechajte svoje spomienky strati\u0165 sa v \u010dase. Vyu\u017eite tieto \u00fa\u017easn\u00e9 aplik\u00e1cie a zdie\u013eajte tento tip so svojimi priate\u013emi!<\/p>\n\n\n\n<hr class=\"wp-block-separator has-alpha-channel-opacity\" \/>\n\n\n\n<h3 class=\"wp-block-heading\"><strong>\u010casto kladen\u00e9 ot\u00e1zky (FAQ)<\/strong><\/h3>\n\n\n\n<p><strong>1. M\u00f4\u017eem obnovi\u0165 fotografie, ktor\u00e9 boli odstr\u00e1nen\u00e9 u\u017e d\u00e1vno?<\/strong><br>\u00c1no, aplik\u00e1cie ako napr. <strong>DiskDigger<\/strong> y <strong>Obnovi\u0165<\/strong> Pon\u00fakaj\u00fa pokro\u010dil\u00e9 re\u017eimy obnovenia, ktor\u00e9 v\u00e1m umo\u017e\u0148uj\u00fa n\u00e1js\u0165 fotografie, ktor\u00e9 boli odstr\u00e1nen\u00e9 u\u017e d\u00e1vno. \u010c\u00edm sk\u00f4r aplik\u00e1ciu pou\u017eijete, t\u00fdm v\u00e4\u010d\u0161ia je \u0161anca na obnovenie.<\/p>\n\n\n\n<p><strong>2. S\u00fa tieto aplik\u00e1cie \u013eahko pou\u017eite\u013en\u00e9 pre za\u010diato\u010dn\u00edkov?<\/strong><br>Rozhodne. V\u0161etky spomenut\u00e9 aplik\u00e1cie, ako napr\u00edklad <strong>MobiSaver<\/strong>, s\u00fa navrhnut\u00e9 s intuit\u00edvnym rozhran\u00edm, ktor\u00e9 u\u013eah\u010duje obnovu fotografi\u00ed aj \u013eu\u010fom s mal\u00fdmi technick\u00fdmi sk\u00fasenos\u0165ami.<\/p>\n\n\n\n<p><strong>3. M\u00f4\u017eem obnovi\u0165 aj in\u00e9 typy s\u00faborov okrem fotografi\u00ed?<\/strong><br>\u00c1no. Okrem fotografi\u00ed, aplik\u00e1cie ako <strong>Obnovi\u0165<\/strong> y <strong>MobiSaver<\/strong> Dok\u00e1\u017eu tie\u017e obnovi\u0165 vide\u00e1, spr\u00e1vy a dokumenty, v\u010faka \u010domu s\u00fa ve\u013emi v\u0161estrann\u00e9.<\/p>\n\n\n\n<p><strong>4. Je bezpe\u010dn\u00e9 pou\u017e\u00edva\u0165 tieto aplik\u00e1cie?<\/strong><br>\u00c1no, v\u0161etky aplik\u00e1cie spomenut\u00e9 v tomto \u010dl\u00e1nku s\u00fa bezpe\u010dn\u00e9 a boli pozit\u00edvne hodnoten\u00e9 tis\u00edckami pou\u017e\u00edvate\u013eov v obchodoch s aplik\u00e1ciami. Odpor\u00fa\u010da sa v\u0161ak s\u0165ahova\u0165 ich iba z ofici\u00e1lnych obchodov, aby ste predi\u0161li probl\u00e9mom.<\/p>\n\n\n\n<p><strong>5. \u010co m\u00e1m robi\u0165, ak aplik\u00e1cia nevie n\u00e1js\u0165 moje fotografie?<\/strong><br>Ak sa jednej aplik\u00e1cii nepodar\u00ed obnovi\u0165 va\u0161e fotografie, odpor\u00fa\u010dame vysk\u00fa\u0161a\u0165 in\u00fa. Niekedy sa st\u00e1va, \u017ee to, \u010do jedna aplik\u00e1cia nedok\u00e1\u017ee n\u00e1js\u0165, dok\u00e1\u017ee in\u00e1. Je tie\u017e d\u00f4le\u017eit\u00e9 presta\u0165 zariadenie ihne\u010f po odstr\u00e1nen\u00ed fotografi\u00ed pou\u017e\u00edva\u0165, aby ste zv\u00fd\u0161ili \u0161ance na \u00faspech.<\/p>","protected":false},"excerpt":{"rendered":"<p>V\u0161etci sme to za\u017eili: ten moment paniky, ke\u010f si uvedom\u00edme, \u017ee z n\u00e1\u0161ho telef\u00f3nu zmizla d\u00f4le\u017eit\u00e1 fotografia. Kto e\u0161te nestratil vz\u00e1cnu fotografiu z v\u00fdletu, zo \u0161peci\u00e1lneho okamihu s rodinou alebo len zo spont\u00e1nnej fotky s priate\u013emi? Zd\u00e1 sa, \u017ee je v\u0161etko pre\u010d, v\u0161ak? Ale nebojte sa! [\u2026]<\/p>","protected":false},"author":139,"featured_media":7060,"comment_status":"closed","ping_status":"open","sticky":false,"template":"","format":"standard","meta":{"footnotes":""},"categories":[2],"tags":[217,621,767,1111,1389,1394],"yoast_head":"<!-- This site is optimized with the Yoast SEO plugin v23.3 - https:\/\/yoast.com\/wordpress\/plugins\/seo\/ -->\n<title>Recuperando memorias perdidas: una emocionante jornada - Universo Fam\u00edlia<\/title>\n<meta name=\"description\" content=\"Recuperando memorias perdidas: una emocionante jornada. Todos hemos pasado por eso: ese momento de p\u00e1nico cuando nos damos...\" \/>\n<meta name=\"robots\" content=\"index, follow, max-snippet:-1, max-image-preview:large, max-video-preview:-1\" \/>\n<link rel=\"canonical\" href=\"https:\/\/universofamilia.com\/sk\/recuperando-memorias-perdidas-una-emocionante-jornada\/\" \/>\n<meta property=\"og:locale\" content=\"sk_SK\" \/>\n<meta property=\"og:type\" content=\"article\" \/>\n<meta property=\"og:title\" content=\"Recuperando memorias perdidas: una emocionante jornada - Universo Fam\u00edlia\" \/>\n<meta property=\"og:description\" content=\"Recuperando memorias perdidas: una emocionante jornada. Todos hemos pasado por eso: ese momento de p\u00e1nico cuando nos damos...\" \/>\n<meta property=\"og:url\" content=\"https:\/\/universofamilia.com\/sk\/recuperando-memorias-perdidas-una-emocionante-jornada\/\" \/>\n<meta property=\"og:site_name\" content=\"Universo Fam\u00edlia\" \/>\n<meta property=\"article:published_time\" content=\"2024-10-22T13:40:20+00:00\" \/>\n<meta property=\"article:modified_time\" content=\"2026-04-15T14:13:03+00:00\" \/>\n<meta property=\"og:image\" content=\"http:\/\/universofamilia.com\/wp-content\/uploads\/sites\/148\/2024\/10\/DESTAQUE-UNIVERSO-550-x-350-3-6.jpg\" \/>\n\t<meta property=\"og:image:width\" content=\"550\" \/>\n\t<meta property=\"og:image:height\" content=\"350\" \/>\n\t<meta property=\"og:image:type\" content=\"image\/jpeg\" \/>\n<meta name=\"author\" content=\"Pedro Henrique\" \/>\n<meta name=\"twitter:card\" content=\"summary_large_image\" \/>\n<meta name=\"twitter:label1\" content=\"Written by\" \/>\n\t<meta name=\"twitter:data1\" content=\"Pedro Henrique\" \/>\n\t<meta name=\"twitter:label2\" content=\"Est. reading time\" \/>\n\t<meta name=\"twitter:data2\" content=\"7 min\u00fat\" \/>\n<script type=\"application\/ld+json\" class=\"yoast-schema-graph\">{\"@context\":\"https:\/\/schema.org\",\"@graph\":[{\"@type\":\"WebPage\",\"@id\":\"http:\/\/universofamilia.com\/recuperando-memorias-perdidas-una-emocionante-jornada\/\",\"url\":\"http:\/\/universofamilia.com\/recuperando-memorias-perdidas-una-emocionante-jornada\/\",\"name\":\"Recuperando memorias perdidas: una emocionante jornada - Universo Fam\u00edlia\",\"isPartOf\":{\"@id\":\"https:\/\/universofamilia.com\/el\/#website\"},\"primaryImageOfPage\":{\"@id\":\"http:\/\/universofamilia.com\/recuperando-memorias-perdidas-una-emocionante-jornada\/#primaryimage\"},\"image\":{\"@id\":\"http:\/\/universofamilia.com\/recuperando-memorias-perdidas-una-emocionante-jornada\/#primaryimage\"},\"thumbnailUrl\":\"https:\/\/universofamilia.com\/wp-content\/uploads\/sites\/148\/2024\/10\/DESTAQUE-UNIVERSO-550-x-350-3-6.jpg\",\"datePublished\":\"2024-10-22T13:40:20+00:00\",\"dateModified\":\"2026-04-15T14:13:03+00:00\",\"author\":{\"@id\":\"https:\/\/universofamilia.com\/el\/#\/schema\/person\/f07ce98187dd84d31154262e79b3b7ca\"},\"description\":\"Recuperando memorias perdidas: una emocionante jornada. Todos hemos pasado por eso: ese momento de p\u00e1nico cuando nos damos...\",\"breadcrumb\":{\"@id\":\"http:\/\/universofamilia.com\/recuperando-memorias-perdidas-una-emocionante-jornada\/#breadcrumb\"},\"inLanguage\":\"sk-SK\",\"potentialAction\":[{\"@type\":\"ReadAction\",\"target\":[\"http:\/\/universofamilia.com\/recuperando-memorias-perdidas-una-emocionante-jornada\/\"]}]},{\"@type\":\"ImageObject\",\"inLanguage\":\"sk-SK\",\"@id\":\"http:\/\/universofamilia.com\/recuperando-memorias-perdidas-una-emocionante-jornada\/#primaryimage\",\"url\":\"https:\/\/universofamilia.com\/wp-content\/uploads\/sites\/148\/2024\/10\/DESTAQUE-UNIVERSO-550-x-350-3-6.jpg\",\"contentUrl\":\"https:\/\/universofamilia.com\/wp-content\/uploads\/sites\/148\/2024\/10\/DESTAQUE-UNIVERSO-550-x-350-3-6.jpg\",\"width\":550,\"height\":350,\"caption\":\"Recuperando memorias perdidas: una emocionante jornada\"},{\"@type\":\"BreadcrumbList\",\"@id\":\"http:\/\/universofamilia.com\/recuperando-memorias-perdidas-una-emocionante-jornada\/#breadcrumb\",\"itemListElement\":[{\"@type\":\"ListItem\",\"position\":1,\"name\":\"Home\",\"item\":\"https:\/\/universofamilia.com\/el\/\"},{\"@type\":\"ListItem\",\"position\":2,\"name\":\"Recuperando memorias perdidas: una emocionante jornada\"}]},{\"@type\":\"WebSite\",\"@id\":\"https:\/\/universofamilia.com\/el\/#website\",\"url\":\"https:\/\/universofamilia.com\/el\/\",\"name\":\"Universo Fam\u00edlia\",\"description\":\"\",\"potentialAction\":[{\"@type\":\"SearchAction\",\"target\":{\"@type\":\"EntryPoint\",\"urlTemplate\":\"https:\/\/universofamilia.com\/el\/?s={search_term_string}\"},\"query-input\":\"required name=search_term_string\"}],\"inLanguage\":\"sk-SK\"},{\"@type\":\"Person\",\"@id\":\"https:\/\/universofamilia.com\/el\/#\/schema\/person\/f07ce98187dd84d31154262e79b3b7ca\",\"name\":\"Pedro Henrique\",\"image\":{\"@type\":\"ImageObject\",\"inLanguage\":\"sk-SK\",\"@id\":\"https:\/\/universofamilia.com\/el\/#\/schema\/person\/image\/\",\"url\":\"https:\/\/secure.gravatar.com\/avatar\/9edfeb808cb4e1599f64d6e45b130154?s=96&d=mm&r=g\",\"contentUrl\":\"https:\/\/secure.gravatar.com\/avatar\/9edfeb808cb4e1599f64d6e45b130154?s=96&d=mm&r=g\",\"caption\":\"Pedro Henrique\"},\"url\":\"https:\/\/universofamilia.com\/sk\/author\/editor01\/\"}]}<\/script>\n<!-- \/ Yoast SEO plugin. -->","yoast_head_json":{"title":"Recuperando memorias perdidas: una emocionante jornada - Universo Fam\u00edlia","description":"Recuperando memorias perdidas: una emocionante jornada. Todos hemos pasado por eso: ese momento de p\u00e1nico cuando nos damos...","robots":{"index":"index","follow":"follow","max-snippet":"max-snippet:-1","max-image-preview":"max-image-preview:large","max-video-preview":"max-video-preview:-1"},"canonical":"https:\/\/universofamilia.com\/sk\/recuperando-memorias-perdidas-una-emocionante-jornada\/","og_locale":"sk_SK","og_type":"article","og_title":"Recuperando memorias perdidas: una emocionante jornada - Universo Fam\u00edlia","og_description":"Recuperando memorias perdidas: una emocionante jornada. Todos hemos pasado por eso: ese momento de p\u00e1nico cuando nos damos...","og_url":"https:\/\/universofamilia.com\/sk\/recuperando-memorias-perdidas-una-emocionante-jornada\/","og_site_name":"Universo Fam\u00edlia","article_published_time":"2024-10-22T13:40:20+00:00","article_modified_time":"2026-04-15T14:13:03+00:00","og_image":[{"width":550,"height":350,"url":"http:\/\/universofamilia.com\/wp-content\/uploads\/sites\/148\/2024\/10\/DESTAQUE-UNIVERSO-550-x-350-3-6.jpg","type":"image\/jpeg"}],"author":"Pedro Henrique","twitter_card":"summary_large_image","twitter_misc":{"Written by":"Pedro Henrique","Est. reading time":"7 min\u00fat"},"schema":{"@context":"https:\/\/schema.org","@graph":[{"@type":"WebPage","@id":"http:\/\/universofamilia.com\/recuperando-memorias-perdidas-una-emocionante-jornada\/","url":"http:\/\/universofamilia.com\/recuperando-memorias-perdidas-una-emocionante-jornada\/","name":"Recuperando memorias perdidas: una emocionante jornada - Universo Fam\u00edlia","isPartOf":{"@id":"https:\/\/universofamilia.com\/el\/#website"},"primaryImageOfPage":{"@id":"http:\/\/universofamilia.com\/recuperando-memorias-perdidas-una-emocionante-jornada\/#primaryimage"},"image":{"@id":"http:\/\/universofamilia.com\/recuperando-memorias-perdidas-una-emocionante-jornada\/#primaryimage"},"thumbnailUrl":"https:\/\/universofamilia.com\/wp-content\/uploads\/sites\/148\/2024\/10\/DESTAQUE-UNIVERSO-550-x-350-3-6.jpg","datePublished":"2024-10-22T13:40:20+00:00","dateModified":"2026-04-15T14:13:03+00:00","author":{"@id":"https:\/\/universofamilia.com\/el\/#\/schema\/person\/f07ce98187dd84d31154262e79b3b7ca"},"description":"Recuperando memorias perdidas: una emocionante jornada. Todos hemos pasado por eso: ese momento de p\u00e1nico cuando nos damos...","breadcrumb":{"@id":"http:\/\/universofamilia.com\/recuperando-memorias-perdidas-una-emocionante-jornada\/#breadcrumb"},"inLanguage":"sk-SK","potentialAction":[{"@type":"ReadAction","target":["http:\/\/universofamilia.com\/recuperando-memorias-perdidas-una-emocionante-jornada\/"]}]},{"@type":"ImageObject","inLanguage":"sk-SK","@id":"http:\/\/universofamilia.com\/recuperando-memorias-perdidas-una-emocionante-jornada\/#primaryimage","url":"https:\/\/universofamilia.com\/wp-content\/uploads\/sites\/148\/2024\/10\/DESTAQUE-UNIVERSO-550-x-350-3-6.jpg","contentUrl":"https:\/\/universofamilia.com\/wp-content\/uploads\/sites\/148\/2024\/10\/DESTAQUE-UNIVERSO-550-x-350-3-6.jpg","width":550,"height":350,"caption":"Recuperando memorias perdidas: una emocionante jornada"},{"@type":"BreadcrumbList","@id":"http:\/\/universofamilia.com\/recuperando-memorias-perdidas-una-emocionante-jornada\/#breadcrumb","itemListElement":[{"@type":"ListItem","position":1,"name":"Home","item":"https:\/\/universofamilia.com\/el\/"},{"@type":"ListItem","position":2,"name":"Recuperando memorias perdidas: una emocionante jornada"}]},{"@type":"WebSite","@id":"https:\/\/universofamilia.com\/el\/#website","url":"https:\/\/universofamilia.com\/el\/","name":"Universo Fam\u00edlia","description":"","potentialAction":[{"@type":"SearchAction","target":{"@type":"EntryPoint","urlTemplate":"https:\/\/universofamilia.com\/el\/?s={search_term_string}"},"query-input":"required name=search_term_string"}],"inLanguage":"sk-SK"},{"@type":"Person","@id":"https:\/\/universofamilia.com\/el\/#\/schema\/person\/f07ce98187dd84d31154262e79b3b7ca","name":"Pedro Henrique","image":{"@type":"ImageObject","inLanguage":"sk-SK","@id":"https:\/\/universofamilia.com\/el\/#\/schema\/person\/image\/","url":"https:\/\/secure.gravatar.com\/avatar\/9edfeb808cb4e1599f64d6e45b130154?s=96&d=mm&r=g","contentUrl":"https:\/\/secure.gravatar.com\/avatar\/9edfeb808cb4e1599f64d6e45b130154?s=96&d=mm&r=g","caption":"Pedro Henrique"},"url":"https:\/\/universofamilia.com\/sk\/author\/editor01\/"}]}},"_links":{"self":[{"href":"https:\/\/universofamilia.com\/sk\/wp-json\/wp\/v2\/posts\/7059"}],"collection":[{"href":"https:\/\/universofamilia.com\/sk\/wp-json\/wp\/v2\/posts"}],"about":[{"href":"https:\/\/universofamilia.com\/sk\/wp-json\/wp\/v2\/types\/post"}],"author":[{"embeddable":true,"href":"https:\/\/universofamilia.com\/sk\/wp-json\/wp\/v2\/users\/139"}],"replies":[{"embeddable":true,"href":"https:\/\/universofamilia.com\/sk\/wp-json\/wp\/v2\/comments?post=7059"}],"version-history":[{"count":2,"href":"https:\/\/universofamilia.com\/sk\/wp-json\/wp\/v2\/posts\/7059\/revisions"}],"predecessor-version":[{"id":10753,"href":"https:\/\/universofamilia.com\/sk\/wp-json\/wp\/v2\/posts\/7059\/revisions\/10753"}],"wp:featuredmedia":[{"embeddable":true,"href":"https:\/\/universofamilia.com\/sk\/wp-json\/wp\/v2\/media\/7060"}],"wp:attachment":[{"href":"https:\/\/universofamilia.com\/sk\/wp-json\/wp\/v2\/media?parent=7059"}],"wp:term":[{"taxonomy":"category","embeddable":true,"href":"https:\/\/universofamilia.com\/sk\/wp-json\/wp\/v2\/categories?post=7059"},{"taxonomy":"post_tag","embeddable":true,"href":"https:\/\/universofamilia.com\/sk\/wp-json\/wp\/v2\/tags?post=7059"}],"curies":[{"name":"wp","href":"https:\/\/api.w.org\/{rel}","templated":true}]}}