{"id":7428,"date":"2024-11-14T14:50:32","date_gmt":"2024-11-14T17:50:32","guid":{"rendered":"https:\/\/universofamilia.com\/?p=7428"},"modified":"2024-11-14T14:50:32","modified_gmt":"2024-11-14T17:50:32","slug":"quien-te-observa-en-las-redes-sociales","status":"publish","type":"post","link":"https:\/\/universofamilia.com\/sk\/quien-te-observa-en-las-redes-sociales\/","title":{"rendered":"Kto \u0165a sleduje na soci\u00e1lnych sie\u0165ach?"},"content":{"rendered":"<p>Zistite, kto sleduje ka\u017ed\u00fd krok v\u00e1\u0161ho profilu na soci\u00e1lnych sie\u0165ach.<\/p>\n\n\n\n<p>Predstavte si mlad\u00fa \u017eenu menom Ana. Cel\u00e9 t\u00fd\u017edne tajne sledovala profil mu\u017ea menom Lucas.<\/p>\n\n\n\n<p><\/p>\n\n\n\n<hr class=\"wp-block-separator has-text-color has-luminous-vivid-orange-color has-alpha-channel-opacity has-luminous-vivid-orange-background-color has-background is-style-wide\"\/>\n\n\n\n<h4 class=\"wp-block-heading has-text-align-center\">\u010co h\u013ead\u00e1\u0161 dnes?<\/h4>\n\n\n\n<div class=\"wp-block-buttons is-content-justification-center is-layout-flex wp-container-core-buttons-layout-1 wp-block-buttons-is-layout-flex\">\n<div class=\"wp-block-button has-custom-width wp-block-button__width-100 is-style-outline\" style=\"text-decoration:none\"><a class=\"wp-block-button__link has-white-color has-vivid-cyan-blue-background-color has-text-color has-background has-link-color has-text-align-left wp-element-button\" href=\"https:\/\/universofamilia.com\/sk\/7282\/descubre-quien-esta-observandote\/\" style=\"border-radius:6px\">Zistite, kto v\u00e1s sleduje \u27a1\ufe0f<\/a><\/div>\n<\/div>\n\n\n\n<div class=\"wp-block-buttons is-content-justification-center is-layout-flex wp-container-core-buttons-layout-2 wp-block-buttons-is-layout-flex\">\n<div class=\"wp-block-button has-custom-width wp-block-button__width-100 is-style-outline\" style=\"text-decoration:none\"><a class=\"wp-block-button__link has-white-color has-vivid-cyan-blue-background-color has-text-color has-background has-link-color has-text-align-left wp-element-button\" href=\"https:\/\/universofamilia.com\/sk\/7281\/quien-esta-interesado-en-ti\/\" style=\"border-radius:6px\">Kto m\u00e1 o teba z\u00e1ujem? \u27a1\ufe0f<\/a><\/div>\n<\/div>\n\n\n\n<div class=\"wp-block-buttons is-content-justification-center is-layout-flex wp-container-core-buttons-layout-3 wp-block-buttons-is-layout-flex\">\n<div class=\"wp-block-button has-custom-width wp-block-button__width-100 is-style-outline\" style=\"text-decoration:none\"><a class=\"wp-block-button__link has-white-color has-vivid-cyan-blue-background-color has-text-color has-background has-link-color has-text-align-left wp-element-button\" href=\"https:\/\/universofamilia.com\/sk\/7271\/encuentra-el-amor-mejores-apps-de-citas\/\" style=\"border-radius:6px\">N\u00e1jdi l\u00e1sku \u27a1\ufe0f<\/a><\/div>\n<\/div>\n\n\n\n<p class=\"has-text-align-center\"><em><strong><em><strong><em><strong>\u010c\u00edtajte \u010falej!<\/strong><\/em><\/strong><\/em><\/strong><\/em><\/p>\n\n\n\n<hr class=\"wp-block-separator has-text-color has-luminous-vivid-orange-color has-alpha-channel-opacity has-luminous-vivid-orange-background-color has-background is-style-wide\"\/>\n\n\n\n<p><\/p>\n\n\n\n<p>Ka\u017ed\u00fd pr\u00edspevok, ka\u017ed\u00e1 fotka, ka\u017ed\u00fd lajk si z\u00edskali Aninu d\u00f4kladn\u00fa pozornos\u0165 a c\u00edtila sa s n\u00edm \u010doraz viac prepojen\u00e1.<\/p>\n\n\n\n<p>Aj ke\u010f sa nikdy nerozpr\u00e1vali, jedn\u00e9ho d\u0148a nazbieral odvahu a poslal spr\u00e1vu.<\/p>\n\n\n\n<p>Pr\u00edbeh, ktor\u00fd sa za\u010dal diskr\u00e9tnym pozorovan\u00edm, sa o nieko\u013eko rokov nesk\u00f4r skon\u010dil ponukou na sob\u00e1\u0161.<\/p>\n\n\n\n<p>Mo\u017eno to znie romanticky, ale vyvol\u00e1va to ot\u00e1zku: kto v\u00e1s pr\u00e1ve teraz sleduje na soci\u00e1lnych sie\u0165ach?<\/p>\n\n\n\n<h3 class=\"wp-block-heading\">Pre\u010do je d\u00f4le\u017eit\u00e9 vedie\u0165, kto si prezeral v\u00e1\u0161 profil?<\/h3>\n\n\n\n<p>Zvedavos\u0165 je \u013eudsk\u00e1 vlastnos\u0165. Chceme vedie\u0165, koho zauj\u00edma to, \u010do zdie\u013eame, \u010di u\u017e je to pre zaistenie n\u00e1\u0161ho s\u00fakromia alebo jednoducho pre uspokojenie n\u00e1\u0161ho ega.<\/p>\n\n\n\n<p>Ve\u010f kto si niekedy nekl\u00e1dol ot\u00e1zku: \u201eKto videl moju fotku?\u201c alebo \u201eKto ma potichu sleduje?\u201c<\/p>\n\n\n\n<p>Vedie\u0165, kto si prezer\u00e1 v\u00e1\u0161 profil, ide nad r\u00e1mec zvedavosti: m\u00f4\u017ee odhali\u0165 tajn\u00fdch obdivovate\u013eov, profesion\u00e1lnych konkurentov alebo dokonca potenci\u00e1lne hrozby.<\/p>\n\n\n\n<p>Ak chcete aj vy odhali\u0165 t\u00fato z\u00e1hadu, \u010d\u00edtajte \u010falej a objavte najlep\u0161ie n\u00e1stroje a tipy na bezpe\u010dn\u00e9 a efekt\u00edvne sledovanie n\u00e1v\u0161tev v\u00e1\u0161ho profilu.<\/p>\n\n\n\n<p><\/p>\n\n\n\n<hr class=\"wp-block-separator has-text-color has-luminous-vivid-orange-color has-alpha-channel-opacity has-luminous-vivid-orange-background-color has-background is-style-wide\"\/>\n\n\n\n<h3 class=\"wp-block-heading\">Pozri tie\u017e:<\/h3>\n\n\n\n<ul class=\"wp-block-list has-small-font-size\">\n<li class=\"has-medium-font-size\" style=\"padding-top:0;padding-right:var(--wp--preset--spacing--40);padding-bottom:0;padding-left:var(--wp--preset--spacing--40);font-style:normal;font-weight:400\"><a href=\"https:\/\/universofamilia.com\/sk\/6855\/grabar-llamadas-recibidas\/\"><mark style=\"background-color:rgba(0, 0, 0, 0);color:#f94c45\" class=\"has-inline-color\">Nahr\u00e1vanie prich\u00e1dzaj\u00facich hovorov &gt;<\/mark><\/a><\/li>\n\n\n\n<li class=\"has-medium-font-size\" style=\"padding-top:0;padding-right:var(--wp--preset--spacing--40);padding-bottom:0;padding-left:var(--wp--preset--spacing--40);font-style:normal;font-weight:400\"><a href=\"https:\/\/universofamilia.com\/sk\/6898\/leer-la-biblia-catolica-en-tu-celular\/\"><mark style=\"background-color:rgba(0, 0, 0, 0);color:#f94c45\" class=\"has-inline-color\"><font style=\"vertical-align: inherit;\"><font style=\"vertical-align: inherit;\">\u010c\u00edtajte katol\u00edcku Bibliu na svojom mobilnom telef\u00f3ne<\/font><\/font> &gt;<\/mark><\/a><\/li>\n\n\n\n<li class=\"has-medium-font-size\" style=\"padding-top:0;padding-right:var(--wp--preset--spacing--40);padding-bottom:0;padding-left:var(--wp--preset--spacing--40);font-style:normal;font-weight:400\"><a href=\"https:\/\/universofamilia.com\/sk\/6832\/aplicacion-para-bailar-zumba\/\"><mark style=\"background-color:rgba(0, 0, 0, 0);color:#f94c45\" class=\"has-inline-color\">Aplik\u00e1cia Zumba Dance &gt;<\/mark><\/a><\/li>\n\n\n\n<li class=\"has-medium-font-size\" style=\"padding-top:0;padding-right:var(--wp--preset--spacing--40);padding-bottom:0;padding-left:var(--wp--preset--spacing--40);font-style:normal;font-weight:400\"><a href=\"https:\/\/universofamilia.com\/sk\/6952\/descubre-quien-visita-tu-perfil-redes-sociales\/\"><mark style=\"background-color:rgba(0, 0, 0, 0);color:#f94c45\" class=\"has-inline-color\">Zistite, kto nav\u0161tevuje v\u00e1\u0161 profil na soci\u00e1lnych sie\u0165ach &gt;<\/mark><\/a><\/li>\n<\/ul>\n\n\n\n<p class=\"has-text-align-right\"><strong><em>Zostane\u0161 na tom istom mieste.<\/em><\/strong><\/p>\n\n\n\n<hr class=\"wp-block-separator has-text-color has-luminous-vivid-orange-color has-alpha-channel-opacity has-luminous-vivid-orange-background-color has-background is-style-wide\"\/>\n\n\n\n<p><\/p>\n\n\n\n<h3 class=\"wp-block-heading\">Monitorovanie n\u00e1v\u0161tev v\u00e1\u0161ho profilu<\/h3>\n\n\n\n<h4 class=\"wp-block-heading\">Ako zisti\u0165, kto si prezer\u00e1 v\u00e1\u0161 profil<\/h4>\n\n\n\n<p>Hoci v\u00e4\u010d\u0161ina soci\u00e1lnych siet\u00ed neumo\u017e\u0148uje priame sledovanie n\u00e1v\u0161tevn\u00edkov, niektor\u00e9 spo\u013eahliv\u00e9 n\u00e1stroje v\u00e1m m\u00f4\u017eu pom\u00f4c\u0165.<\/p>\n\n\n\n<p>Je d\u00f4le\u017eit\u00e9 pou\u017e\u00edva\u0165 bezpe\u010dn\u00e9 zdroje a vyh\u00fdba\u0165 sa ak\u00fdmko\u013evek mo\u017enostiam, ktor\u00e9 sa zdaj\u00fa by\u0165 invaz\u00edvne alebo nespo\u013eahliv\u00e9. Pozrime sa ni\u017e\u0161ie na najlep\u0161ie rie\u0161enia.<\/p>\n\n\n\n<h4 class=\"wp-block-heading\"><strong>Upozornenie na stalkera! Zistite, kto v\u00e1s sleduje na soci\u00e1lnych sie\u0165ach.<\/strong><\/h4>\n\n\n\n<p>Niektor\u00e9 aplik\u00e1cie, ako napr\u00edklad Social Tracker, pon\u00fakaj\u00fa cenn\u00e9 inform\u00e1cie o spr\u00e1van\u00ed n\u00e1v\u0161tevn\u00edkov v\u00e1\u0161ho profilu.<\/p>\n\n\n\n<p>M\u00f4\u017eu v\u00e1m uk\u00e1za\u0165, kto s vami najviac interaguje, ktor\u00e9 pr\u00edspevky z\u00edskavaj\u00fa najv\u00e4\u010d\u0161iu pozornos\u0165 a v niektor\u00fdch pr\u00edpadoch aj to, kto v\u00e1s potichu sleduje.<\/p>\n\n\n\n<h4 class=\"wp-block-heading\">V\u00fdhody toho, \u017ee viete, kto v\u00e1s sleduje:<\/h4>\n\n\n\n<ul class=\"wp-block-list\">\n<li>Identifikujte obdivovate\u013eov alebo potenci\u00e1lnych partnerov.<\/li>\n\n\n\n<li>Monitorujte konkurentov v profesion\u00e1lnom prostred\u00ed.<\/li>\n\n\n\n<li>Upravte strat\u00e9gie na zv\u00fd\u0161enie anga\u017eovanosti.<\/li>\n<\/ul>\n\n\n\n<h3 class=\"wp-block-heading\">Pravda o lajkoch<\/h3>\n\n\n\n<p>Vedeli ste, \u017ee lajky s\u00fa len \u0161pi\u010dkou \u013eadovca? Mnoho \u013eud\u00ed sa pozer\u00e1, ale neinteraguje.<\/p>\n\n\n\n<p>M\u00f4\u017ee \u00eds\u0165 o zvedav\u00fdch \u010dlenov rodiny, b\u00fdval\u00fdch partnerov alebo dokonca cudz\u00edch \u013eud\u00ed, ktor\u00ed maj\u00fa z\u00e1ujem o v\u00e1\u0161 obsah.<\/p>\n\n\n\n<p>Pochopenie tejto dynamiky m\u00f4\u017ee ma\u0165 z\u00e1sadn\u00fd vplyv na va\u0161u online strat\u00e9giu.<\/p>\n\n\n\n<h3 class=\"wp-block-heading\">M\u00fdtus o vidite\u013enosti<\/h3>\n\n\n\n<p>Pre\u010do je koniec koncov tak\u00e9 \u0165a\u017ek\u00e9 zisti\u0165, kto nav\u0161tevuje v\u00e1\u0161 profil?<\/p>\n\n\n\n<ol start=\"1\" class=\"wp-block-list\">\n<li><strong>Soci\u00e1lne siete tieto inform\u00e1cie priamo nepon\u00fakaj\u00fa.<\/strong>\n<ul class=\"wp-block-list\">\n<li>Toto sa rob\u00ed s cie\u013eom chr\u00e1ni\u0165 s\u00fakromie v\u0161etk\u00fdch pou\u017e\u00edvate\u013eov.<\/li>\n<\/ul>\n<\/li>\n\n\n\n<li><strong>Pre\u010do platformy tieto inform\u00e1cie skr\u00fdvaj\u00fa?<\/strong>\n<ul class=\"wp-block-list\">\n<li>Transparentnos\u0165 je nevyhnutn\u00e1, ale soci\u00e1lne m\u00e9di\u00e1 uprednost\u0148uj\u00fa \u201ebezplatnej\u0161ie\u201c z\u00e1\u017eitky z prehliadania.<\/li>\n<\/ul>\n<\/li>\n\n\n\n<li><strong>Ktor\u00e9 n\u00e1stroje s\u00fa spo\u013eahliv\u00e9?<\/strong>\n<ul class=\"wp-block-list\">\n<li>Pou\u017e\u00edvajte iba overen\u00e9 aplik\u00e1cie, ako napr\u00edklad Social Tracker, aby ste sa vyhli bezpe\u010dnostn\u00fdm rizik\u00e1m.<\/li>\n<\/ul>\n<\/li>\n<\/ol>\n\n\n\n<h3 class=\"wp-block-heading\">Anal\u00fdza \u00fadajov a preh\u013eady<\/h3>\n\n\n\n<p>Vedie\u0165, kto nav\u0161tevuje v\u00e1\u0161 profil, m\u00f4\u017ee urobi\u0165 viac ne\u017e len uspokoji\u0165 zvedavos\u0165. Tu je nieko\u013eko sp\u00f4sobov, ako tieto inform\u00e1cie vyu\u017ei\u0165:<\/p>\n\n\n\n<ul class=\"wp-block-list\">\n<li><strong>Identifikujte svoju cie\u013eov\u00fa skupinu.<\/strong> Zistite, kto v skuto\u010dnosti konzumuje v\u00e1\u0161 obsah, a dola\u010fte si strat\u00e9giu.<\/li>\n\n\n\n<li><strong>Publik\u00e1cie pl\u00e1nu.<\/strong> Uverej\u0148ujte pr\u00edspevky v najlep\u0161om \u010dase a optimalizujte interakciu.<\/li>\n\n\n\n<li><strong>Vyh\u00fdbajte sa \u0161kodliv\u00e9mu spr\u00e1vaniu.<\/strong> R\u00fdchlo identifikujte stalkerov alebo nechcen\u00e9 interakcie.<\/li>\n<\/ul>\n\n\n\n<h3 class=\"wp-block-heading\">\u00davahy o ochrane s\u00fakromia<\/h3>\n\n\n\n<p>Aj ke\u010f je l\u00e1kav\u00e9 pou\u017ei\u0165 ak\u00fdko\u013evek n\u00e1stroj, ktor\u00fd s\u013eubuje odhalenie n\u00e1v\u0161tevn\u00edkov, je nevyhnutn\u00e9 uprednostni\u0165 svoje s\u00fakromie.<\/p>\n\n\n\n<p>Tu je nieko\u013eko tipov:<\/p>\n\n\n\n<ol start=\"1\" class=\"wp-block-list\">\n<li><strong>Vyhnite sa pochybn\u00fdm aplik\u00e1ci\u00e1m.<\/strong> Mnoh\u00e9 m\u00f4\u017eu ohrozi\u0165 va\u0161e osobn\u00e9 \u00fadaje.<\/li>\n\n\n\n<li><strong>Pre\u010d\u00edtajte si recenzie.<\/strong> Uistite sa, \u017ee ostatn\u00ed pou\u017e\u00edvatelia d\u00f4veruj\u00fa n\u00e1stroju.<\/li>\n\n\n\n<li><strong>Chr\u00e1\u0148te si svoj vlastn\u00fd profil.<\/strong> Pravidelne aktualizujte hesl\u00e1 a nezdie\u013eajte citliv\u00e9 inform\u00e1cie.<\/li>\n<\/ol>\n\n\n\n<h4 class=\"wp-block-heading\">Rizik\u00e1 pou\u017e\u00edvania n\u00e1strojov tret\u00edch str\u00e1n<\/h4>\n\n\n\n<p>Pri pou\u017e\u00edvan\u00ed aplik\u00e1cie na sledovanie n\u00e1v\u0161tevn\u00edkov je nevyhnutn\u00e9 skontrolova\u0165:<\/p>\n\n\n\n<ul class=\"wp-block-list\">\n<li>Ak aplik\u00e1cia dodr\u017eiava z\u00e1sady ochrany osobn\u00fdch \u00fadajov spolo\u010dnost\u00ed Google a Apple.<\/li>\n\n\n\n<li>Ak existuj\u00fa hl\u00e1senia o kr\u00e1de\u017ei \u00fadajov alebo invaz\u00edvnom spr\u00e1van\u00ed.<\/li>\n<\/ul>\n\n\n<div class=\"wp-block-image\">\n<figure class=\"aligncenter size-full\"><img loading=\"lazy\" decoding=\"async\" width=\"550\" height=\"350\" src=\"http:\/\/universofamilia.com\/wp-content\/uploads\/sites\/148\/2024\/11\/DESTAQUE-UNIVERSO-550-x-350-6-3.jpg\" alt=\"\" class=\"wp-image-7429\" srcset=\"https:\/\/universofamilia.com\/wp-content\/uploads\/sites\/148\/2024\/11\/DESTAQUE-UNIVERSO-550-x-350-6-3.jpg 550w, https:\/\/universofamilia.com\/wp-content\/uploads\/sites\/148\/2024\/11\/DESTAQUE-UNIVERSO-550-x-350-6-3-300x191.jpg 300w\" sizes=\"(max-width: 550px) 100vw, 550px\" \/><figcaption class=\"wp-element-caption\">Kto \u0165a sleduje na soci\u00e1lnych sie\u0165ach?<\/figcaption><\/figure><\/div>\n\n\n<h3 class=\"wp-block-heading\">Odpor\u00fa\u010dan\u00e9 aplik\u00e1cie<\/h3>\n\n\n\n<h4 class=\"wp-block-heading\"><strong>Sledova\u010d soci\u00e1lnych siet\u00ed<\/strong><\/h4>\n\n\n\n<p>Jedna z najpopul\u00e1rnej\u0161\u00edch a najspo\u013eahlivej\u0161\u00edch aplik\u00e1ci\u00ed na monitorovanie n\u00e1v\u0161tevn\u00edkov a anal\u00fdzu va\u0161ich soci\u00e1lnych m\u00e9di\u00ed. Pon\u00faka:<\/p>\n\n\n\n<ul class=\"wp-block-list\">\n<li><strong>Podrobn\u00e1 anal\u00fdza:<\/strong> Pozrite sa, kto s vami najviac komunikuje.<\/li>\n\n\n\n<li><strong>Denn\u00e9 spr\u00e1vy:<\/strong> Identifikujte vzorce spr\u00e1vania.<\/li>\n\n\n\n<li><strong>Bezpe\u010dnos\u0165 zaru\u010den\u00e1:<\/strong> Plne v s\u00falade so z\u00e1sadami ochrany osobn\u00fdch \u00fadajov obchodov App Store a Google Play.<\/li>\n<\/ul>\n\n\n\n<h4 class=\"wp-block-heading\">Recenzie pou\u017e\u00edvate\u013eov:<\/h4>\n\n\n\n<ol start=\"1\" class=\"wp-block-list\">\n<li><strong>Joana S.:<\/strong> \u201eSocial Tracker mi pomohol pochopi\u0165, kto m\u00e1 o moju pr\u00e1cu skuto\u010dn\u00fd z\u00e1ujem. Teraz sa m\u00f4\u017eem s\u00fastredi\u0165 na svoju cie\u013eov\u00fa skupinu!\u201c<\/li>\n\n\n\n<li><strong>Carlos M.:<\/strong> \u201eNa svojom profile som objavil neo\u010dak\u00e1van\u00fdch n\u00e1v\u0161tevn\u00edkov. Ve\u013emi jednoduch\u00e9 pou\u017eitie!\u201c<\/li>\n\n\n\n<li><strong>Paula R.:<\/strong> \u201eP\u00e1\u010dili sa mi podrobn\u00e9 spr\u00e1vy. Pre ka\u017ed\u00e9ho, kto chce zlep\u0161i\u0165 svoju online pr\u00edtomnos\u0165, to ur\u010dite stoj\u00ed za to.\u201c<\/li>\n<\/ol>\n\n\n\n<h4 class=\"wp-block-heading\">Ako nain\u0161talova\u0165:<\/h4>\n\n\n\n<ul class=\"wp-block-list\">\n<li>Prejdite do obchodu s aplik\u00e1ciami na svojom zariaden\u00ed.<\/li>\n\n\n\n<li>Vyh\u013eadajte \u201eSledova\u010d soci\u00e1lnych siet\u00ed\u201c.<\/li>\n\n\n\n<li>Kliknite na tla\u010didlo \u201eIn\u0161talova\u0165\u201c a postupujte pod\u013ea pokynov na obrazovke.<\/li>\n<\/ul>\n\n\n\n<h5 class=\"wp-block-heading\">Odkazy na stiahnutie<\/h5>\n\n\n\n<ul class=\"wp-block-list\">\n<li><strong>Sledova\u010d soci\u00e1lnych siet\u00ed<\/strong>: <a href=\"https:\/\/apps.apple.com\/br\/app\/social-tracker\/id1189139278\">Obchod s aplik\u00e1ciami<\/a> | <a href=\"https:\/\/play.google.com\/store\/apps\/details?id=com.mobiversite.lookAtMe&amp;hl=pt_BR&amp;pli=1\">Google Play<\/a><\/li>\n<\/ul>\n\n\n\n<h2 class=\"wp-block-heading\">Z\u00e1ver<\/h2>\n\n\n\n<p>Vedie\u0165, kto nav\u0161tevuje v\u00e1\u0161 profil na soci\u00e1lnych sie\u0165ach, je fascinuj\u00face, ale z\u00e1rove\u0148 so sebou prin\u00e1\u0161a zodpovednos\u0165. Pou\u017e\u00edvajte dostupn\u00e9 n\u00e1stroje vedome, re\u0161pektujte svoje s\u00fakromie a s\u00fakromie ostatn\u00fdch. A \u010do je najd\u00f4le\u017eitej\u0161ie, zamerajte sa na tvorbu obsahu, ktor\u00fd sp\u00e1ja a zaujme va\u0161e publikum.<\/p>\n\n\n\n<p>Zauj\u00edmalo v\u00e1s niekedy, kto v\u00e1s sleduje? Zdie\u013eajte tento \u010dl\u00e1nok so svojimi priate\u013emi a spolo\u010dne objavte, ako t\u00fato z\u00e1hadu rozl\u00fa\u0161ti\u0165.<\/p>\n\n\n\n<h3 class=\"wp-block-heading\"><strong>\u010casto kladen\u00e9 ot\u00e1zky (FAQ)<\/strong><\/h3>\n\n\n\n<ol class=\"wp-block-list\">\n<li><strong>M\u00f4\u017eem naozaj vedie\u0165, kto nav\u0161tevuje m\u00f4j profil na soci\u00e1lnych sie\u0165ach?<\/strong><br>V\u00e4\u010d\u0161ina soci\u00e1lnych siet\u00ed t\u00fato funkciu priamo nepon\u00faka, ale spo\u013eahliv\u00e9 n\u00e1stroje ako Social Tracker v\u00e1m m\u00f4\u017eu poskytn\u00fa\u0165 cenn\u00e9 inform\u00e1cie o interakci\u00e1ch.<\/li>\n\n\n\n<li><strong>Je leg\u00e1lne pou\u017e\u00edva\u0165 aplik\u00e1cie na sledovanie n\u00e1v\u0161tev m\u00f4jho profilu?<\/strong><br>\u00c1no, pokia\u013e pou\u017e\u00edvate d\u00f4veryhodn\u00e9 aplik\u00e1cie, ktor\u00e9 re\u0161pektuj\u00fa z\u00e1sady ochrany osobn\u00fdch \u00fadajov platforiem ako Google a Apple.<\/li>\n\n\n\n<li><strong>Ak\u00e9 v\u00fdhody m\u00f4\u017eem z\u00edska\u0165 z toho, \u017ee viem, kto si prezer\u00e1 m\u00f4j profil?<\/strong><br>M\u00f4\u017eete identifikova\u0165 fan\u00fa\u0161ikov, zlep\u0161i\u0165 svoju obsahov\u00fa strat\u00e9giu a chr\u00e1ni\u0165 sa pred nechcen\u00fdm spr\u00e1van\u00edm.<\/li>\n\n\n\n<li><strong>Ohrozuje Social Tracker moje s\u00fakromie alebo bezpe\u010dnos\u0165?<\/strong><br>Nie, Social Tracker pr\u00edsne dodr\u017eiava z\u00e1sady ochrany osobn\u00fdch \u00fadajov v obchodoch App Store a Google Play, \u010d\u00edm zais\u0165uje bezpe\u010dnos\u0165 va\u0161ich \u00fadajov.<\/li>\n\n\n\n<li><strong>Pre\u010do soci\u00e1lne siete nepon\u00fakaj\u00fa tieto inform\u00e1cie priamo?<\/strong><br>Hlavne na ochranu s\u00fakromia v\u0161etk\u00fdch pou\u017e\u00edvate\u013eov a zabr\u00e1nenie potenci\u00e1lnemu zneu\u017eitiu tejto funkcie.<\/li>\n\n\n\n<li><strong>Ako si nain\u0161talujem Social Tracker do svojho zariadenia?<\/strong><br>Prejdite do App Store alebo Google Play, vyh\u013eadajte \u201eSocial Tracker\u201c, kliknite na \u201eIn\u0161talova\u0165\u201c a postupujte pod\u013ea pokynov na obrazovke.<\/li>\n\n\n\n<li><strong>Je mo\u017en\u00e9 pou\u017e\u00edva\u0165 Social Tracker na v\u0161etk\u00fdch soci\u00e1lnych sie\u0165ach?<\/strong><br>Social Tracker je navrhnut\u00fd tak, aby fungoval na viacer\u00fdch platform\u00e1ch, ale jeho funkcie sa m\u00f4\u017eu l\u00ed\u0161i\u0165 v z\u00e1vislosti od soci\u00e1lnej siete.<\/li>\n\n\n\n<li><strong>Ak\u00e9 spo\u013eahliv\u00e9 s\u00fa n\u00e1stroje tret\u00edch str\u00e1n na sledovanie n\u00e1v\u0161tev?<\/strong><br>Niektor\u00e9 s\u00fa d\u00f4veryhodn\u00e9, ale je nevyhnutn\u00e9 pre\u010d\u00edta\u0165 si recenzie a uisti\u0165 sa, \u017ee s\u00fa v s\u00falade so z\u00e1sadami ochrany osobn\u00fdch \u00fadajov ofici\u00e1lnych platforiem.<\/li>\n\n\n\n<li><strong>\u010co m\u00f4\u017eem robi\u0165, ak m\u00e1m podozrenie, \u017ee ma niekto ob\u0165a\u017euje na soci\u00e1lnych sie\u0165ach?<\/strong><br>Na identifik\u00e1ciu podozriv\u00fdch vzorcov a prijatie opatren\u00ed, ako je napr\u00edklad \u00faprava nastaven\u00ed ochrany osobn\u00fdch \u00fadajov, m\u00f4\u017eete pou\u017ei\u0165 n\u00e1stroje ako Social Tracker.<\/li>\n\n\n\n<li><strong>\u010co m\u00e1m robi\u0165, ak n\u00e1jdem podozriv\u00e9 aplik\u00e1cie sleduj\u00face n\u00e1v\u0161tevy?<\/strong><br>Vyhnite sa im a odstr\u00e1\u0148te ak\u00fdko\u013evek pr\u00edstup, ktor\u00fd ste im poskytli. V\u017edy pou\u017e\u00edvajte spo\u013eahliv\u00e9 n\u00e1stroje a overte si ich reput\u00e1ciu v ofici\u00e1lnych obchodoch.<\/li>\n<\/ol>","protected":false},"excerpt":{"rendered":"<p>Zistite, kto sleduje v\u00e1\u0161 profil na soci\u00e1lnych sie\u0165ach na ka\u017edom kroku. Predstavte si mlad\u00fa \u017eenu menom Ana. Cel\u00e9 t\u00fd\u017edne tajne sledovala profil mu\u017ea menom Lucas. \u010co h\u013ead\u00e1te dnes? \u010c\u00edtajte \u010falej! Ka\u017ed\u00fd pr\u00edspevok, ka\u017ed\u00e1 fotografia, ka\u017ed\u00fd lajk si z\u00edskali Aninu d\u00f4kladn\u00fa pozornos\u0165, preto\u017ee sa c\u00edtila \u010doraz viac [\u2026]<\/p>","protected":false},"author":0,"featured_media":7429,"comment_status":"closed","ping_status":"open","sticky":false,"template":"","format":"standard","meta":{"footnotes":""},"categories":[2],"tags":[318,1242,1317,1354,1462],"yoast_head":"<!-- This site is optimized with the Yoast SEO plugin v23.3 - https:\/\/yoast.com\/wordpress\/plugins\/seo\/ -->\n<title>\u00bfQui\u00e9n te observa en las redes sociales? - Universo Fam\u00edlia<\/title>\n<meta name=\"description\" content=\"\u00bfQui\u00e9n te observa en las redes sociales?. Descubre qui\u00e9n sigue cada paso de tu perfil en redes sociales....\" \/>\n<meta name=\"robots\" content=\"index, follow, max-snippet:-1, max-image-preview:large, max-video-preview:-1\" \/>\n<link rel=\"canonical\" href=\"https:\/\/universofamilia.com\/sk\/quien-te-observa-en-las-redes-sociales\/\" \/>\n<meta property=\"og:locale\" content=\"sk_SK\" \/>\n<meta property=\"og:type\" content=\"article\" \/>\n<meta property=\"og:title\" content=\"\u00bfQui\u00e9n te observa en las redes sociales? - Universo Fam\u00edlia\" \/>\n<meta property=\"og:description\" content=\"\u00bfQui\u00e9n te observa en las redes sociales?. Descubre qui\u00e9n sigue cada paso de tu perfil en redes sociales....\" \/>\n<meta property=\"og:url\" content=\"https:\/\/universofamilia.com\/sk\/quien-te-observa-en-las-redes-sociales\/\" \/>\n<meta property=\"og:site_name\" content=\"Universo Fam\u00edlia\" \/>\n<meta property=\"article:published_time\" content=\"2024-11-14T17:50:32+00:00\" \/>\n<meta property=\"og:image\" content=\"https:\/\/universofamilia.com\/wp-content\/uploads\/sites\/148\/2024\/11\/DESTAQUE-UNIVERSO-550-x-350-6-3.jpg\" \/>\n\t<meta property=\"og:image:width\" content=\"550\" \/>\n\t<meta property=\"og:image:height\" content=\"350\" \/>\n\t<meta property=\"og:image:type\" content=\"image\/jpeg\" \/>\n<meta name=\"twitter:card\" content=\"summary_large_image\" \/>\n<meta name=\"twitter:label1\" content=\"Est. reading time\" \/>\n\t<meta name=\"twitter:data1\" content=\"1 min\u00fata\" \/>\n<script type=\"application\/ld+json\" class=\"yoast-schema-graph\">{\"@context\":\"https:\/\/schema.org\",\"@graph\":[{\"@type\":\"WebPage\",\"@id\":\"https:\/\/universofamilia.com\/el\/quien-te-observa-en-las-redes-sociales\/\",\"url\":\"https:\/\/universofamilia.com\/el\/quien-te-observa-en-las-redes-sociales\/\",\"name\":\"\u00bfQui\u00e9n te observa en las redes sociales? - Universo Fam\u00edlia\",\"isPartOf\":{\"@id\":\"https:\/\/universofamilia.com\/el\/#website\"},\"primaryImageOfPage\":{\"@id\":\"https:\/\/universofamilia.com\/el\/quien-te-observa-en-las-redes-sociales\/#primaryimage\"},\"image\":{\"@id\":\"https:\/\/universofamilia.com\/el\/quien-te-observa-en-las-redes-sociales\/#primaryimage\"},\"thumbnailUrl\":\"https:\/\/universofamilia.com\/wp-content\/uploads\/sites\/148\/2024\/11\/DESTAQUE-UNIVERSO-550-x-350-6-3.jpg\",\"datePublished\":\"2024-11-14T17:50:32+00:00\",\"dateModified\":\"2024-11-14T17:50:32+00:00\",\"author\":{\"@id\":\"\"},\"description\":\"\u00bfQui\u00e9n te observa en las redes sociales?. Descubre qui\u00e9n sigue cada paso de tu perfil en redes sociales....\",\"breadcrumb\":{\"@id\":\"https:\/\/universofamilia.com\/el\/quien-te-observa-en-las-redes-sociales\/#breadcrumb\"},\"inLanguage\":\"sk-SK\",\"potentialAction\":[{\"@type\":\"ReadAction\",\"target\":[\"https:\/\/universofamilia.com\/el\/quien-te-observa-en-las-redes-sociales\/\"]}]},{\"@type\":\"ImageObject\",\"inLanguage\":\"sk-SK\",\"@id\":\"https:\/\/universofamilia.com\/el\/quien-te-observa-en-las-redes-sociales\/#primaryimage\",\"url\":\"https:\/\/universofamilia.com\/wp-content\/uploads\/sites\/148\/2024\/11\/DESTAQUE-UNIVERSO-550-x-350-6-3.jpg\",\"contentUrl\":\"https:\/\/universofamilia.com\/wp-content\/uploads\/sites\/148\/2024\/11\/DESTAQUE-UNIVERSO-550-x-350-6-3.jpg\",\"width\":550,\"height\":350,\"caption\":\"\u00bfQui\u00e9n te observa en las redes sociales?\"},{\"@type\":\"BreadcrumbList\",\"@id\":\"https:\/\/universofamilia.com\/el\/quien-te-observa-en-las-redes-sociales\/#breadcrumb\",\"itemListElement\":[{\"@type\":\"ListItem\",\"position\":1,\"name\":\"Home\",\"item\":\"https:\/\/universofamilia.com\/el\/\"},{\"@type\":\"ListItem\",\"position\":2,\"name\":\"\u00bfQui\u00e9n te observa en las redes sociales?\"}]},{\"@type\":\"WebSite\",\"@id\":\"https:\/\/universofamilia.com\/el\/#website\",\"url\":\"https:\/\/universofamilia.com\/el\/\",\"name\":\"Universo Fam\u00edlia\",\"description\":\"\",\"potentialAction\":[{\"@type\":\"SearchAction\",\"target\":{\"@type\":\"EntryPoint\",\"urlTemplate\":\"https:\/\/universofamilia.com\/el\/?s={search_term_string}\"},\"query-input\":\"required name=search_term_string\"}],\"inLanguage\":\"sk-SK\"}]}<\/script>\n<!-- \/ Yoast SEO plugin. -->","yoast_head_json":{"title":"\u00bfQui\u00e9n te observa en las redes sociales? - Universo Fam\u00edlia","description":"\u00bfQui\u00e9n te observa en las redes sociales?. Descubre qui\u00e9n sigue cada paso de tu perfil en redes sociales....","robots":{"index":"index","follow":"follow","max-snippet":"max-snippet:-1","max-image-preview":"max-image-preview:large","max-video-preview":"max-video-preview:-1"},"canonical":"https:\/\/universofamilia.com\/sk\/quien-te-observa-en-las-redes-sociales\/","og_locale":"sk_SK","og_type":"article","og_title":"\u00bfQui\u00e9n te observa en las redes sociales? - Universo Fam\u00edlia","og_description":"\u00bfQui\u00e9n te observa en las redes sociales?. Descubre qui\u00e9n sigue cada paso de tu perfil en redes sociales....","og_url":"https:\/\/universofamilia.com\/sk\/quien-te-observa-en-las-redes-sociales\/","og_site_name":"Universo Fam\u00edlia","article_published_time":"2024-11-14T17:50:32+00:00","og_image":[{"width":550,"height":350,"url":"https:\/\/universofamilia.com\/wp-content\/uploads\/sites\/148\/2024\/11\/DESTAQUE-UNIVERSO-550-x-350-6-3.jpg","type":"image\/jpeg"}],"twitter_card":"summary_large_image","twitter_misc":{"Est. reading time":"1 min\u00fata"},"schema":{"@context":"https:\/\/schema.org","@graph":[{"@type":"WebPage","@id":"https:\/\/universofamilia.com\/el\/quien-te-observa-en-las-redes-sociales\/","url":"https:\/\/universofamilia.com\/el\/quien-te-observa-en-las-redes-sociales\/","name":"\u00bfQui\u00e9n te observa en las redes sociales? - Universo Fam\u00edlia","isPartOf":{"@id":"https:\/\/universofamilia.com\/el\/#website"},"primaryImageOfPage":{"@id":"https:\/\/universofamilia.com\/el\/quien-te-observa-en-las-redes-sociales\/#primaryimage"},"image":{"@id":"https:\/\/universofamilia.com\/el\/quien-te-observa-en-las-redes-sociales\/#primaryimage"},"thumbnailUrl":"https:\/\/universofamilia.com\/wp-content\/uploads\/sites\/148\/2024\/11\/DESTAQUE-UNIVERSO-550-x-350-6-3.jpg","datePublished":"2024-11-14T17:50:32+00:00","dateModified":"2024-11-14T17:50:32+00:00","author":{"@id":""},"description":"\u00bfQui\u00e9n te observa en las redes sociales?. Descubre qui\u00e9n sigue cada paso de tu perfil en redes sociales....","breadcrumb":{"@id":"https:\/\/universofamilia.com\/el\/quien-te-observa-en-las-redes-sociales\/#breadcrumb"},"inLanguage":"sk-SK","potentialAction":[{"@type":"ReadAction","target":["https:\/\/universofamilia.com\/el\/quien-te-observa-en-las-redes-sociales\/"]}]},{"@type":"ImageObject","inLanguage":"sk-SK","@id":"https:\/\/universofamilia.com\/el\/quien-te-observa-en-las-redes-sociales\/#primaryimage","url":"https:\/\/universofamilia.com\/wp-content\/uploads\/sites\/148\/2024\/11\/DESTAQUE-UNIVERSO-550-x-350-6-3.jpg","contentUrl":"https:\/\/universofamilia.com\/wp-content\/uploads\/sites\/148\/2024\/11\/DESTAQUE-UNIVERSO-550-x-350-6-3.jpg","width":550,"height":350,"caption":"\u00bfQui\u00e9n te observa en las redes sociales?"},{"@type":"BreadcrumbList","@id":"https:\/\/universofamilia.com\/el\/quien-te-observa-en-las-redes-sociales\/#breadcrumb","itemListElement":[{"@type":"ListItem","position":1,"name":"Home","item":"https:\/\/universofamilia.com\/el\/"},{"@type":"ListItem","position":2,"name":"\u00bfQui\u00e9n te observa en las redes sociales?"}]},{"@type":"WebSite","@id":"https:\/\/universofamilia.com\/el\/#website","url":"https:\/\/universofamilia.com\/el\/","name":"Universo Fam\u00edlia","description":"","potentialAction":[{"@type":"SearchAction","target":{"@type":"EntryPoint","urlTemplate":"https:\/\/universofamilia.com\/el\/?s={search_term_string}"},"query-input":"required name=search_term_string"}],"inLanguage":"sk-SK"}]}},"_links":{"self":[{"href":"https:\/\/universofamilia.com\/sk\/wp-json\/wp\/v2\/posts\/7428"}],"collection":[{"href":"https:\/\/universofamilia.com\/sk\/wp-json\/wp\/v2\/posts"}],"about":[{"href":"https:\/\/universofamilia.com\/sk\/wp-json\/wp\/v2\/types\/post"}],"replies":[{"embeddable":true,"href":"https:\/\/universofamilia.com\/sk\/wp-json\/wp\/v2\/comments?post=7428"}],"version-history":[{"count":0,"href":"https:\/\/universofamilia.com\/sk\/wp-json\/wp\/v2\/posts\/7428\/revisions"}],"wp:featuredmedia":[{"embeddable":true,"href":"https:\/\/universofamilia.com\/sk\/wp-json\/wp\/v2\/media\/7429"}],"wp:attachment":[{"href":"https:\/\/universofamilia.com\/sk\/wp-json\/wp\/v2\/media?parent=7428"}],"wp:term":[{"taxonomy":"category","embeddable":true,"href":"https:\/\/universofamilia.com\/sk\/wp-json\/wp\/v2\/categories?post=7428"},{"taxonomy":"post_tag","embeddable":true,"href":"https:\/\/universofamilia.com\/sk\/wp-json\/wp\/v2\/tags?post=7428"}],"curies":[{"name":"wp","href":"https:\/\/api.w.org\/{rel}","templated":true}]}}