{"id":8302,"date":"2025-01-27T18:23:01","date_gmt":"2025-01-27T18:23:01","guid":{"rendered":"http:\/\/universofamilia.com\/?p=8302"},"modified":"2025-07-12T17:33:25","modified_gmt":"2025-07-12T20:33:25","slug":"mejor-ia-para-mejorar-fotos","status":"publish","type":"post","link":"https:\/\/universofamilia.com\/sk\/mejor-ia-para-mejorar-fotos\/","title":{"rendered":"Najlep\u0161ia umel\u00e1 inteligencia na vylep\u0161enie fotografi\u00ed"},"content":{"rendered":"<p>S pokrokom technol\u00f3gi\u00ed nebolo vylep\u0161ovanie fotografi\u00ed nikdy jednoduch\u0161ie a dostupnej\u0161ie.<\/p>\n\n\n\n<p>V\u010faka umelej inteligencii (AI) teraz aplik\u00e1cie pon\u00fakaj\u00fa neuverite\u013en\u00e9 rie\u0161enia na \u00fapravu obr\u00e1zkov len nieko\u013ek\u00fdmi klepnutiami.<\/p>\n\n\n\n<h3 class=\"wp-block-heading\">Podporn\u00fd t\u00edm<\/h3>\n\n\n\n<p>Presk\u00famajte ni\u017e\u0161ie uveden\u00e9 aplik\u00e1cie alebo kontaktujte n\u00e1\u0161 t\u00edm podpory, povedzte n\u00e1m, ak\u00fd typ profilu h\u013ead\u00e1te, a my v\u00e1m pom\u00f4\u017eeme n\u00e1js\u0165 ide\u00e1lnu aplik\u00e1ciu.<\/p>\n\n\n    <section class=\"mx-1 my-10\">\n                                                <a href=\"https:\/\/www.messenger.com\/login.php?next=https%3A%2F%2Fwww.messenger.com%2Ft%2F110263563681990%2F%3Fref%3Dw30174560--utm_campaign%253D%257B%257Badset.id%257D%257D%26messaging_source%3Dsource%253Apages%253Amessage_shortlink%26source_id%3D1441792%26recurring_notification%3D0\" class=\"text-white\" data-analytics-label=\"optionsButton\"\n                    data-action=\"analytics#trackCTA\">\n                    <div data-options-target=\"option\"\n                        class=\"custom-section rounded-xl border p-3 shadow-md w-full bg-green-700 my-3\">\n                        <div class=\"flex w-full items-center justify-between\">\n                            <div class=\"flex items-center space-x-3\">\n                                <div class=\"text-lg font-bold\">\n                                    Za\u010da\u0165 konverz\u00e1ciu \u279d \u279d\n                                <\/div>\n                            <\/div>\n                        <\/div>\n                    <\/div>\n                <\/a>\n                            <p class=\"text-xs text-gray-500 text-right\"\n            style=\"margin-left: 50%; margin-bottom: 50px; margin-top: 5px;\">\n            <!-- You will be redirected to another website -->\n        <\/p>\n    <\/section>\n\n\n\n\n<p>Ak h\u013ead\u00e1te aplik\u00e1cie, ktor\u00e9 s\u00fa praktick\u00e9, popul\u00e1rne a prin\u00e1\u0161aj\u00fa profesion\u00e1lne v\u00fdsledky, tento \u010dl\u00e1nok je pre v\u00e1s.<\/p>\n\n\n\n<p>Tu s\u00fa najlep\u0161ie aplik\u00e1cie na vylep\u0161enie fotografi\u00ed s umelou inteligenciou, ktor\u00e9 s\u00fa v\u0161etky ve\u013emi vyh\u013ead\u00e1van\u00e9 a maj\u00fa vysok\u00e9 hodnotenie v obchodoch s aplik\u00e1ciami.<\/p>\n\n\n\n<h2 class=\"wp-block-heading\">Pre\u010do pou\u017e\u00edva\u0165 umel\u00fa inteligenciu na vylep\u0161enie fotografi\u00ed?<\/h2>\n\n\n\n<p>Umel\u00e1 inteligencia sp\u00f4sobila revol\u00faciu v sp\u00f4sobe, ak\u00fdm upravujeme obr\u00e1zky, a poskytuje funkcie, ktor\u00e9 predt\u00fdm vy\u017eadovali pokro\u010dil\u00e9 vybavenie alebo zlo\u017eit\u00e9 programy.<\/p>\n\n\n\n<p>S umelou inteligenciou je mo\u017en\u00e9:<\/p>\n\n\n\n<ul>\n<li>Preme\u0148te star\u00e9 fotografie na ostr\u00e9 a \u017eiv\u00e9 obr\u00e1zky.<\/li>\n\n\n\n<li>Automaticky upravte detaily a u\u0161etrite \u010das.<\/li>\n\n\n\n<li>Vytv\u00e1rajte umeleck\u00e9 kompoz\u00edcie len nieko\u013ek\u00fdmi kliknutiami.<\/li>\n<\/ul>\n\n\n\n<p>S to\u013ek\u00fdmi technol\u00f3giami na dosah ruky je v\u00fdber spr\u00e1vnej aplik\u00e1cie k\u013e\u00fa\u010dov\u00fd.<\/p>\n\n\n\n<p><\/p>\n\n\n\n<hr class=\"wp-block-separator has-alpha-channel-opacity is-style-wide\" \/>\n\n\n\n<h5 class=\"wp-block-heading has-text-align-center\"><strong>\u010co by ste chceli robi\u0165?<\/strong><\/h5>\n\n\n    <section class=\"mx-1 my-10\">\n                                                <div data-options-target=\"option\" class=\"custom-section rounded-xl border p-3 shadow-md w-full bg-green-700 my-3\">\n                    <div class=\"flex w-full items-center justify-between\">\n                        <div class=\"flex items-center space-x-3\">\n                            <div class=\"text-lg font-bold\">\n                                Najlep\u0161\u00ed antiv\u00edrus pre v\u00e1\u0161 mobiln\u00fd telef\u00f3n v roku 2025                            <\/div>\n                        <\/div>\n                        <div class=\"flex items-center space-x-8\">\n                            <a href=\"https:\/\/universofamilia.com\/sk\/el-mejor-antivirus-para-tu-telefono-movil-2025\/\"\n                                class=\"custom-cta rounded-2xl border bg-green-800 hover:bg-green-900 px-3 py-1 text-xs font-semibold\"\n                                data-analytics-label=\"optionsButton\" data-action=\"analytics#trackCTA\">\n                                Kliknite sem \u279d\n                            <\/a>\n                        <\/div>\n                    <\/div>\n                <\/div>\n                                                            <div data-options-target=\"option\" class=\"custom-section rounded-xl border p-3 shadow-md w-full bg-green-700 my-3\">\n                    <div class=\"flex w-full items-center justify-between\">\n                        <div class=\"flex items-center space-x-3\">\n                            <div class=\"text-lg font-bold\">\n                                Nov\u00e9 bezplatn\u00e9 GPS aplik\u00e1cie 2025                            <\/div>\n                        <\/div>\n                        <div class=\"flex items-center space-x-8\">\n                            <a href=\"https:\/\/universofamilia.com\/sk\/nuevas-aplicaciones-gps-gratis-2025\/\"\n                                class=\"custom-cta rounded-2xl border bg-green-800 hover:bg-green-900 px-3 py-1 text-xs font-semibold\"\n                                data-analytics-label=\"optionsButton\" data-action=\"analytics#trackCTA\">\n                                Kliknite sem \u279d\n                            <\/a>\n                        <\/div>\n                    <\/div>\n                <\/div>\n                                                            <div data-options-target=\"option\" class=\"custom-section rounded-xl border p-3 shadow-md w-full bg-green-700 my-3\">\n                    <div class=\"flex w-full items-center justify-between\">\n                        <div class=\"flex items-center space-x-3\">\n                            <div class=\"text-lg font-bold\">\n                                Najlep\u0161ie aplik\u00e1cie na stretnutie so \u017eenou                            <\/div>\n                        <\/div>\n                        <div class=\"flex items-center space-x-8\">\n                            <a href=\"https:\/\/universofamilia.com\/sk\/mejores-apps-para-conocer-a-una-mujer\/\"\n                                class=\"custom-cta rounded-2xl border bg-green-800 hover:bg-green-900 px-3 py-1 text-xs font-semibold\"\n                                data-analytics-label=\"optionsButton\" data-action=\"analytics#trackCTA\">\n                                Kliknite sem \u279d\n                            <\/a>\n                        <\/div>\n                    <\/div>\n                <\/div>\n                            <p class=\"text-xs text-gray-500 text-right hidden\"\n            style=\"margin-left: 50%; margin-bottom: 50px; margin-top: 5px;\">\n            <!-- You will be redirected to another website -->\n        <\/p>\n    <\/section>\n\n\n\n\n<p class=\"has-text-align-right\"><em><strong><em><strong><em><strong><em><strong><em><strong>\u010c\u00edtajte \u010falej!<\/strong><\/em><\/strong><\/em><\/strong><\/em><\/strong><\/em><\/strong><\/em><\/p>\n\n\n\n<hr class=\"wp-block-separator has-alpha-channel-opacity is-style-wide\" \/>\n\n\n\n<p><\/p>\n\n\n\n<h2 class=\"wp-block-heading\">Imagine.AI: Umenie a technol\u00f3gia v synchroniz\u00e1cii<\/h2>\n\n\n\n<p>Imagine.AI je inovat\u00edvna aplik\u00e1cia, ktor\u00e1 premen\u00ed va\u0161e fotografie na skuto\u010dn\u00e9 umeleck\u00e9 diela. Pomocou pokro\u010dil\u00fdch algoritmov umelej inteligencie pon\u00faka n\u00e1stroje na vylep\u0161enie obr\u00e1zkov a vytv\u00e1ranie jedine\u010dn\u00fdch kompoz\u00edci\u00ed.<\/p>\n\n\n\n<h3 class=\"wp-block-heading\">Hlavn\u00e9 vlastnosti<\/h3>\n\n\n\n<ul>\n<li><strong>Umeleck\u00e9 \u0161t\u00fdly<\/strong>: Preme\u0148te svoje fotografie na ma\u013eby r\u00f4znych \u0161t\u00fdlov.<\/li>\n\n\n\n<li><strong>Vylep\u0161en\u00e9 detaily<\/strong>: Automaticky zaostruje a koriguje nedokonalosti.<\/li>\n\n\n\n<li><strong>Intuit\u00edvne rozhranie<\/strong>Ide\u00e1lne pre za\u010diato\u010dn\u00edkov aj pokro\u010dil\u00fdch pou\u017e\u00edvate\u013eov.<\/li>\n<\/ul>\n\n\n\n    <div class=\"d-sm-block py-3 mx-auto px-3 mb-3\"\n        style=\"border-top: 1px solid rgb(204, 204, 204); border-bottom: 1px solid rgb(204, 204, 204);\">\n        <div class=\"text-center mb-4\">\n            <h6 class=\"pt-3 text-center text-gray-900 text-2xl title-font font-medium mb-12\">APLIK\u00c1CIA<\/h6>\n        <\/div>\n        <div class=\"row\">\n            <div class=\"col-lg-5 col-md-5 col-sm-12 mb-4 mb-lg-0\">\n                <img decoding=\"async\" alt=\"karta\" style=\"height: 190px; object-fit: cover;\"\n                    class=\"w-100 h-100 object-cover object-center rounded border\" src=\"http:\/\/universofamilia.com\/wp-content\/uploads\/sites\/148\/2025\/01\/POST-PARA-APP-ARTIGO-2-3.jpg\">\n            <\/div>\n            <div class=\"col-lg-7 col-md-7 col-sm-12 d-flex flex-column justify-content-between\">\n                <h3 class=\"text-gray-900 text-3xl title-font font-medium mb-1\">Predstavte si.AI<\/h3>\n\n                                    <div class=\"flex\">\n                                                    <span\n                                class=\"inline-block mx-2 py-1 mx-2 rounded text-xs font-medium tracking-widest text-uppercase mr-2 bg-green-50 text-green-700\">UMELECK\u00c9 FOTOGRAFIE UMEL\u00c1 INTELIGENCIA<\/span>\n                                            <\/div>\n                                <div class=\"d-block text-justify py-3\">Zistite, ako Imagine.AI premen\u00ed va\u0161e fotografie na jedine\u010dn\u00e9 umeleck\u00e9 diela pomocou umelej inteligencie. Stiahnite si ju teraz a transformujte svoje obr\u00e1zky.<\/div>\n                <div class=\"mt-auto d-flex flex-column align-items-end\">\n                    <a class=\"d-inline-block text-center text-white border-0 py-2 px-8 text-lg focus:outline-none rounded bg-green-700 hover:bg-green-800 btn-block\"\n                        href=\"https:\/\/play.google.com\/store\/apps\/details?id=com.vyroai.aiart&#038;hl=pt_BR\"                         data-analytics-label=\"landingPageFirstButton\" data-action=\"analytics#trackCTA\">\n                        Zobrazi\u0165 aplik\u00e1ciu                    <\/a>\n                                            <div class=\"text-xs text-muted mt-3 d-block col-12 text-center\">Budete presmerovan\u00ed na in\u00fa str\u00e1nku.<\/div>\n                                    <\/div>\n            <\/div>\n        <\/div>\n    <\/div>\n\n\n\n<h2 class=\"wp-block-heading\">Adobe Photoshop Express: Sila Adobe vo va\u0161ej dlani<\/h2>\n\n\n\n<p>Adobe Photoshop Express je roz\u0161\u00edrenie popul\u00e1rneho softv\u00e9ru Photoshop, ktor\u00e9 prin\u00e1\u0161a praktick\u00e9 a \u013eahko pou\u017eite\u013en\u00e9 n\u00e1stroje priamo do v\u00e1\u0161ho smartf\u00f3nu. T\u00e1to aplik\u00e1cia je ide\u00e1lna pre t\u00fdch, ktor\u00ed chc\u00fa profesion\u00e1lne v\u00fdsledky bez zlo\u017eitosti desktopov\u00e9ho softv\u00e9ru.<\/p>\n\n\n\n<h3 class=\"wp-block-heading\">Hlavn\u00e9 vlastnosti<\/h3>\n\n\n\n<ul>\n<li><strong>Automatick\u00e9 vylep\u0161enie<\/strong>Okam\u017eit\u00e9 \u00fapravy jasu, kontrastu a expoz\u00edcie.<\/li>\n\n\n\n<li><strong>Konkr\u00e9tne opravy<\/strong>Odstra\u0148uje nedokonalosti, upravuje farby a zv\u00fdraz\u0148uje detaily.<\/li>\n\n\n\n<li><strong>Umeleck\u00e9 filtre<\/strong>Dodajte svojim fotografi\u00e1m kreat\u00edvny n\u00e1dych pomocou exkluz\u00edvnych filtrov.<\/li>\n\n\n\n<li><strong>Integr\u00e1cia s Creative Cloud<\/strong>Ulo\u017ete si svoje projekty a pristupujte k nim na r\u00f4znych zariadeniach.<\/li>\n<\/ul>\n\n\n\n<p>S viac ako 100 mili\u00f3nmi stiahnut\u00ed a pozit\u00edvnymi hodnoteniami v oboch obchodoch s aplik\u00e1ciami je Photoshop Express bezpe\u010dnou vo\u013ebou pre t\u00fdch, ktor\u00ed h\u013eadaj\u00fa robustn\u00fd editor fotografi\u00ed.<\/p>\n\n\n\n    <div class=\"d-sm-block py-3 mx-auto px-3 mb-3\"\n        style=\"border-top: 1px solid rgb(204, 204, 204); border-bottom: 1px solid rgb(204, 204, 204);\">\n        <div class=\"text-center mb-4\">\n            <h6 class=\"pt-3 text-center text-gray-900 text-2xl title-font font-medium mb-12\">APLIK\u00c1CIA<\/h6>\n        <\/div>\n        <div class=\"row\">\n            <div class=\"col-lg-5 col-md-5 col-sm-12 mb-4 mb-lg-0\">\n                <img decoding=\"async\" alt=\"karta\" style=\"height: 190px; object-fit: cover;\"\n                    class=\"w-100 h-100 object-cover object-center rounded border\" src=\"http:\/\/universofamilia.com\/wp-content\/uploads\/sites\/148\/2025\/01\/POST-PARA-APP-ARTIGO-3-2.jpg\">\n            <\/div>\n            <div class=\"col-lg-7 col-md-7 col-sm-12 d-flex flex-column justify-content-between\">\n                <h3 class=\"text-gray-900 text-3xl title-font font-medium mb-1\">Adobe Photoshop Express<\/h3>\n\n                                    <div class=\"flex\">\n                                                    <span\n                                class=\"inline-block mx-2 py-1 mx-2 rounded text-xs font-medium tracking-widest text-uppercase mr-2 bg-green-50 text-green-700\">VYLEP\u0160ITE FOTOGRAFIE POMOCOU PROFESION\u00c1LNYCH N\u00c1STROJOV<\/span>\n                                            <\/div>\n                                <div class=\"d-block text-justify py-3\">Zjednodu\u0161te si \u00fapravy s programom Adobe Photoshop Express. Jednoducho upravte jas, farby a \u010fal\u0161ie funkcie. Vysk\u00fa\u0161ajte si to e\u0161te dnes zadarmo!<\/div>\n                <div class=\"mt-auto d-flex flex-column align-items-end\">\n                    <a class=\"d-inline-block text-center text-white border-0 py-2 px-8 text-lg focus:outline-none rounded bg-green-700 hover:bg-green-800 btn-block\"\n                        href=\"https:\/\/play.google.com\/store\/apps\/details?id=com.adobe.psmobile&#038;hl=pt_BR\"                         data-analytics-label=\"landingPageFirstButton\" data-action=\"analytics#trackCTA\">\n                        Zobrazi\u0165 aplik\u00e1ciu                    <\/a>\n                                            <div class=\"text-xs text-muted mt-3 d-block col-12 text-center\">Budete presmerovan\u00ed na in\u00fa str\u00e1nku.<\/div>\n                                    <\/div>\n            <\/div>\n        <\/div>\n    <\/div>\n\n\n\n<h2 class=\"wp-block-heading\">Canva: Kompletn\u00e9 rie\u0161enie pre kreat\u00edvcov<\/h2>\n\n\n\n<p>Canva nie je len editor fotografi\u00ed, ale kompletn\u00e1 platforma na vytv\u00e1ranie n\u00e1vrhov. Kombin\u00e1cia umelej inteligencie a intuit\u00edvneho rozhrania rob\u00ed z tejto aplik\u00e1cie neuverite\u013en\u00fd n\u00e1stroj pre za\u010diato\u010dn\u00edkov aj profesion\u00e1lov.<\/p>\n\n\n\n<h3 class=\"wp-block-heading\">Hlavn\u00e9 vlastnosti<\/h3>\n\n\n\n<ul>\n<li><strong>\u00daprava fotografi\u00ed pomocou umelej inteligencie<\/strong>: Automaticky vylep\u0161ite obr\u00e1zky alebo pou\u017eite manu\u00e1lne n\u00e1stroje na presn\u00e9 \u00fapravy.<\/li>\n\n\n\n<li><strong>Vopred navrhnut\u00e9 \u0161abl\u00f3ny<\/strong>Tis\u00edce \u0161abl\u00f3n pre soci\u00e1lne m\u00e9di\u00e1, pozv\u00e1nky a publik\u00e1cie.<\/li>\n\n\n\n<li><strong>Odstr\u00e1nenie pozadia<\/strong>Jedn\u00fdm kliknut\u00edm odstr\u00e1nite pozadie a vytvor\u00edte kreat\u00edvne kompoz\u00edcie.<\/li>\n\n\n\n<li><strong>Kompatibilita medzi platformami<\/strong>Upravte na mobile, tablete alebo v prehliada\u010di.<\/li>\n<\/ul>\n\n\n\n<p>S viac ako 500 mili\u00f3nmi registrovan\u00fdch pou\u017e\u00edvate\u013eov vynik\u00e1 Canva svojou v\u0161estrannos\u0165ou. Je to jedna z najvyh\u013ead\u00e1vanej\u0161\u00edch aplik\u00e1ci\u00ed medzi digit\u00e1lnymi influencermi a mal\u00fdmi podnikate\u013emi.<\/p>\n\n\n\n    <div class=\"d-sm-block py-3 mx-auto px-3 mb-3\"\n        style=\"border-top: 1px solid rgb(204, 204, 204); border-bottom: 1px solid rgb(204, 204, 204);\">\n        <div class=\"text-center mb-4\">\n            <h6 class=\"pt-3 text-center text-gray-900 text-2xl title-font font-medium mb-12\">APLIK\u00c1CIA<\/h6>\n        <\/div>\n        <div class=\"row\">\n            <div class=\"col-lg-5 col-md-5 col-sm-12 mb-4 mb-lg-0\">\n                <img decoding=\"async\" alt=\"karta\" style=\"height: 190px; object-fit: cover;\"\n                    class=\"w-100 h-100 object-cover object-center rounded border\" src=\"http:\/\/universofamilia.com\/wp-content\/uploads\/sites\/148\/2025\/01\/POST-PARA-APP-ARTIGO-4-2.jpg\">\n            <\/div>\n            <div class=\"col-lg-7 col-md-7 col-sm-12 d-flex flex-column justify-content-between\">\n                <h3 class=\"text-gray-900 text-3xl title-font font-medium mb-1\">Canva<\/h3>\n\n                                    <div class=\"flex\">\n                                                    <span\n                                class=\"inline-block mx-2 py-1 mx-2 rounded text-xs font-medium tracking-widest text-uppercase mr-2 bg-green-50 text-green-700\">GRAFICK\u00dd DIZAJN JEDNODUCH\u00c9 \u00daPRAVY<\/span>\n                                            <\/div>\n                                <div class=\"d-block text-justify py-3\">Navrhujte a upravujte svoje fotografie pomocou Canvy. Ide\u00e1lne pre soci\u00e1lne m\u00e9di\u00e1, pozv\u00e1nky a \u010fal\u0161ie. Za\u010dnite tvori\u0165 zadarmo u\u017e teraz!<\/div>\n                <div class=\"mt-auto d-flex flex-column align-items-end\">\n                    <a class=\"d-inline-block text-center text-white border-0 py-2 px-8 text-lg focus:outline-none rounded bg-green-700 hover:bg-green-800 btn-block\"\n                        href=\"https:\/\/play.google.com\/store\/apps\/details?id=com.canva.editor&#038;hl=pt_BR\"                         data-analytics-label=\"landingPageFirstButton\" data-action=\"analytics#trackCTA\">\n                        Zobrazi\u0165 aplik\u00e1ciu                    <\/a>\n                                            <div class=\"text-xs text-muted mt-3 d-block col-12 text-center\">Budete presmerovan\u00ed na in\u00fa str\u00e1nku.<\/div>\n                                    <\/div>\n            <\/div>\n        <\/div>\n    <\/div>\n\n\n\n<h2 class=\"wp-block-heading\">Facetune AI: Kr\u00e1\u013e selfie<\/h2>\n\n\n\n<p>Pokia\u013e ide o portr\u00e9ty, Facetune AI je jednou z najpopul\u00e1rnej\u0161\u00edch aplik\u00e1ci\u00ed. Vyu\u017e\u00edva technol\u00f3gie umelej inteligencie na vytv\u00e1ranie dokonal\u00fdch selfie, v\u010faka \u010domu je ob\u013e\u00faben\u00e1 medzi influencermi a tvorcami obsahu.<\/p>\n\n\n\n<h3 class=\"wp-block-heading\">Hlavn\u00e9 vlastnosti<\/h3>\n\n\n\n<ul>\n<li><strong>Automatick\u00e9 opravy<\/strong>Zv\u00fdraznite osvetlenie, vyhladite ple\u0165 a upravte farby jedn\u00fdm klepnut\u00edm.<\/li>\n\n\n\n<li><strong>\u0160peci\u00e1lne n\u00e1stroje na tv\u00e1r<\/strong>Upravte detaily, ako s\u00fa \u00fasmev, o\u010di a vlasy.<\/li>\n\n\n\n<li><strong>Exkluz\u00edvne filtre<\/strong>Pridajte personalizovan\u00fd n\u00e1dych pomocou modern\u00fdch filtrov.<\/li>\n\n\n\n<li><strong>Vylep\u0161enia v re\u00e1lnom \u010dase<\/strong>: Vylep\u0161enia uvid\u00edte e\u0161te predt\u00fdm, ako fotku urob\u00edte.<\/li>\n<\/ul>\n\n\n\n<p>S priemern\u00fdm hodnoten\u00edm 4,5 hviezdi\u010dky v obchodoch s aplik\u00e1ciami zost\u00e1va Facetune AI jednou z najd\u00f4veryhodnej\u0161\u00edch a najvyh\u013ead\u00e1vanej\u0161\u00edch aplik\u00e1ci\u00ed pre t\u00fdch, ktor\u00ed chc\u00fa r\u00fdchle a efekt\u00edvne v\u00fdsledky.<\/p>\n\n\n\n    <div class=\"d-sm-block py-3 mx-auto px-3 mb-3\"\n        style=\"border-top: 1px solid rgb(204, 204, 204); border-bottom: 1px solid rgb(204, 204, 204);\">\n        <div class=\"text-center mb-4\">\n            <h6 class=\"pt-3 text-center text-gray-900 text-2xl title-font font-medium mb-12\">APLIK\u00c1CIA<\/h6>\n        <\/div>\n        <div class=\"row\">\n            <div class=\"col-lg-5 col-md-5 col-sm-12 mb-4 mb-lg-0\">\n                <img decoding=\"async\" alt=\"karta\" style=\"height: 190px; object-fit: cover;\"\n                    class=\"w-100 h-100 object-cover object-center rounded border\" src=\"http:\/\/universofamilia.com\/wp-content\/uploads\/sites\/148\/2025\/01\/POST-PARA-APP-ARTIGO-5-1.jpg\">\n            <\/div>\n            <div class=\"col-lg-7 col-md-7 col-sm-12 d-flex flex-column justify-content-between\">\n                <h3 class=\"text-gray-900 text-3xl title-font font-medium mb-1\">Facetune AI<\/h3>\n\n                                    <div class=\"flex\">\n                                                    <span\n                                class=\"inline-block mx-2 py-1 mx-2 rounded text-xs font-medium tracking-widest text-uppercase mr-2 bg-green-50 text-green-700\">DOKONAL\u00c9 SELFIE, JEDNODUCH\u00c9 RETU\u0160E<\/span>\n                                            <\/div>\n                                <div class=\"d-block text-justify py-3\">Facetune AI pon\u00faka n\u00e1stroje pre bezchybn\u00e9 selfie. Zlep\u0161ite si ple\u0165, \u00fasmev a mnoho \u010fal\u0161ieho. Stiahnite si ho teraz!<\/div>\n                <div class=\"mt-auto d-flex flex-column align-items-end\">\n                    <a class=\"d-inline-block text-center text-white border-0 py-2 px-8 text-lg focus:outline-none rounded bg-green-700 hover:bg-green-800 btn-block\"\n                        href=\"https:\/\/play.google.com\/store\/apps\/details?id=com.lightricks.facetune.free&#038;hl=pt_BR\"                         data-analytics-label=\"landingPageFirstButton\" data-action=\"analytics#trackCTA\">\n                        Zobrazi\u0165 aplik\u00e1ciu                    <\/a>\n                                            <div class=\"text-xs text-muted mt-3 d-block col-12 text-center\">Budete presmerovan\u00ed na in\u00fa str\u00e1nku.<\/div>\n                                    <\/div>\n            <\/div>\n        <\/div>\n    <\/div>\n\n\n\n<h2 class=\"wp-block-heading\">Strat\u00e9gie pre v\u00fdber najlep\u0161ej aplik\u00e1cie<\/h2>\n\n\n\n<p>Pri to\u013ek\u00fdch mo\u017enostiach na trhu by ste mali zv\u00e1\u017ei\u0165:<\/p>\n\n\n\n<ol>\n<li><strong>V\u00e1\u0161 cie\u013e<\/strong>Chcete vylep\u0161i\u0165 selfie, vytvori\u0165 n\u00e1vrhy alebo vykona\u0165 v\u0161eobecn\u00fa \u00fapravu fotografi\u00ed?<\/li>\n\n\n\n<li><strong>Jednoduchos\u0165 pou\u017e\u00edvania<\/strong>Aplik\u00e1cie ako Canva s\u00fa intuit\u00edvnej\u0161ie, zatia\u013e \u010do Adobe Photoshop Express pon\u00faka viac technick\u00fdch n\u00e1strojov.<\/li>\n\n\n\n<li><strong>\u010eal\u0161ie zdroje<\/strong>Skontrolujte, \u010di aplik\u00e1cia pon\u00faka cloudov\u00e9 \u00falo\u017eisko, kompatibilitu medzi platformami a technick\u00fa podporu.<\/li>\n<\/ol>\n\n\n\n<h3 class=\"wp-block-heading\">Extra tip<\/h3>\n\n\n\n<p>Kombinujte r\u00f4zne aplik\u00e1cie pre e\u0161te p\u00f4sobivej\u0161ie v\u00fdsledky. Napr\u00edklad zaostrite fotografiu vo Photoshope Express a pou\u017eite kreat\u00edvny filter v Canve.<\/p>\n\n\n\n<h2 class=\"wp-block-heading\">Z\u00e1ver: Vyberte si najlep\u0161iu umel\u00fa inteligenciu na vylep\u0161enie fotografi\u00ed<\/h2>\n\n\n\n<p>Umel\u00e1 inteligencia zmenila sp\u00f4sob, ak\u00fdm upravujeme obr\u00e1zky, a v\u010faka tomu je tento proces pr\u00edstupnej\u0161\u00ed a kreat\u00edvnej\u0161\u00ed. Medzi tu uveden\u00fdmi mo\u017enos\u0165ami \u2013 Imagine.AI, Adobe Photoshop Express, Canva a Facetune AI \u2013 v\u0161etky pon\u00fakaj\u00fa \u0161pi\u010dkov\u00e9 n\u00e1stroje, ktor\u00e9 vyhovuj\u00fa r\u00f4znym potreb\u00e1m.<\/p>\n\n\n\n<p>Chcete profesion\u00e1lne v\u00fdsledky alebo si len chcete vylep\u0161i\u0165 selfie? Teraz m\u00e1te na to tie spr\u00e1vne aplik\u00e1cie!<\/p>","protected":false},"excerpt":{"rendered":"<p>V\u010faka pokroku v technol\u00f3gii nebolo vylep\u0161ovanie fotografi\u00ed nikdy jednoduch\u0161ie a dostupnej\u0161ie. V\u010faka umelej inteligencii (AI) teraz aplik\u00e1cie pon\u00fakaj\u00fa neuverite\u013en\u00e9 rie\u0161enia na \u00fapravu obr\u00e1zkov len nieko\u013ek\u00fdmi klepnutiami. T\u00edm podpory Presk\u00famajte aplik\u00e1cie ni\u017e\u0161ie alebo kontaktujte n\u00e1\u0161 t\u00edm podpory a dajte n\u00e1m vedie\u0165 typ v\u00e1\u0161ho profilu [\u2026]<\/p>","protected":false},"author":139,"featured_media":8306,"comment_status":"closed","ping_status":"open","sticky":false,"template":"","format":"standard","meta":{"footnotes":""},"categories":[2],"tags":[190,1749,1747,1748,1746],"yoast_head":"<!-- This site is optimized with the Yoast SEO plugin v23.3 - https:\/\/yoast.com\/wordpress\/plugins\/seo\/ -->\n<title>Mejor IA para Mejorar Fotos - Universo Fam\u00edlia<\/title>\n<meta name=\"description\" content=\"Mejor IA para Mejorar Fotos. Con el avance de la tecnolog\u00eda, mejorar fotos nunca ha sido tan f\u00e1cil y accesible.\" \/>\n<meta name=\"robots\" content=\"index, follow, max-snippet:-1, max-image-preview:large, max-video-preview:-1\" \/>\n<link rel=\"canonical\" href=\"https:\/\/universofamilia.com\/sk\/mejor-ia-para-mejorar-fotos\/\" \/>\n<meta property=\"og:locale\" content=\"sk_SK\" \/>\n<meta property=\"og:type\" content=\"article\" \/>\n<meta property=\"og:title\" content=\"Mejor IA para Mejorar Fotos - Universo Fam\u00edlia\" \/>\n<meta property=\"og:description\" content=\"Mejor IA para Mejorar Fotos. Con el avance de la tecnolog\u00eda, mejorar fotos nunca ha sido tan f\u00e1cil y accesible.\" \/>\n<meta property=\"og:url\" content=\"https:\/\/universofamilia.com\/sk\/mejor-ia-para-mejorar-fotos\/\" \/>\n<meta property=\"og:site_name\" content=\"Universo Fam\u00edlia\" \/>\n<meta property=\"article:published_time\" content=\"2025-01-27T18:23:01+00:00\" \/>\n<meta property=\"article:modified_time\" content=\"2025-07-12T20:33:25+00:00\" \/>\n<meta property=\"og:image\" content=\"https:\/\/universofamilia.com\/wp-content\/uploads\/sites\/148\/2025\/01\/POST-PARA-APP-ARTIGO-5-1.jpg\" \/>\n\t<meta property=\"og:image:width\" content=\"1080\" \/>\n\t<meta property=\"og:image:height\" content=\"1080\" \/>\n\t<meta property=\"og:image:type\" content=\"image\/jpeg\" \/>\n<meta name=\"author\" content=\"Pedro Henrique\" \/>\n<meta name=\"twitter:card\" content=\"summary_large_image\" \/>\n<meta name=\"twitter:label1\" content=\"Written by\" \/>\n\t<meta name=\"twitter:data1\" content=\"Pedro Henrique\" \/>\n\t<meta name=\"twitter:label2\" content=\"Est. reading time\" \/>\n\t<meta name=\"twitter:data2\" content=\"5 min\u00fat\" \/>\n<script type=\"application\/ld+json\" class=\"yoast-schema-graph\">{\"@context\":\"https:\/\/schema.org\",\"@graph\":[{\"@type\":\"WebPage\",\"@id\":\"https:\/\/universofamilia.com\/cs\/mejor-ia-para-mejorar-fotos\/\",\"url\":\"https:\/\/universofamilia.com\/cs\/mejor-ia-para-mejorar-fotos\/\",\"name\":\"Mejor IA para Mejorar Fotos - Universo Fam\u00edlia\",\"isPartOf\":{\"@id\":\"https:\/\/universofamilia.com\/el\/#website\"},\"primaryImageOfPage\":{\"@id\":\"https:\/\/universofamilia.com\/cs\/mejor-ia-para-mejorar-fotos\/#primaryimage\"},\"image\":{\"@id\":\"https:\/\/universofamilia.com\/cs\/mejor-ia-para-mejorar-fotos\/#primaryimage\"},\"thumbnailUrl\":\"https:\/\/universofamilia.com\/wp-content\/uploads\/sites\/148\/2025\/01\/POST-PARA-APP-ARTIGO-5-1.jpg\",\"datePublished\":\"2025-01-27T18:23:01+00:00\",\"dateModified\":\"2025-07-12T20:33:25+00:00\",\"author\":{\"@id\":\"https:\/\/universofamilia.com\/el\/#\/schema\/person\/f07ce98187dd84d31154262e79b3b7ca\"},\"description\":\"Mejor IA para Mejorar Fotos. Con el avance de la tecnolog\u00eda, mejorar fotos nunca ha sido tan f\u00e1cil y accesible.\",\"breadcrumb\":{\"@id\":\"https:\/\/universofamilia.com\/cs\/mejor-ia-para-mejorar-fotos\/#breadcrumb\"},\"inLanguage\":\"sk-SK\",\"potentialAction\":[{\"@type\":\"ReadAction\",\"target\":[\"https:\/\/universofamilia.com\/cs\/mejor-ia-para-mejorar-fotos\/\"]}]},{\"@type\":\"ImageObject\",\"inLanguage\":\"sk-SK\",\"@id\":\"https:\/\/universofamilia.com\/cs\/mejor-ia-para-mejorar-fotos\/#primaryimage\",\"url\":\"https:\/\/universofamilia.com\/wp-content\/uploads\/sites\/148\/2025\/01\/POST-PARA-APP-ARTIGO-5-1.jpg\",\"contentUrl\":\"https:\/\/universofamilia.com\/wp-content\/uploads\/sites\/148\/2025\/01\/POST-PARA-APP-ARTIGO-5-1.jpg\",\"width\":1080,\"height\":1080,\"caption\":\"Mejor IA para Mejorar Fotos\"},{\"@type\":\"BreadcrumbList\",\"@id\":\"https:\/\/universofamilia.com\/cs\/mejor-ia-para-mejorar-fotos\/#breadcrumb\",\"itemListElement\":[{\"@type\":\"ListItem\",\"position\":1,\"name\":\"Home\",\"item\":\"https:\/\/universofamilia.com\/el\/\"},{\"@type\":\"ListItem\",\"position\":2,\"name\":\"Mejor IA para Mejorar Fotos\"}]},{\"@type\":\"WebSite\",\"@id\":\"https:\/\/universofamilia.com\/el\/#website\",\"url\":\"https:\/\/universofamilia.com\/el\/\",\"name\":\"Universo Fam\u00edlia\",\"description\":\"\",\"potentialAction\":[{\"@type\":\"SearchAction\",\"target\":{\"@type\":\"EntryPoint\",\"urlTemplate\":\"https:\/\/universofamilia.com\/el\/?s={search_term_string}\"},\"query-input\":\"required name=search_term_string\"}],\"inLanguage\":\"sk-SK\"},{\"@type\":\"Person\",\"@id\":\"https:\/\/universofamilia.com\/el\/#\/schema\/person\/f07ce98187dd84d31154262e79b3b7ca\",\"name\":\"Pedro Henrique\",\"image\":{\"@type\":\"ImageObject\",\"inLanguage\":\"sk-SK\",\"@id\":\"https:\/\/universofamilia.com\/el\/#\/schema\/person\/image\/\",\"url\":\"https:\/\/secure.gravatar.com\/avatar\/9edfeb808cb4e1599f64d6e45b130154?s=96&d=mm&r=g\",\"contentUrl\":\"https:\/\/secure.gravatar.com\/avatar\/9edfeb808cb4e1599f64d6e45b130154?s=96&d=mm&r=g\",\"caption\":\"Pedro Henrique\"},\"url\":\"https:\/\/universofamilia.com\/sk\/author\/editor01\/\"}]}<\/script>\n<!-- \/ Yoast SEO plugin. -->","yoast_head_json":{"title":"Mejor IA para Mejorar Fotos - Universo Fam\u00edlia","description":"Mejor IA para Mejorar Fotos. Con el avance de la tecnolog\u00eda, mejorar fotos nunca ha sido tan f\u00e1cil y accesible.","robots":{"index":"index","follow":"follow","max-snippet":"max-snippet:-1","max-image-preview":"max-image-preview:large","max-video-preview":"max-video-preview:-1"},"canonical":"https:\/\/universofamilia.com\/sk\/mejor-ia-para-mejorar-fotos\/","og_locale":"sk_SK","og_type":"article","og_title":"Mejor IA para Mejorar Fotos - Universo Fam\u00edlia","og_description":"Mejor IA para Mejorar Fotos. Con el avance de la tecnolog\u00eda, mejorar fotos nunca ha sido tan f\u00e1cil y accesible.","og_url":"https:\/\/universofamilia.com\/sk\/mejor-ia-para-mejorar-fotos\/","og_site_name":"Universo Fam\u00edlia","article_published_time":"2025-01-27T18:23:01+00:00","article_modified_time":"2025-07-12T20:33:25+00:00","og_image":[{"width":1080,"height":1080,"url":"https:\/\/universofamilia.com\/wp-content\/uploads\/sites\/148\/2025\/01\/POST-PARA-APP-ARTIGO-5-1.jpg","type":"image\/jpeg"}],"author":"Pedro Henrique","twitter_card":"summary_large_image","twitter_misc":{"Written by":"Pedro Henrique","Est. reading time":"5 min\u00fat"},"schema":{"@context":"https:\/\/schema.org","@graph":[{"@type":"WebPage","@id":"https:\/\/universofamilia.com\/cs\/mejor-ia-para-mejorar-fotos\/","url":"https:\/\/universofamilia.com\/cs\/mejor-ia-para-mejorar-fotos\/","name":"Mejor IA para Mejorar Fotos - Universo Fam\u00edlia","isPartOf":{"@id":"https:\/\/universofamilia.com\/el\/#website"},"primaryImageOfPage":{"@id":"https:\/\/universofamilia.com\/cs\/mejor-ia-para-mejorar-fotos\/#primaryimage"},"image":{"@id":"https:\/\/universofamilia.com\/cs\/mejor-ia-para-mejorar-fotos\/#primaryimage"},"thumbnailUrl":"https:\/\/universofamilia.com\/wp-content\/uploads\/sites\/148\/2025\/01\/POST-PARA-APP-ARTIGO-5-1.jpg","datePublished":"2025-01-27T18:23:01+00:00","dateModified":"2025-07-12T20:33:25+00:00","author":{"@id":"https:\/\/universofamilia.com\/el\/#\/schema\/person\/f07ce98187dd84d31154262e79b3b7ca"},"description":"Mejor IA para Mejorar Fotos. Con el avance de la tecnolog\u00eda, mejorar fotos nunca ha sido tan f\u00e1cil y accesible.","breadcrumb":{"@id":"https:\/\/universofamilia.com\/cs\/mejor-ia-para-mejorar-fotos\/#breadcrumb"},"inLanguage":"sk-SK","potentialAction":[{"@type":"ReadAction","target":["https:\/\/universofamilia.com\/cs\/mejor-ia-para-mejorar-fotos\/"]}]},{"@type":"ImageObject","inLanguage":"sk-SK","@id":"https:\/\/universofamilia.com\/cs\/mejor-ia-para-mejorar-fotos\/#primaryimage","url":"https:\/\/universofamilia.com\/wp-content\/uploads\/sites\/148\/2025\/01\/POST-PARA-APP-ARTIGO-5-1.jpg","contentUrl":"https:\/\/universofamilia.com\/wp-content\/uploads\/sites\/148\/2025\/01\/POST-PARA-APP-ARTIGO-5-1.jpg","width":1080,"height":1080,"caption":"Mejor IA para Mejorar Fotos"},{"@type":"BreadcrumbList","@id":"https:\/\/universofamilia.com\/cs\/mejor-ia-para-mejorar-fotos\/#breadcrumb","itemListElement":[{"@type":"ListItem","position":1,"name":"Home","item":"https:\/\/universofamilia.com\/el\/"},{"@type":"ListItem","position":2,"name":"Mejor IA para Mejorar Fotos"}]},{"@type":"WebSite","@id":"https:\/\/universofamilia.com\/el\/#website","url":"https:\/\/universofamilia.com\/el\/","name":"Universo Fam\u00edlia","description":"","potentialAction":[{"@type":"SearchAction","target":{"@type":"EntryPoint","urlTemplate":"https:\/\/universofamilia.com\/el\/?s={search_term_string}"},"query-input":"required name=search_term_string"}],"inLanguage":"sk-SK"},{"@type":"Person","@id":"https:\/\/universofamilia.com\/el\/#\/schema\/person\/f07ce98187dd84d31154262e79b3b7ca","name":"Pedro Henrique","image":{"@type":"ImageObject","inLanguage":"sk-SK","@id":"https:\/\/universofamilia.com\/el\/#\/schema\/person\/image\/","url":"https:\/\/secure.gravatar.com\/avatar\/9edfeb808cb4e1599f64d6e45b130154?s=96&d=mm&r=g","contentUrl":"https:\/\/secure.gravatar.com\/avatar\/9edfeb808cb4e1599f64d6e45b130154?s=96&d=mm&r=g","caption":"Pedro Henrique"},"url":"https:\/\/universofamilia.com\/sk\/author\/editor01\/"}]}},"_links":{"self":[{"href":"https:\/\/universofamilia.com\/sk\/wp-json\/wp\/v2\/posts\/8302"}],"collection":[{"href":"https:\/\/universofamilia.com\/sk\/wp-json\/wp\/v2\/posts"}],"about":[{"href":"https:\/\/universofamilia.com\/sk\/wp-json\/wp\/v2\/types\/post"}],"author":[{"embeddable":true,"href":"https:\/\/universofamilia.com\/sk\/wp-json\/wp\/v2\/users\/139"}],"replies":[{"embeddable":true,"href":"https:\/\/universofamilia.com\/sk\/wp-json\/wp\/v2\/comments?post=8302"}],"version-history":[{"count":2,"href":"https:\/\/universofamilia.com\/sk\/wp-json\/wp\/v2\/posts\/8302\/revisions"}],"predecessor-version":[{"id":9573,"href":"https:\/\/universofamilia.com\/sk\/wp-json\/wp\/v2\/posts\/8302\/revisions\/9573"}],"wp:featuredmedia":[{"embeddable":true,"href":"https:\/\/universofamilia.com\/sk\/wp-json\/wp\/v2\/media\/8306"}],"wp:attachment":[{"href":"https:\/\/universofamilia.com\/sk\/wp-json\/wp\/v2\/media?parent=8302"}],"wp:term":[{"taxonomy":"category","embeddable":true,"href":"https:\/\/universofamilia.com\/sk\/wp-json\/wp\/v2\/categories?post=8302"},{"taxonomy":"post_tag","embeddable":true,"href":"https:\/\/universofamilia.com\/sk\/wp-json\/wp\/v2\/tags?post=8302"}],"curies":[{"name":"wp","href":"https:\/\/api.w.org\/{rel}","templated":true}]}}