{"id":8859,"date":"2025-03-01T17:41:59","date_gmt":"2025-03-01T17:41:59","guid":{"rendered":"https:\/\/universofamilia.com\/?p=8859"},"modified":"2025-03-01T22:39:19","modified_gmt":"2025-03-01T22:39:19","slug":"cortes-de-pelo-con-ia","status":"publish","type":"post","link":"https:\/\/universofamilia.com\/sk\/cortes-de-pelo-con-ia\/","title":{"rendered":"Za\u017eite zmenu \u00fa\u010desu s touto aplik\u00e1ciou s umelou inteligenciou"},"content":{"rendered":"<p class=\"has-text-align-center\">Ak\u00e1 je umel\u00e1 inteligencia <strong>Revolu\u010dn\u00e1 transform\u00e1cia vlasov<\/strong>.<\/p>\n\n\n\n    <div class=\"d-sm-block py-3 mx-auto px-3 mb-3\"\n        style=\"border-top: 1px solid rgb(204, 204, 204); border-bottom: 1px solid rgb(204, 204, 204);\">\n        <div class=\"text-center mb-4\">\n            <h6 class=\"pt-3 text-center text-gray-900 text-2xl title-font font-medium mb-12\">Zistite to teraz!<\/h6>\n        <\/div>\n        <div class=\"row\">\n            <div class=\"col-lg-5 col-md-5 col-sm-12 mb-4 mb-lg-0\">\n                <img decoding=\"async\" alt=\"karta\" style=\"height: 190px; object-fit: cover;\"\n                    class=\"w-100 h-100 object-cover object-center rounded border\" src=\"http:\/\/universofamilia.com\/wp-content\/uploads\/sites\/148\/2025\/03\/BLOCO-APP-ARTIGO.jpg\">\n            <\/div>\n            <div class=\"col-lg-7 col-md-7 col-sm-12 d-flex flex-column justify-content-between\">\n                <h3 class=\"text-gray-900 text-3xl title-font font-medium mb-1\">Strihy s umelou inteligenciou<\/h3>\n\n                                    <div class=\"flex\">\n                                                    <span\n                                class=\"inline-block mx-2 py-1 mx-2 rounded text-xs font-medium tracking-widest text-uppercase mr-2 bg-green-50 text-green-700\">SIMUL\u00c1TOR VLASOV S UMELOU INTELIGENCIOU<\/span>\n                                            <\/div>\n                                <div class=\"d-block text-justify py-3\">Zme\u0148te svoj vzh\u013ead e\u0161te pred n\u00e1v\u0161tevou kadern\u00edctva pomocou strihov s umelou inteligenciou. Vysk\u00fa\u0161ajte r\u00f4zne strihy, farby a \u00fa\u010desy s pokro\u010dilou technol\u00f3giou rozpozn\u00e1vania tv\u00e1re a realistickou simul\u00e1ciou.<\/div>\n                <div class=\"mt-auto d-flex flex-column align-items-end\">\n                    <a class=\"d-inline-block text-center text-white border-0 py-2 px-8 text-lg focus:outline-none rounded bg-green-700 hover:bg-green-800 btn-block\"\n                        href=\"https:\/\/apkpure.com\/br\/try-hairstyles-ai-generate\/com.mobile.bizo.inpainting.haircut\/download\"                         data-analytics-label=\"landingPageFirstButton\" data-action=\"analytics#trackCTA\">\n                        Stiahnu\u0165 aplik\u00e1ciu                    <\/a>\n                                            <div class=\"text-xs text-muted mt-3 d-block col-12 text-center\">Budete presmerovan\u00ed na in\u00fa str\u00e1nku<\/div>\n                                    <\/div>\n            <\/div>\n        <\/div>\n    <\/div>\n\n\n\n<p>Prem\u00fd\u0161\u013eali ste niekedy o \u00faplnej zmene \u0161t\u00fdlu predt\u00fdm, ako ste vzali do ruky no\u017enice alebo farbili vlasy?<\/p>\n\n\n\n<p>Teraz je to mo\u017en\u00e9 v\u010faka aplik\u00e1cii s umelou inteligenciou (AI), ktor\u00e1 v\u00e1m umo\u017e\u0148uje virtu\u00e1lne vysk\u00fa\u0161a\u0165 r\u00f4zne strihy, \u00fa\u010desy a farby vlasov.<\/p>\n\n\n\n<p>Len nieko\u013ek\u00fdmi klepnutiami si m\u00f4\u017eete predstavi\u0165, ako by ste vyzerali s nov\u00fdm \u00fa\u010desom, a pred n\u00e1v\u0161tevou sal\u00f3nu sa m\u00f4\u017eete istej\u0161ie rozhodn\u00fa\u0165.<\/p>\n\n\n\n<h2 class=\"wp-block-heading\">K\u013e\u00fa\u010dov\u00e9 body aplik\u00e1cie<\/h2>\n\n\n\n<p>Aplik\u00e1cia \u201eAI Haircuts\u201c vyu\u017e\u00edva pokro\u010dil\u00fa technol\u00f3giu na simul\u00e1ciu strihov vlasov a zmenu farby va\u0161ich vlasov v re\u00e1lnom \u010dase. Sta\u010d\u00ed nahra\u0165 fotografiu alebo pou\u017ei\u0165 fotoapar\u00e1t telef\u00f3nu a vysk\u00fa\u0161a\u0165 nov\u00e9 mo\u017enosti.<\/p>\n\n\n\n<p>Medzi hlavn\u00e9 vlastnosti aplik\u00e1cie patria:<\/p>\n\n\n\n<ul>\n<li><strong>Simul\u00e1cia strihov vlasov pre mu\u017eov a \u017eeny<\/strong> s vysokou presnos\u0165ou.<\/li>\n\n\n\n<li><strong>Test farieb a odrazov<\/strong> aby ste videli, ako r\u00f4zne odtiene ladia s va\u0161ou tv\u00e1rou.<\/li>\n\n\n\n<li><strong>Pokro\u010dil\u00e1 umel\u00e1 inteligencia<\/strong>, ktor\u00fd prisp\u00f4sob\u00ed \u00fa\u010desy tvaru tv\u00e1re a text\u00fare vlasov.<\/li>\n\n\n\n<li><strong>Mo\u017enos\u0165 ulo\u017eenia a zdie\u013eania<\/strong> transform\u00e1cie soci\u00e1lnych m\u00e9di\u00ed s cie\u013eom z\u00edska\u0165 n\u00e1zory od priate\u013eov.<\/li>\n<\/ul>\n\n\n\n<h3 class=\"wp-block-heading\">Podporn\u00fd t\u00edm<\/h3>\n\n\n\n<p>Presk\u00famajte ni\u017e\u0161ie uveden\u00e9 aplik\u00e1cie alebo kontaktujte n\u00e1\u0161 t\u00edm podpory, povedzte n\u00e1m, ak\u00fd typ profilu h\u013ead\u00e1te, a my v\u00e1m pom\u00f4\u017eeme n\u00e1js\u0165 ide\u00e1lnu aplik\u00e1ciu.<\/p>\n\n\n    <section class=\"mx-1 my-10\">\n                                                <a href=\"https:\/\/www.messenger.com\/login.php?\" class=\"text-white\" data-analytics-label=\"optionsButton\"\n                    data-action=\"analytics#trackCTA\">\n                    <div data-options-target=\"option\"\n                        class=\"custom-section rounded-xl border p-3 shadow-md w-full bg-green-700 my-3\">\n                        <div class=\"flex w-full items-center justify-between\">\n                            <div class=\"flex items-center space-x-3\">\n                                <div class=\"text-lg font-bold\">\n                                    Za\u010da\u0165 konverz\u00e1ciu \u279d\n                                <\/div>\n                            <\/div>\n                        <\/div>\n                    <\/div>\n                <\/a>\n                            <p class=\"text-xs text-gray-500 text-right\"\n            style=\"margin-left: 50%; margin-bottom: 50px; margin-top: 5px;\">\n            <!-- You will be redirected to another website -->\n        <\/p>\n    <\/section>\n\n\n\n\n<h2 class=\"wp-block-heading\">Vysk\u00fa\u0161ajte nov\u00fd \u00fa\u010des s touto aplik\u00e1ciou s umelou inteligenciou<\/h2>\n\n\n\n<p>Pri zmene \u00fa\u010desu je be\u017en\u00e9 ma\u0165 pochybnosti a v\u00fdber nespr\u00e1vneho strihu alebo farby m\u00f4\u017ee by\u0165 frustruj\u00faci. S aplik\u00e1ciou na simul\u00e1ciu vlasov sa m\u00f4\u017eete vyhn\u00fa\u0165 \u013e\u00fatosti a c\u00edti\u0165 sa istej\u0161ie vo svojom v\u00fdbere.<\/p>\n\n\n\n<h3 class=\"wp-block-heading\">Pred zmenou otestujte<\/h3>\n\n\n\n<p>Jednou z najv\u00e4\u010d\u0161\u00edch v\u00fdhod aplik\u00e1cie je mo\u017enos\u0165 <strong>vysk\u00fa\u0161ajte r\u00f4zne \u0161t\u00fdly bez z\u00e1v\u00e4zkov<\/strong>.<\/p>\n\n\n\n<p>Ak ste v\u017edy chceli ma\u0165 kr\u00e1tke vlasy, ale b\u00e1li ste sa ich ostriha\u0165, alebo ak by ste chceli experimentova\u0165 s fantasy odtie\u0148mi, teraz si m\u00f4\u017eete v\u0161etko realisticky predstavi\u0165 predt\u00fdm, ako sa definit\u00edvne rozhodnete.<\/p>\n\n\n\n<h3 class=\"wp-block-heading\">\u00daspora \u010dasu a pe\u0148az\u00ed<\/h3>\n\n\n\n<p>Zmena vlasov v sal\u00f3ne m\u00f4\u017ee by\u0165 drah\u00e1 a ak v\u00fdsledok nie je tak\u00fd, ak\u00fd ste o\u010dak\u00e1vali, aj korekcia m\u00e1 svoju cenu.<\/p>\n\n\n\n<p>V\u010faka aplik\u00e1cii sa m\u00f4\u017eete vyhn\u00fa\u0165 zbyto\u010dn\u00fdm v\u00fddavkom a s v\u00e4\u010d\u0161ou istotou si vybra\u0165, \u010do v\u00e1m naozaj vyhovuje.<\/p>\n\n\n\n<h3 class=\"wp-block-heading\">Sledovanie trendov<\/h3>\n\n\n\n<p>Aplik\u00e1cie na kr\u00e1su s umelou inteligenciou s\u00fa v\u017edy aktu\u00e1lne a najnov\u0161ie <strong>trendy v strihoch a farb\u00e1ch vlasov<\/strong>Takto si m\u00f4\u017eete vysk\u00fa\u0161a\u0165 modern\u00e9 a inovat\u00edvne \u0161t\u00fdly e\u0161te predt\u00fdm, ako p\u00f4jdete do sal\u00f3nu.<\/p>\n\n\n\n<p><\/p>\n\n\n\n<hr class=\"wp-block-separator has-alpha-channel-opacity is-style-wide\" \/>\n\n\n\n<h5 class=\"wp-block-heading has-text-align-center\"><strong>Pre\u010d\u00edtajte si tie\u017e<\/strong><\/h5>\n\n\n    <section class=\"mx-1 my-10\">\n                                                <a href=\"https:\/\/universofamilia.com\/sk\/el-mejor-antivirus-para-tu-telefono-movil-2025\/\" class=\"text-white\" data-analytics-label=\"optionsButton\"\n                    data-action=\"analytics#trackCTA\">\n                    <div data-options-target=\"option\"\n                        class=\"custom-section rounded-xl border p-3 shadow-md w-full bg-green-700 my-3\">\n                        <div class=\"flex w-full items-center justify-between\">\n                            <div class=\"flex items-center space-x-3\">\n                                <div class=\"text-lg font-bold\">\n                                    Najlep\u0161\u00ed antiv\u00edrus pre v\u00e1\u0161 mobiln\u00fd telef\u00f3n 2025 \u279d\n                                <\/div>\n                            <\/div>\n                        <\/div>\n                    <\/div>\n                <\/a>\n                                                            <a href=\"https:\/\/universofamilia.com\/sk\/nuevas-aplicaciones-gps-gratis-2025\/\" class=\"text-white\" data-analytics-label=\"optionsButton\"\n                    data-action=\"analytics#trackCTA\">\n                    <div data-options-target=\"option\"\n                        class=\"custom-section rounded-xl border p-3 shadow-md w-full bg-green-700 my-3\">\n                        <div class=\"flex w-full items-center justify-between\">\n                            <div class=\"flex items-center space-x-3\">\n                                <div class=\"text-lg font-bold\">\n                                    Nov\u00e9 bezplatn\u00e9 GPS aplik\u00e1cie 2025 \u279d\n                                <\/div>\n                            <\/div>\n                        <\/div>\n                    <\/div>\n                <\/a>\n                                                            <a href=\"https:\/\/universofamilia.com\/sk\/mejores-apps-para-conocer-a-una-mujer\/\" class=\"text-white\" data-analytics-label=\"optionsButton\"\n                    data-action=\"analytics#trackCTA\">\n                    <div data-options-target=\"option\"\n                        class=\"custom-section rounded-xl border p-3 shadow-md w-full bg-green-700 my-3\">\n                        <div class=\"flex w-full items-center justify-between\">\n                            <div class=\"flex items-center space-x-3\">\n                                <div class=\"text-lg font-bold\">\n                                    Najlep\u0161ie aplik\u00e1cie na stretnutie so \u017eenou \u279d\n                                <\/div>\n                            <\/div>\n                        <\/div>\n                    <\/div>\n                <\/a>\n                            <p class=\"text-xs text-gray-500 text-right hidden\"\n            style=\"margin-left: 50%; margin-bottom: 50px; margin-top: 5px;\">\n            <!-- You will be redirected to another website -->\n        <\/p>\n    <\/section>\n\n\n\n\n<p class=\"has-text-align-right\"><em><strong><em><strong><em><strong><em><strong><em><strong>Zostane na rovnakom mieste!<\/strong><\/em><\/strong><\/em><\/strong><\/em><\/strong><\/em><\/strong><\/em><\/p>\n\n\n\n<hr class=\"wp-block-separator has-alpha-channel-opacity is-style-wide\" \/>\n\n\n\n<p><\/p>\n\n\n\n<h2 class=\"wp-block-heading\">Exkluz\u00edvne funkcie, ktor\u00e9 premenia v\u00e1\u0161 \u0161t\u00fdl<\/h2>\n\n\n\n<p>\u201eAI Haircuts\u201c pon\u00faka jedine\u010dn\u00e9 funkcie pre t\u00fdch, ktor\u00ed chc\u00fa presk\u00fama\u0165 nov\u00e9 mo\u017enosti vlasov:<\/p>\n\n\n\n<ul>\n<li><strong>Pokro\u010dil\u00e9 farebn\u00e9 filtre<\/strong> zobrazova\u0165 r\u00f4zne odtiene v re\u00e1lnom \u010dase.<\/li>\n\n\n\n<li><strong>Vylep\u0161en\u00e9 rozpozn\u00e1vanie tv\u00e1re<\/strong>a uistite sa, \u017ee strih zodpoved\u00e1 tvaru va\u0161ej tv\u00e1re.<\/li>\n\n\n\n<li><strong>Re\u017eim roz\u0161\u00edrenej reality<\/strong>, \u010do v\u00e1m umo\u017en\u00ed vysk\u00fa\u0161a\u0165 si \u0161t\u00fdly na\u017eivo.<\/li>\n\n\n\n<li><strong>Kni\u017enica trendov<\/strong> s najpopul\u00e1rnej\u0161\u00edmi strihmi s\u00fa\u010dasnosti.<\/li>\n<\/ul>\n\n\n\n<h2 class=\"wp-block-heading\">Tipy na dosiahnutie najlep\u0161\u00edch v\u00fdsledkov v aplik\u00e1cii<\/h2>\n\n\n\n<p>Aby bola va\u0161a simul\u00e1cia \u010do najrealistickej\u0161ia, postupujte pod\u013ea t\u00fdchto tipov:<\/p>\n\n\n\n<ol>\n<li><strong>Pou\u017eite dobre osvetlen\u00fa fotografiu<\/strong> a neutr\u00e1lne pozadie pre lep\u0161ie rozpoznanie tv\u00e1re.<\/li>\n\n\n\n<li><strong>Vysk\u00fa\u0161ajte r\u00f4zne uhly<\/strong> vizualizova\u0165, ako by strih alebo farba vyzerali z r\u00f4znych perspekt\u00edv.<\/li>\n\n\n\n<li><strong>Experimentujte s r\u00f4znymi mo\u017enos\u0165ami<\/strong> pred prijat\u00edm kone\u010dn\u00e9ho rozhodnutia.<\/li>\n\n\n\n<li><strong>Pora\u010fte sa s odborn\u00edkom<\/strong> ak m\u00e1te pochybnosti o \u017eivotaschopnosti nov\u00e9ho \u0161t\u00fdlu.<\/li>\n<\/ol>\n\n\n\n<h2 class=\"wp-block-heading\">Z\u00e1ver<\/h2>\n\n\n\n<p>Umel\u00e1 inteligencia sp\u00f4sobila revol\u00faciu vo svete kr\u00e1sy a teraz je zmena \u00fa\u010desu jednoduch\u0161ia a dostupnej\u0161ia ako kedyko\u013evek predt\u00fdm.<\/p>\n\n\n\n<p>V\u010faka aplik\u00e1cii AI Haircuts si m\u00f4\u017eete vysk\u00fa\u0161a\u0165 nov\u00e9 strihy a farby vlasov bez toho, aby ste opustili domov a bez rizika.<\/p>\n\n\n\n<p>Okrem toho, \u017ee je praktick\u00fdm n\u00e1strojom, pom\u00e1ha v\u00e1m robi\u0165 lep\u0161ie rozhodnutia o zmen\u00e1ch v\u00e1\u0161ho \u0161t\u00fdlu.<\/p>\n\n\n\n<p>Ak chcete zmeni\u0165 svoj vzh\u013ead s istotou a pohodl\u00edm, t\u00e1to aplik\u00e1cia je skvelou vo\u013ebou. Stiahnite si ju teraz a objavte t\u00fa najlep\u0161iu verziu svojich vlasov!<\/p>\n\n\n\n<h3 class=\"wp-block-heading\"><strong>\u010casto kladen\u00e9 ot\u00e1zky<\/strong><\/h3>\n\n\n\n<h4 class=\"wp-block-heading\"><strong>1. \u010co je aplik\u00e1cia na zmenu vlasov s umelou inteligenciou?<\/strong><\/h4>\n\n\n\n<p>Aplik\u00e1cie <strong>umel\u00e1 inteligencia na zmenu vlasov<\/strong> S\u00fa to digit\u00e1lne n\u00e1stroje, ktor\u00e9 v\u00e1m umo\u017e\u0148uj\u00fa virtu\u00e1lne vysk\u00fa\u0161a\u0165 r\u00f4zne strihy, \u00fa\u010desy a farby vlasov predt\u00fdm, ako urob\u00edte skuto\u010dn\u00fa zmenu.<\/p>\n\n\n\n<p>Tieto aplik\u00e1cie pou\u017e\u00edvaj\u00fa pokro\u010dil\u00e9 algoritmy na simul\u00e1ciu \u0161t\u00fdlov v re\u00e1lnom \u010dase a pon\u00fakaj\u00fa presn\u00fa a personalizovan\u00fa vizualiz\u00e1ciu.<\/p>\n\n\n\n<h4 class=\"wp-block-heading\"><strong>2. Ako funguj\u00fa aplik\u00e1cie na testovanie strihov vlasov s umelou inteligenciou?<\/strong><\/h4>\n\n\n\n<p>Tieto aplik\u00e1cie pou\u017e\u00edvaj\u00fa <strong>rozpozn\u00e1vanie tv\u00e1re a umel\u00e1 inteligencia<\/strong> na zistenie tvaru tv\u00e1re a \u0161trukt\u00fary vlasov.<\/p>\n\n\n\n<p>Pomocou fotografie alebo \u017eiv\u00e9ho obrazu z kamery aplik\u00e1cia aplikuje realistick\u00e9 efekty, ktor\u00e9 simuluj\u00fa, ako by vyzeral nov\u00fd strih alebo farba vlasov. To v\u00e1m umo\u017e\u0148uje robi\u0165 istej\u0161ie rozhodnutia pred n\u00e1v\u0161tevou kadern\u00edka.<\/p>\n\n\n\n<h4 class=\"wp-block-heading\"><strong>3. Je simul\u00e1cia farby vlasov a strihu v t\u00fdchto aplik\u00e1ci\u00e1ch spo\u013eahliv\u00e1?<\/strong><\/h4>\n\n\n\n<p>\u00c1no, v\u00e4\u010d\u0161ina z t\u00fdchto aplik\u00e1ci\u00ed <strong>simul\u00e1cia strihu vlasov<\/strong> Pon\u00fakaj\u00fa pomerne presn\u00e9 zn\u00e1zornenie.<\/p>\n\n\n\n<p>V\u00fdsledok v\u0161ak m\u00f4\u017eu ovplyvni\u0165 faktory ako osvetlenie, kvalita obrazu a typ vlasov.<\/p>\n\n\n\n<p>Pre dosiahnutie najlep\u0161\u00edch v\u00fdsledkov sa odpor\u00fa\u010da pou\u017e\u00edva\u0165 dobre osvetlen\u00e9 obr\u00e1zky s vysok\u00fdm rozl\u00ed\u0161en\u00edm.<\/p>\n\n\n\n<h4 class=\"wp-block-heading\"><strong>4. Ak\u00e9 s\u00fa najlep\u0161ie aplik\u00e1cie na \u00fapravu vlasov s umelou inteligenciou?<\/strong><\/h4>\n\n\n\n<p>Medzi najlep\u0161ie aplik\u00e1cie patria:<\/p>\n\n\n\n<ul>\n<li><strong>Strihy s umelou inteligenciou<\/strong><\/li>\n\n\n\n<li><strong>YouCam Makeup<\/strong><\/li>\n\n\n\n<li><strong>Upravi\u0165 si vlasy<\/strong> od L&#039;Or\u00e9alu<\/li>\n\n\n\n<li><strong>Meni\u010d farby vlasov<\/strong><\/li>\n\n\n\n<li><strong>Vysk\u00fa\u0161ajte si \u00fa\u010des<\/strong><br>Tieto aplik\u00e1cie z <strong>kr\u00e1sa s umelou inteligenciou<\/strong> umo\u017e\u0148uj\u00fa v\u00e1m vysk\u00fa\u0161a\u0165 r\u00f4zne \u00fa\u010desy a farby realistick\u00fdm a personalizovan\u00fdm sp\u00f4sobom.<\/li>\n<\/ul>\n\n\n\n<h4 class=\"wp-block-heading\"><strong>5. S\u00fa aplik\u00e1cie na simul\u00e1ciu vlasov s umelou inteligenciou bezplatn\u00e9?<\/strong><\/h4>\n\n\n\n<p>Mnoh\u00e9 z t\u00fdchto aplik\u00e1ci\u00ed pon\u00fakaj\u00fa bezplatn\u00e9 verzie so z\u00e1kladn\u00fdmi funkciami.<\/p>\n\n\n\n<p>Niektor\u00e9 v\u0161ak zah\u0155\u0148aj\u00fa <strong>pr\u00e9miov\u00e9 predplatn\u00e9<\/strong> ktor\u00e9 odomykaj\u00fa pokro\u010dil\u00e9 n\u00e1stroje, ako s\u00fa detailn\u00e9 prisp\u00f4sobenie, 3D simul\u00e1cie a presnej\u0161ie mo\u017enosti farbenia.<\/p>\n\n\n\n<h4 class=\"wp-block-heading\"><strong>6. M\u00f4\u017eete si vysk\u00fa\u0161a\u0165 \u00fa\u010desy a farby vlasov v re\u00e1lnom \u010dase?<\/strong><\/h4>\n\n\n\n<p>\u00c1no, niektor\u00e9 aplik\u00e1cie to umo\u017e\u0148uj\u00fa. <strong>zmena farby a \u0161t\u00fdlu vlasov na\u017eivo<\/strong> pomocou mobilnej kamery.<\/p>\n\n\n\n<p>Toto poskytuje interakt\u00edvny z\u00e1\u017eitok a u\u013eah\u010duje v\u00fdber najlep\u0161ieho vzh\u013eadu bez nutnosti nahr\u00e1vania fotografi\u00ed.<\/p>\n\n\n\n<h4 class=\"wp-block-heading\"><strong>7. Kde si m\u00f4\u017eem stiahnu\u0165 najlep\u0161ie aplik\u00e1cie na \u00fapravu vlasov s umelou inteligenciou?<\/strong><\/h4>\n\n\n\n<p>Aplik\u00e1cie <strong>Simul\u00e1cia vlasov s umelou inteligenciou<\/strong> s\u00fa dostupn\u00e9 v:<\/p>\n\n\n\n<ul>\n<li><strong>Obchod Google Play<\/strong> pre zariadenia s Androidom<\/li>\n\n\n\n<li><strong>Obchod s aplik\u00e1ciami<\/strong> pre iOS<br>Stiahnite si aplik\u00e1ciu pod\u013ea vlastn\u00e9ho v\u00fdberu a experimentujte s nov\u00fdm \u0161t\u00fdlom v priebehu nieko\u013ek\u00fdch sek\u00fand.<\/li>\n<\/ul>","protected":false},"excerpt":{"rendered":"<p>Ako umel\u00e1 inteligencia sp\u00f4sobuje revol\u00faciu v premene vlasov. Prem\u00fd\u0161\u013eali ste niekedy o \u00faplnej zmene svojho \u0161t\u00fdlu predt\u00fdm, ako ste vzali do ruky no\u017enice alebo si zafarbili vlasy? Teraz je to mo\u017en\u00e9 v\u010faka aplik\u00e1cii s umelou inteligenciou (AI), ktor\u00e1 v\u00e1m umo\u017e\u0148uje virtu\u00e1lne vysk\u00fa\u0161a\u0165 r\u00f4zne strihy, \u00fa\u010desy a farby vlasov. Sta\u010d\u00ed len p\u00e1r klepnut\u00ed na [\u2026]<\/p>","protected":false},"author":139,"featured_media":8860,"comment_status":"closed","ping_status":"open","sticky":false,"template":"","format":"standard","meta":{"footnotes":""},"categories":[2],"tags":[1935,1933,1932,1936,1934],"yoast_head":"<!-- This site is optimized with the Yoast SEO plugin v23.3 - https:\/\/yoast.com\/wordpress\/plugins\/seo\/ -->\n<title>Experimenta Cambiar el Estilo de tu Cabello con Esta App de IA - Universo Fam\u00edlia<\/title>\n<meta name=\"description\" content=\"Cortes de pelo con IA. C\u00f3mo la Inteligencia Artificial Est\u00e1 Revolucionando la Transformaci\u00f3n Capilar....\" \/>\n<meta name=\"robots\" content=\"index, follow, max-snippet:-1, max-image-preview:large, max-video-preview:-1\" \/>\n<link rel=\"canonical\" href=\"https:\/\/universofamilia.com\/sk\/cortes-de-pelo-con-ia\/\" \/>\n<meta property=\"og:locale\" content=\"sk_SK\" \/>\n<meta property=\"og:type\" content=\"article\" \/>\n<meta property=\"og:title\" content=\"Experimenta Cambiar el Estilo de tu Cabello con Esta App de IA - Universo Fam\u00edlia\" \/>\n<meta property=\"og:description\" content=\"Cortes de pelo con IA. C\u00f3mo la Inteligencia Artificial Est\u00e1 Revolucionando la Transformaci\u00f3n Capilar....\" \/>\n<meta property=\"og:url\" content=\"https:\/\/universofamilia.com\/sk\/cortes-de-pelo-con-ia\/\" \/>\n<meta property=\"og:site_name\" content=\"Universo Fam\u00edlia\" \/>\n<meta property=\"article:published_time\" content=\"2025-03-01T17:41:59+00:00\" \/>\n<meta property=\"article:modified_time\" content=\"2025-03-01T22:39:19+00:00\" \/>\n<meta property=\"og:image\" content=\"https:\/\/universofamilia.com\/wp-content\/uploads\/sites\/148\/2025\/03\/BLOCO-APP-ARTIGO.jpg\" \/>\n\t<meta property=\"og:image:width\" content=\"1080\" \/>\n\t<meta property=\"og:image:height\" content=\"1080\" \/>\n\t<meta property=\"og:image:type\" content=\"image\/jpeg\" \/>\n<meta name=\"author\" content=\"Pedro Henrique\" \/>\n<meta name=\"twitter:card\" content=\"summary_large_image\" \/>\n<meta name=\"twitter:label1\" content=\"Written by\" \/>\n\t<meta name=\"twitter:data1\" content=\"Pedro Henrique\" \/>\n\t<meta name=\"twitter:label2\" content=\"Est. reading time\" \/>\n\t<meta name=\"twitter:data2\" content=\"6 min\u00fat\" \/>\n<script type=\"application\/ld+json\" class=\"yoast-schema-graph\">{\"@context\":\"https:\/\/schema.org\",\"@graph\":[{\"@type\":\"WebPage\",\"@id\":\"https:\/\/universofamilia.com\/ru\/cortes-de-pelo-con-ia\/\",\"url\":\"https:\/\/universofamilia.com\/ru\/cortes-de-pelo-con-ia\/\",\"name\":\"Experimenta Cambiar el Estilo de tu Cabello con Esta App de IA - Universo Fam\u00edlia\",\"isPartOf\":{\"@id\":\"https:\/\/universofamilia.com\/el\/#website\"},\"primaryImageOfPage\":{\"@id\":\"https:\/\/universofamilia.com\/ru\/cortes-de-pelo-con-ia\/#primaryimage\"},\"image\":{\"@id\":\"https:\/\/universofamilia.com\/ru\/cortes-de-pelo-con-ia\/#primaryimage\"},\"thumbnailUrl\":\"https:\/\/universofamilia.com\/wp-content\/uploads\/sites\/148\/2025\/03\/BLOCO-APP-ARTIGO.jpg\",\"datePublished\":\"2025-03-01T17:41:59+00:00\",\"dateModified\":\"2025-03-01T22:39:19+00:00\",\"author\":{\"@id\":\"https:\/\/universofamilia.com\/el\/#\/schema\/person\/f07ce98187dd84d31154262e79b3b7ca\"},\"description\":\"Cortes de pelo con IA. C\u00f3mo la Inteligencia Artificial Est\u00e1 Revolucionando la Transformaci\u00f3n Capilar....\",\"breadcrumb\":{\"@id\":\"https:\/\/universofamilia.com\/ru\/cortes-de-pelo-con-ia\/#breadcrumb\"},\"inLanguage\":\"sk-SK\",\"potentialAction\":[{\"@type\":\"ReadAction\",\"target\":[\"https:\/\/universofamilia.com\/ru\/cortes-de-pelo-con-ia\/\"]}]},{\"@type\":\"ImageObject\",\"inLanguage\":\"sk-SK\",\"@id\":\"https:\/\/universofamilia.com\/ru\/cortes-de-pelo-con-ia\/#primaryimage\",\"url\":\"https:\/\/universofamilia.com\/wp-content\/uploads\/sites\/148\/2025\/03\/BLOCO-APP-ARTIGO.jpg\",\"contentUrl\":\"https:\/\/universofamilia.com\/wp-content\/uploads\/sites\/148\/2025\/03\/BLOCO-APP-ARTIGO.jpg\",\"width\":1080,\"height\":1080,\"caption\":\"Cortes de pelo con IA\"},{\"@type\":\"BreadcrumbList\",\"@id\":\"https:\/\/universofamilia.com\/ru\/cortes-de-pelo-con-ia\/#breadcrumb\",\"itemListElement\":[{\"@type\":\"ListItem\",\"position\":1,\"name\":\"Home\",\"item\":\"https:\/\/universofamilia.com\/el\/\"},{\"@type\":\"ListItem\",\"position\":2,\"name\":\"Experimenta Cambiar el Estilo de tu Cabello con Esta App de IA\"}]},{\"@type\":\"WebSite\",\"@id\":\"https:\/\/universofamilia.com\/el\/#website\",\"url\":\"https:\/\/universofamilia.com\/el\/\",\"name\":\"Universo Fam\u00edlia\",\"description\":\"\",\"potentialAction\":[{\"@type\":\"SearchAction\",\"target\":{\"@type\":\"EntryPoint\",\"urlTemplate\":\"https:\/\/universofamilia.com\/el\/?s={search_term_string}\"},\"query-input\":\"required name=search_term_string\"}],\"inLanguage\":\"sk-SK\"},{\"@type\":\"Person\",\"@id\":\"https:\/\/universofamilia.com\/el\/#\/schema\/person\/f07ce98187dd84d31154262e79b3b7ca\",\"name\":\"Pedro Henrique\",\"image\":{\"@type\":\"ImageObject\",\"inLanguage\":\"sk-SK\",\"@id\":\"https:\/\/universofamilia.com\/el\/#\/schema\/person\/image\/\",\"url\":\"https:\/\/secure.gravatar.com\/avatar\/9edfeb808cb4e1599f64d6e45b130154?s=96&d=mm&r=g\",\"contentUrl\":\"https:\/\/secure.gravatar.com\/avatar\/9edfeb808cb4e1599f64d6e45b130154?s=96&d=mm&r=g\",\"caption\":\"Pedro Henrique\"},\"url\":\"https:\/\/universofamilia.com\/sk\/author\/editor01\/\"}]}<\/script>\n<!-- \/ Yoast SEO plugin. -->","yoast_head_json":{"title":"Experimenta Cambiar el Estilo de tu Cabello con Esta App de IA - Universo Fam\u00edlia","description":"Cortes de pelo con IA. C\u00f3mo la Inteligencia Artificial Est\u00e1 Revolucionando la Transformaci\u00f3n Capilar....","robots":{"index":"index","follow":"follow","max-snippet":"max-snippet:-1","max-image-preview":"max-image-preview:large","max-video-preview":"max-video-preview:-1"},"canonical":"https:\/\/universofamilia.com\/sk\/cortes-de-pelo-con-ia\/","og_locale":"sk_SK","og_type":"article","og_title":"Experimenta Cambiar el Estilo de tu Cabello con Esta App de IA - Universo Fam\u00edlia","og_description":"Cortes de pelo con IA. C\u00f3mo la Inteligencia Artificial Est\u00e1 Revolucionando la Transformaci\u00f3n Capilar....","og_url":"https:\/\/universofamilia.com\/sk\/cortes-de-pelo-con-ia\/","og_site_name":"Universo Fam\u00edlia","article_published_time":"2025-03-01T17:41:59+00:00","article_modified_time":"2025-03-01T22:39:19+00:00","og_image":[{"width":1080,"height":1080,"url":"https:\/\/universofamilia.com\/wp-content\/uploads\/sites\/148\/2025\/03\/BLOCO-APP-ARTIGO.jpg","type":"image\/jpeg"}],"author":"Pedro Henrique","twitter_card":"summary_large_image","twitter_misc":{"Written by":"Pedro Henrique","Est. reading time":"6 min\u00fat"},"schema":{"@context":"https:\/\/schema.org","@graph":[{"@type":"WebPage","@id":"https:\/\/universofamilia.com\/ru\/cortes-de-pelo-con-ia\/","url":"https:\/\/universofamilia.com\/ru\/cortes-de-pelo-con-ia\/","name":"Experimenta Cambiar el Estilo de tu Cabello con Esta App de IA - Universo Fam\u00edlia","isPartOf":{"@id":"https:\/\/universofamilia.com\/el\/#website"},"primaryImageOfPage":{"@id":"https:\/\/universofamilia.com\/ru\/cortes-de-pelo-con-ia\/#primaryimage"},"image":{"@id":"https:\/\/universofamilia.com\/ru\/cortes-de-pelo-con-ia\/#primaryimage"},"thumbnailUrl":"https:\/\/universofamilia.com\/wp-content\/uploads\/sites\/148\/2025\/03\/BLOCO-APP-ARTIGO.jpg","datePublished":"2025-03-01T17:41:59+00:00","dateModified":"2025-03-01T22:39:19+00:00","author":{"@id":"https:\/\/universofamilia.com\/el\/#\/schema\/person\/f07ce98187dd84d31154262e79b3b7ca"},"description":"Cortes de pelo con IA. C\u00f3mo la Inteligencia Artificial Est\u00e1 Revolucionando la Transformaci\u00f3n Capilar....","breadcrumb":{"@id":"https:\/\/universofamilia.com\/ru\/cortes-de-pelo-con-ia\/#breadcrumb"},"inLanguage":"sk-SK","potentialAction":[{"@type":"ReadAction","target":["https:\/\/universofamilia.com\/ru\/cortes-de-pelo-con-ia\/"]}]},{"@type":"ImageObject","inLanguage":"sk-SK","@id":"https:\/\/universofamilia.com\/ru\/cortes-de-pelo-con-ia\/#primaryimage","url":"https:\/\/universofamilia.com\/wp-content\/uploads\/sites\/148\/2025\/03\/BLOCO-APP-ARTIGO.jpg","contentUrl":"https:\/\/universofamilia.com\/wp-content\/uploads\/sites\/148\/2025\/03\/BLOCO-APP-ARTIGO.jpg","width":1080,"height":1080,"caption":"Cortes de pelo con IA"},{"@type":"BreadcrumbList","@id":"https:\/\/universofamilia.com\/ru\/cortes-de-pelo-con-ia\/#breadcrumb","itemListElement":[{"@type":"ListItem","position":1,"name":"Home","item":"https:\/\/universofamilia.com\/el\/"},{"@type":"ListItem","position":2,"name":"Experimenta Cambiar el Estilo de tu Cabello con Esta App de IA"}]},{"@type":"WebSite","@id":"https:\/\/universofamilia.com\/el\/#website","url":"https:\/\/universofamilia.com\/el\/","name":"Universo Fam\u00edlia","description":"","potentialAction":[{"@type":"SearchAction","target":{"@type":"EntryPoint","urlTemplate":"https:\/\/universofamilia.com\/el\/?s={search_term_string}"},"query-input":"required name=search_term_string"}],"inLanguage":"sk-SK"},{"@type":"Person","@id":"https:\/\/universofamilia.com\/el\/#\/schema\/person\/f07ce98187dd84d31154262e79b3b7ca","name":"Pedro Henrique","image":{"@type":"ImageObject","inLanguage":"sk-SK","@id":"https:\/\/universofamilia.com\/el\/#\/schema\/person\/image\/","url":"https:\/\/secure.gravatar.com\/avatar\/9edfeb808cb4e1599f64d6e45b130154?s=96&d=mm&r=g","contentUrl":"https:\/\/secure.gravatar.com\/avatar\/9edfeb808cb4e1599f64d6e45b130154?s=96&d=mm&r=g","caption":"Pedro Henrique"},"url":"https:\/\/universofamilia.com\/sk\/author\/editor01\/"}]}},"_links":{"self":[{"href":"https:\/\/universofamilia.com\/sk\/wp-json\/wp\/v2\/posts\/8859"}],"collection":[{"href":"https:\/\/universofamilia.com\/sk\/wp-json\/wp\/v2\/posts"}],"about":[{"href":"https:\/\/universofamilia.com\/sk\/wp-json\/wp\/v2\/types\/post"}],"author":[{"embeddable":true,"href":"https:\/\/universofamilia.com\/sk\/wp-json\/wp\/v2\/users\/139"}],"replies":[{"embeddable":true,"href":"https:\/\/universofamilia.com\/sk\/wp-json\/wp\/v2\/comments?post=8859"}],"version-history":[{"count":2,"href":"https:\/\/universofamilia.com\/sk\/wp-json\/wp\/v2\/posts\/8859\/revisions"}],"predecessor-version":[{"id":8872,"href":"https:\/\/universofamilia.com\/sk\/wp-json\/wp\/v2\/posts\/8859\/revisions\/8872"}],"wp:featuredmedia":[{"embeddable":true,"href":"https:\/\/universofamilia.com\/sk\/wp-json\/wp\/v2\/media\/8860"}],"wp:attachment":[{"href":"https:\/\/universofamilia.com\/sk\/wp-json\/wp\/v2\/media?parent=8859"}],"wp:term":[{"taxonomy":"category","embeddable":true,"href":"https:\/\/universofamilia.com\/sk\/wp-json\/wp\/v2\/categories?post=8859"},{"taxonomy":"post_tag","embeddable":true,"href":"https:\/\/universofamilia.com\/sk\/wp-json\/wp\/v2\/tags?post=8859"}],"curies":[{"name":"wp","href":"https:\/\/api.w.org\/{rel}","templated":true}]}}