{"id":8905,"date":"2025-03-05T20:35:12","date_gmt":"2025-03-05T20:35:12","guid":{"rendered":"https:\/\/universofamilia.com\/?p=8905"},"modified":"2025-03-05T20:36:20","modified_gmt":"2025-03-05T20:36:20","slug":"asistencia-de-transicion","status":"publish","type":"post","link":"https:\/\/universofamilia.com\/sk\/asistencia-de-transicion\/","title":{"rendered":"Pomoc pri prechode: podporn\u00e9 programy pre veter\u00e1nov v civilnom \u017eivote"},"content":{"rendered":"<p>Prechod z vojensk\u00e9ho do civiln\u00e9ho \u017eivota m\u00f4\u017ee by\u0165 pre mnoh\u00fdch veter\u00e1nov n\u00e1ro\u010dn\u00fd.<\/p>\n\n\n<div class=\"wp-block-image\">\n<figure class=\"aligncenter size-full\"><img loading=\"lazy\" decoding=\"async\" width=\"550\" height=\"350\" src=\"https:\/\/universofamilia.com\/wp-content\/uploads\/sites\/148\/2025\/03\/DESTAQUE-UNIVERSO-550-x-350-1.jpg\" alt=\"\" class=\"wp-image-8906\" srcset=\"https:\/\/universofamilia.com\/wp-content\/uploads\/sites\/148\/2025\/03\/DESTAQUE-UNIVERSO-550-x-350-1.jpg 550w, https:\/\/universofamilia.com\/wp-content\/uploads\/sites\/148\/2025\/03\/DESTAQUE-UNIVERSO-550-x-350-1-300x191.jpg 300w, https:\/\/universofamilia.com\/wp-content\/uploads\/sites\/148\/2025\/03\/DESTAQUE-UNIVERSO-550-x-350-1-18x12.jpg 18w\" sizes=\"(max-width: 550px) 100vw, 550px\" \/><figcaption class=\"wp-element-caption\">Prechodn\u00e1 pomoc<\/figcaption><\/figure><\/div>\n\n\n<p>Na\u0161\u0165astie existuje nieko\u013eko podporn\u00fdch programov, ktor\u00e9 s t\u00fdmto procesom pom\u00e1haj\u00fa a pon\u00fakaj\u00fa v\u0161etko od emocion\u00e1lnej podpory a\u017e po \u0161kolenia na op\u00e4tovn\u00e9 za\u010dlenenie do trhu pr\u00e1ce.<\/p>\n\n\n\n<p>V tomto \u010dl\u00e1nku presk\u00famame hlavn\u00e9 zdroje dostupn\u00e9 pre veter\u00e1nov a ako k nim z\u00edska\u0165 pr\u00edstup.<\/p>\n\n\n\n<h2 class=\"wp-block-heading\">\u010co s\u00fa programy pomoci pri prechode a pre\u010do s\u00fa d\u00f4le\u017eit\u00e9?<\/h2>\n\n\n\n<p>Programy prechodnej pomoci boli vytvoren\u00e9 s cie\u013eom pom\u00f4c\u0165 veter\u00e1nom prisp\u00f4sobi\u0165 sa civiln\u00e9mu \u017eivotu po odchode z vojenskej slu\u017eby.<\/p>\n\n\n\n<p>Poskytuj\u00fa finan\u010dn\u00fa, emocion\u00e1lnu a odborn\u00fa podporu, aby zabezpe\u010dili veter\u00e1nom pr\u00edstup k stabiln\u00e9mu a \u00faspe\u0161n\u00e9mu \u017eivotu mimo arm\u00e1dy.<\/p>\n\n\n\n<p>V\u00fdznam t\u00fdchto programov je obrovsk\u00fd, ke\u010f\u017ee mnoh\u00ed veter\u00e1ni maj\u00fa probl\u00e9m n\u00e1js\u0165 si zamestnanie, trpia posttraumatickou stresovou poruchou (PTSD) alebo sa pot\u00fdkaj\u00fa s probl\u00e9mami fyzick\u00e9ho zdravia.<\/p>\n\n\n\n<p>Okrem toho m\u00f4\u017ee by\u0165 soci\u00e1lna readapt\u00e1cia komplikovan\u00e1, preto\u017ee \u0161trukt\u00fara a rutina civiln\u00e9ho \u017eivota sa ve\u013emi l\u00ed\u0161ia od sk\u00fasenost\u00ed vo vojenskej slu\u017ebe.<\/p>\n\n\n\n<p>S\u00a0spr\u00e1vnou podporou m\u00f4\u017eu veter\u00e1ni prekona\u0165 tieto bari\u00e9ry a\u00a0vybudova\u0165 si nov\u00fa cestu k\u00a0\u00faspechu, \u010d\u00edm si zabezpe\u010dia nielen ekonomick\u00fa stabilitu, ale aj kvalitu \u017eivota a\u00a0emocion\u00e1lnu pohodu.<\/p>\n\n\n<div class=\"wp-block-image\">\n<figure class=\"aligncenter size-full\"><img loading=\"lazy\" decoding=\"async\" width=\"550\" height=\"350\" src=\"https:\/\/universofamilia.com\/wp-content\/uploads\/sites\/148\/2025\/03\/DESTAQUE-UNIVERSO-550-x-350-2.jpg\" alt=\"\" class=\"wp-image-8907\" srcset=\"https:\/\/universofamilia.com\/wp-content\/uploads\/sites\/148\/2025\/03\/DESTAQUE-UNIVERSO-550-x-350-2.jpg 550w, https:\/\/universofamilia.com\/wp-content\/uploads\/sites\/148\/2025\/03\/DESTAQUE-UNIVERSO-550-x-350-2-300x191.jpg 300w, https:\/\/universofamilia.com\/wp-content\/uploads\/sites\/148\/2025\/03\/DESTAQUE-UNIVERSO-550-x-350-2-18x12.jpg 18w\" sizes=\"(max-width: 550px) 100vw, 550px\" \/><figcaption class=\"wp-element-caption\">Prechodn\u00e1 pomoc<\/figcaption><\/figure><\/div>\n\n\n<h2 class=\"wp-block-heading\">Najlep\u0161ie zdroje, ktor\u00e9 pom\u00f4\u017eu veter\u00e1nom prisp\u00f4sobi\u0165 sa civiln\u00e9mu \u017eivotu<\/h2>\n\n\n\n<p>Existuje nieko\u013eko programov a organiz\u00e1ci\u00ed, ktor\u00e9 sa venuj\u00fa poskytovaniu \u0161pecifickej podpory veter\u00e1nom a pom\u00e1haj\u00fa im v r\u00f4znych aspektoch civiln\u00e9ho \u017eivota.<\/p>\n\n\n\n<h3 class=\"wp-block-heading\">Spojenie s ostatn\u00fdmi veter\u00e1nmi<\/h3>\n\n\n\n<p>Pre plynulej\u0161\u00ed prechod je nevyhnutn\u00e9 spoji\u0165 sa s ostatn\u00fdmi veter\u00e1nmi.<\/p>\n\n\n\n<p>Organiz\u00e1cie ako napr\u00edklad <strong>Americk\u00e1 l\u00e9gia<\/strong> y <strong>Veter\u00e1ni zahrani\u010dn\u00fdch vojen (VFW)<\/strong> Podporuj\u00fa podporn\u00e9 siete, spolo\u010densk\u00e9 podujatia a dobrovo\u013en\u00edcke pr\u00edle\u017eitosti.<\/p>\n\n\n\n<p>Tieto siete s\u00fa pre veter\u00e1nov k\u013e\u00fa\u010dov\u00e9 na zdie\u013eanie sk\u00fasenost\u00ed, n\u00e1jdenie emocion\u00e1lnej podpory a pocit, \u017ee s\u00fa s\u00fa\u010das\u0165ou komunity, ktor\u00e1 ch\u00e1pe ich v\u00fdzvy.<\/p>\n\n\n\n<h3 class=\"wp-block-heading\">Pohyb vpred<\/h3>\n\n\n\n<p><strong>Pohyb vpred<\/strong> je online program vyvinut\u00fd na pomoc veter\u00e1nom pri zvl\u00e1dan\u00ed ka\u017edodenn\u00fdch v\u00fdziev pomocou strat\u00e9gi\u00ed zalo\u017een\u00fdch na kognit\u00edvno-behavior\u00e1lnej terapii.<\/p>\n\n\n\n<p>Program u\u010d\u00ed techniky zvl\u00e1dania stresu, rie\u0161enia probl\u00e9mov a rozhodovania, \u010do pom\u00e1ha s adapt\u00e1ciou na civiln\u00fd \u017eivot.<\/p>\n\n\n\n<h3 class=\"wp-block-heading\">Prevencia samovr\u00e1\u017ed<\/h3>\n\n\n\n<p>Du\u0161evn\u00e9 zdravie veter\u00e1nov je prioritou. Organiz\u00e1cie ako <strong>Kr\u00edzov\u00e1 linka pre veter\u00e1nov<\/strong> Pon\u00fakaj\u00fa 24-hodinov\u00fa podporu pre veter\u00e1nov v kr\u00edze a zabezpe\u010duj\u00fa okam\u017eit\u00fa pomoc.<\/p>\n\n\n\n<p>Veter\u00e1ni maj\u00fa bohu\u017eia\u013e vy\u0161\u0161iu mieru samovr\u00e1\u017ed ako be\u017en\u00e1 popul\u00e1cia, tak\u017ee pr\u00edstup k slu\u017eb\u00e1m v oblasti du\u0161evn\u00e9ho zdravia a prevencie samovr\u00e1\u017ed je nevyhnutn\u00fd.<\/p>\n\n\n\n<h3 class=\"wp-block-heading\">Starostlivos\u0165 o traumatick\u00e9 poranenie mozgu (TBI)<\/h3>\n\n\n\n<p>Mnoho veter\u00e1nov trp\u00ed <strong>traumatick\u00e9 poranenie mozgu (TBI)<\/strong> v d\u00f4sledku vystavenia sa v\u00fdbuchom a zraneniam po\u010das vojenskej slu\u017eby.<\/p>\n\n\n\n<p>VA (Ministerstvo pre z\u00e1le\u017eitosti veter\u00e1nov) pon\u00faka \u0161pecializovan\u00e9 programy na lie\u010dbu a rehabilit\u00e1ciu po traumatickom poranen\u00ed mozgu (TBI), ktor\u00e9 pom\u00e1haj\u00fa veter\u00e1nom znovu z\u00edska\u0165 kognit\u00edvne a motorick\u00e9 funkcie.<\/p>\n\n\n\n<h2 class=\"wp-block-heading\">Ako m\u00f4\u017eem ako veter\u00e1n z\u00edska\u0165 pr\u00edstup k bezplatnej odbornej podpore a \u0161koleniu?<\/h2>\n\n\n\n<p>On <strong>Ministerstvo pre z\u00e1le\u017eitosti veter\u00e1nov USA (VA)<\/strong> pon\u00faka r\u00f4zne iniciat\u00edvy na pomoc veter\u00e1nom pri op\u00e4tovnom za\u010dle\u0148ovan\u00ed sa do trhu pr\u00e1ce.<\/p>\n\n\n    <section class=\"mx-1 my-10\">\n                                                <a href=\"https:\/\/www.mentalhealth.va.gov\/transitioning-service\/resources.asp\" class=\"text-white\" data-analytics-label=\"optionsButton\"\n                    data-action=\"analytics#trackCTA\">\n                    <div data-options-target=\"option\"\n                        class=\"custom-section rounded-xl border p-3 shadow-md w-full bg-green-700 my-3\">\n                        <div class=\"flex w-full items-center justify-between\">\n                            <div class=\"flex items-center space-x-3\">\n                                <div class=\"text-lg font-bold\">\n                                    Ministerstvo pre z\u00e1le\u017eitosti veter\u00e1nov USA (VA) \u279d\n                                <\/div>\n                            <\/div>\n                        <\/div>\n                    <\/div>\n                <\/a>\n                            <p class=\"text-xs text-gray-500 text-right\"\n            style=\"margin-left: 50%; margin-bottom: 50px; margin-top: 5px;\">\n            <!-- You will be redirected to another website -->\n        <\/p>\n    <\/section>\n\n\n\n\n<p class=\"has-text-align-center\"><em><strong><em><strong><em><strong><em><strong><em><strong><strong><em><strong><em><strong><em><strong><em><strong><em><strong><em><strong><em><strong><em><strong><em><strong><em><strong><strong><em><strong><em><strong><em><strong><em><strong><em><strong><em><strong><em><strong><em><strong><em><strong><em><strong><strong>Budete presmerovan\u00ed na in\u00fa str\u00e1nku<\/strong><\/strong><\/em><\/strong><\/em><\/strong><\/em><\/strong><\/em><\/strong><\/em><\/strong><\/em><\/strong><\/em><\/strong><\/em><\/strong><\/em><\/strong><\/em><\/strong><\/strong><\/em><\/strong><\/em><\/strong><\/em><\/strong><\/em><\/strong><\/em><\/strong><\/em><\/strong><\/em><\/strong><\/em><\/strong><\/em><\/strong><\/em><\/strong><\/strong><\/em><\/strong><\/em><\/strong><\/em><\/strong><\/em><\/strong><\/em><\/p>\n\n\n\n<hr class=\"wp-block-separator has-alpha-channel-opacity is-style-wide\" \/>\n\n\n\n<p><\/p>\n\n\n\n<h3 class=\"wp-block-heading\">Program odbornej rehabilit\u00e1cie (VR&amp;E)<\/h3>\n\n\n\n<p>Tento program poskytuje odborn\u00e9 vzdel\u00e1vanie, podporu pri h\u013eadan\u00ed zamestnania a pomoc veter\u00e1nom s vojensk\u00fdm postihnut\u00edm.<\/p>\n\n\n\n<p>Je to vynikaj\u00faca vo\u013eba pre t\u00fdch, ktor\u00ed si chc\u00fa osvoji\u0165 nov\u00e9 zru\u010dnosti a zabezpe\u010di\u0165 si finan\u010dn\u00fa stabilitu.<\/p>\n\n\n\n<p>Okrem toho VA pon\u00faka aj bezplatn\u00e9 kurzy v spolupr\u00e1ci s in\u0161tit\u00faciami vy\u0161\u0161ieho vzdel\u00e1vania, ktor\u00e9 umo\u017e\u0148uj\u00fa veter\u00e1nom z\u00edska\u0165 nov\u00e9 kvalifik\u00e1cie pre ich civiln\u00fa kari\u00e9ru.<\/p>\n\n\n    <section class=\"mx-1 my-10\">\n                                                <a href=\"https:\/\/www.va.gov\/health-care\/eligibility\/\" class=\"text-white\" data-analytics-label=\"optionsButton\"\n                    data-action=\"analytics#trackCTA\">\n                    <div data-options-target=\"option\"\n                        class=\"custom-section rounded-xl border p-3 shadow-md w-full bg-green-700 my-3\">\n                        <div class=\"flex w-full items-center justify-between\">\n                            <div class=\"flex items-center space-x-3\">\n                                <div class=\"text-lg font-bold\">\n                                    Program odbornej rehabilit\u00e1cie (VR&amp;E) \u279d\n                                <\/div>\n                            <\/div>\n                        <\/div>\n                    <\/div>\n                <\/a>\n                            <p class=\"text-xs text-gray-500 text-right\"\n            style=\"margin-left: 50%; margin-bottom: 50px; margin-top: 5px;\">\n            <!-- You will be redirected to another website -->\n        <\/p>\n    <\/section>\n\n\n\n\n<p class=\"has-text-align-center\"><em><strong><em><strong><em><strong><em><strong><em><strong><strong><em><strong><em><strong><em><strong><em><strong><em><strong><em><strong><em><strong><em><strong><em><strong><em><strong><strong><em><strong><em><strong><em><strong><em><strong><em><strong><em><strong><em><strong><em><strong><em><strong><em><strong><strong>Budete presmerovan\u00ed na in\u00fa str\u00e1nku<\/strong><\/strong><\/em><\/strong><\/em><\/strong><\/em><\/strong><\/em><\/strong><\/em><\/strong><\/em><\/strong><\/em><\/strong><\/em><\/strong><\/em><\/strong><\/em><\/strong><\/strong><\/em><\/strong><\/em><\/strong><\/em><\/strong><\/em><\/strong><\/em><\/strong><\/em><\/strong><\/em><\/strong><\/em><\/strong><\/em><\/strong><\/em><\/strong><\/strong><\/em><\/strong><\/em><\/strong><\/em><\/strong><\/em><\/strong><\/em><\/p>\n\n\n\n<hr class=\"wp-block-separator has-alpha-channel-opacity is-style-wide\" \/>\n\n\n\n<p><\/p>\n\n\n\n<h2 class=\"wp-block-heading\">Finan\u010dn\u00e9 pl\u00e1novanie a pomoc s b\u00fdvan\u00edm pre veter\u00e1nov v prechodnom obdob\u00ed<\/h2>\n\n\n\n<p>Finan\u010dn\u00e1 stabilita je jedn\u00fdm z najd\u00f4le\u017eitej\u0161\u00edch pilierov pri prechode do civiln\u00e9ho \u017eivota.<\/p>\n\n\n\n<p>Nieko\u013eko programov pon\u00faka finan\u010dn\u00fa a bytov\u00fa pomoc pre veter\u00e1nov:<\/p>\n\n\n\n<ul>\n<li><strong>V\u00fdhody b\u00fdvania pre VA<\/strong>VA pon\u00faka z\u00e1ruky na \u00favery, aby si veter\u00e1ni mohli k\u00fapi\u0165 domy za \u0161peci\u00e1lnych podmienok.<\/li>\n\n\n\n<li><strong>\u0160kolenie o finan\u010dnom vzdel\u00e1van\u00ed<\/strong>Organiz\u00e1cie ako USAA poskytuj\u00fa finan\u010dn\u00fa podporu, aby pomohli veter\u00e1nom lep\u0161ie spravova\u0165 svoje peniaze.<\/li>\n<\/ul>\n\n\n\n<h2 class=\"wp-block-heading\">Pr\u00edbehy \u00faspechu: Veter\u00e1ni prosperuj\u00fa po vyu\u017eit\u00ed slu\u017eieb TAP<\/h2>\n\n\n\n<p>On <strong>Program prechodnej pomoci (TAP)<\/strong> pomohol tis\u00edckam veter\u00e1nov dosiahnu\u0165 \u00faspech po vojenskej slu\u017ebe.<\/p>\n\n\n\n<p>Mnoh\u00fdm sa podarilo otvori\u0165 si vlastn\u00e9 firmy, dokon\u010di\u0165 univerzitn\u00e9 \u0161t\u00fadium a dosiahnu\u0165 v\u00fdznamn\u00e9 kari\u00e9ry v civilnom sektore.<\/p>\n\n\n\n<h2 class=\"wp-block-heading\">Programy pomoci pri prechode s\u00fa nevyhnutn\u00e9<\/h2>\n\n\n\n<p>Prechod do civiln\u00e9ho \u017eivota m\u00f4\u017ee by\u0165 n\u00e1ro\u010dn\u00fd, ale so spr\u00e1vnymi zdrojmi si veter\u00e1ni m\u00f4\u017eu vybudova\u0165 svetl\u00fa bud\u00facnos\u0165.<\/p>\n\n\n\n<p>Spr\u00e1vna podpora rob\u00ed ve\u013ek\u00fd rozdiel a zabezpe\u010duje, aby t\u00ed, ktor\u00ed sl\u00fa\u017eili na\u0161ej krajine, mali pomoc, ktor\u00fa potrebuj\u00fa na to, aby prosperovali.<\/p>\n\n\n\n<p>Ak ste veter\u00e1n alebo pozn\u00e1te niekoho, kto potrebuje pomoc, zistite si viac o t\u00fdchto programoch a pridajte sa k tejto podpornej sieti.<\/p>\n\n\n\n<h2 class=\"wp-block-heading\">Zdroje<\/h2>\n\n\n\n<ul>\n<li>Ministerstvo pre z\u00e1le\u017eitosti veter\u00e1nov USA (VA)<\/li>\n\n\n\n<li>Americk\u00e1 l\u00e9gia<\/li>\n\n\n\n<li>Kr\u00edzov\u00e1 linka pre veter\u00e1nov<\/li>\n\n\n\n<li>Program prechodnej pomoci (TAP)<\/li>\n\n\n\n<li>Finan\u010dn\u00e9 slu\u017eby USAA<\/li>\n<\/ul>\n\n\n\n<h2 class=\"wp-block-heading\"><strong>\u010casto kladen\u00e9 ot\u00e1zky o pomoci veter\u00e1nom v prechodnom obdob\u00ed<\/strong><\/h2>\n\n\n\n<h3 class=\"wp-block-heading\">\u010co je prechodn\u00e1 pomoc pre vojensk\u00fdch veter\u00e1nov?<\/h3>\n\n\n\n<p>Pomoc pri prechode je s\u00fabor programov a zdrojov ur\u010den\u00fdch na pomoc <strong>vojensk\u00ed veter\u00e1ni<\/strong> prisp\u00f4sobi\u0165 sa <strong>civiln\u00fd \u017eivot<\/strong> po jeho slu\u017ebe v ozbrojen\u00fdch sil\u00e1ch.<\/p>\n\n\n\n<p>Tieto programy zah\u0155\u0148aj\u00fa finan\u010dn\u00fa podporu, poradenstvo v oblasti du\u0161evn\u00e9ho zdravia, pracovn\u00e9 pr\u00edle\u017eitosti a odborn\u00e9 vzdel\u00e1vanie. Ich cie\u013eom je zabezpe\u010di\u0165 \u00faspe\u0161n\u00fa reintegr\u00e1ciu a minimalizova\u0165 v\u00fdzvy, ktor\u00fdm \u010delia veter\u00e1ni po prepusten\u00ed z vojenskej slu\u017eby.<\/p>\n\n\n\n<h3 class=\"wp-block-heading\">Ak\u00e9 s\u00fa hlavn\u00e9 v\u00fdhody pre veter\u00e1nov pri prechode do civiln\u00e9ho \u017eivota?<\/h3>\n\n\n\n<p>Str\u00e1nka <strong>v\u00fdhody pre veter\u00e1nov<\/strong> v prechodnom obdob\u00ed zah\u0155\u0148aj\u00fa pomoc pre <strong>h\u013eadanie pr\u00e1ce<\/strong>, pr\u00edstup k vy\u0161\u0161iemu vzdel\u00e1vaniu so \u0161tipendiami a dot\u00e1ciami, podpora v <strong>du\u0161evn\u00e9 zdravie<\/strong> na lie\u010dbu <strong>PTSD<\/strong> a in\u00e9 poruchy s\u00favisiace so slu\u017ebou, ako aj pr\u00edstup k programom <strong>odborn\u00e1 rehabilit\u00e1cia<\/strong> a finan\u010dn\u00fa pomoc na k\u00fapu b\u00fdvania.<\/p>\n\n\n\n<h3 class=\"wp-block-heading\">Ak\u00e9 programy pon\u00fakaj\u00fa podporu du\u0161evn\u00e9ho zdravia pre veter\u00e1nov?<\/h3>\n\n\n\n<p>Existuje nieko\u013eko iniciat\u00edv zameran\u00fdch na psychick\u00fa pohodu <strong>vojensk\u00ed veter\u00e1ni<\/strong>On <strong>Kr\u00edzov\u00e1 linka pre veter\u00e1nov<\/strong> poskytuje 24-hodinov\u00fa pomoc \u013eu\u010fom trpiacim emocion\u00e1lnymi kr\u00edzami alebo samovra\u017eedn\u00fdmi my\u0161lienkami.<\/p>\n\n\n\n<p>Existuj\u00fa aj programy ako <strong>Pohyb vpred<\/strong>, ktor\u00e1 pon\u00faka strat\u00e9gie zalo\u017een\u00e9 na kognit\u00edvno-behavior\u00e1lnej terapii na zvl\u00e1danie stresu a \u00fazkosti.<\/p>\n\n\n\n<p>Okrem toho Ministerstvo pre z\u00e1le\u017eitosti veter\u00e1nov poskytuje lie\u010dbu pre <strong>posttraumatick\u00e1 stresov\u00e1 porucha (PTSD)<\/strong> a <strong>traumatick\u00e9 poranenie mozgu (TBI)<\/strong>.<\/p>\n\n\n\n<h3 class=\"wp-block-heading\">Ako m\u00f4\u017ee veter\u00e1n z\u00edska\u0165 pr\u00edstup k programom odbornej rehabilit\u00e1cie?<\/h3>\n\n\n\n<p>On <strong>Program odbornej rehabilit\u00e1cie (VR&amp;E)<\/strong> z Ministerstva pre z\u00e1le\u017eitosti veter\u00e1nov je vynikaj\u00facou vo\u013ebou pre t\u00fdch, ktor\u00ed h\u013eadaj\u00fa bezplatn\u00e9 odborn\u00e9 \u0161kolenie.<\/p>\n\n\n\n<p>Tento program pom\u00e1ha <strong>vojensk\u00ed veter\u00e1ni<\/strong> so zdravotn\u00fdm postihnut\u00edm s\u00favisiacim so slu\u017ebami, aby z\u00edskali technick\u00e9 \u0161kolenie, vzdel\u00e1vaciu podporu a poradenstvo pri h\u013eadan\u00ed zamestnania.<\/p>\n\n\n\n<p>Z\u00e1ujemcovia sa m\u00f4\u017eu zaregistrova\u0165 prostredn\u00edctvom ofici\u00e1lneho port\u00e1lu <strong>GOES<\/strong> alebo nav\u0161t\u00edvte centrum starostlivosti o veter\u00e1nov.<\/p>\n\n\n\n<h3 class=\"wp-block-heading\">Ak\u00fd druh pomoci s b\u00fdvan\u00edm je k dispoz\u00edcii pre veter\u00e1nov?<\/h3>\n\n\n\n<p>Str\u00e1nka <strong>vojensk\u00ed veter\u00e1ni<\/strong> m\u00f4\u017ee z\u00edska\u0165 pr\u00edstup k \u00faverom garantovan\u00fdm <strong>GOES<\/strong> na k\u00fapu b\u00fdvania s n\u00edzkymi \u00farokov\u00fdmi sadzbami a bez akont\u00e1cie.<\/p>\n\n\n\n<p>Existuj\u00fa aj granty pre veter\u00e1nov so zdravotn\u00fdm postihnut\u00edm, ktor\u00ed potrebuj\u00fa \u00fapravy domov. Okrem toho existuj\u00fa organiz\u00e1cie, ktor\u00e9 pon\u00fakaj\u00fa pomoc s pren\u00e1jmom a podporu pre <strong>bezdomovci veter\u00e1ni<\/strong>.<\/p>\n\n\n\n<h3 class=\"wp-block-heading\">Ako si m\u00f4\u017ee veter\u00e1n zlep\u0161i\u0165 finan\u010dn\u00fa stabilitu po vojenskej slu\u017ebe?<\/h3>\n\n\n\n<p>Finan\u010dn\u00e1 stabilita je k\u013e\u00fa\u010dov\u00e1 v <strong>prechod do civiln\u00e9ho \u017eivota<\/strong>Existuj\u00fa programy <strong>finan\u010dn\u00e9 vzdel\u00e1vanie<\/strong> ako napr\u00edklad tie, ktor\u00e9 poskytuje USAA a ktor\u00e9 u\u010dia \u0161tudentov <strong>vojensk\u00ed veter\u00e1ni<\/strong> o spr\u00e1ve pe\u0148az\u00ed, investovan\u00ed a pl\u00e1novan\u00ed d\u00f4chodku.<\/p>\n\n\n\n<p>Okrem toho vl\u00e1dne a s\u00fakromn\u00e9 organiz\u00e1cie pon\u00fakaj\u00fa pomoc pri spr\u00e1ve d\u00e1vok a maximaliz\u00e1cii finan\u010dn\u00fdch zdrojov.<\/p>\n\n\n\n<h3 class=\"wp-block-heading\">Pre\u010do je d\u00f4le\u017eit\u00e9, aby sa veter\u00e1ni zap\u00e1jali do podporn\u00fdch siet\u00ed?<\/h3>\n\n\n\n<p>Spojte sa s ostatn\u00fdmi <strong>vojensk\u00ed veter\u00e1ni<\/strong> je nevyhnutn\u00fd pre \u00faspe\u0161n\u00fa reintegr\u00e1ciu.<\/p>\n\n\n\n<p>Organiz\u00e1cie ako napr\u00edklad <strong>Americk\u00e1 l\u00e9gia<\/strong> y <strong>Veter\u00e1ni zahrani\u010dn\u00fdch vojen (VFW)<\/strong> Zabezpe\u010duj\u00fa podujatia, poradenstvo a dobrovo\u013en\u00edcke pr\u00edle\u017eitosti, \u010do umo\u017e\u0148uje veter\u00e1nom zdie\u013ea\u0165 sk\u00fasenosti, z\u00edska\u0165 emocion\u00e1lnu podporu a n\u00e1js\u0165 si pracovn\u00e9 pr\u00edle\u017eitosti.<\/p>\n\n\n\n<p>By\u0165 s\u00fa\u010das\u0165ou komunity pom\u00e1ha zni\u017eova\u0165 pocity izol\u00e1cie a podporuje pocit spolupatri\u010dnosti.<\/p>","protected":false},"excerpt":{"rendered":"<p>La transici\u00f3n de la vida militar a la vida civil puede ser un desaf\u00edo para muchos veteranos. Afortunadamente, existen varios programas de apoyo que ayudan en este proceso, ofreciendo desde apoyo emocional hasta entrenamientos para la reinserci\u00f3n en el mercado laboral. En este art\u00edculo, exploramos los principales recursos disponibles para los veteranos y c\u00f3mo acceder [&hellip;]<\/p>","protected":false},"author":139,"featured_media":8907,"comment_status":"closed","ping_status":"open","sticky":false,"template":"","format":"standard","meta":{"footnotes":""},"categories":[5],"tags":[1983,1984,1982,1981,1980],"yoast_head":"<!-- This site is optimized with the Yoast SEO plugin v23.3 - https:\/\/yoast.com\/wordpress\/plugins\/seo\/ -->\n<title>Asistencia de Transici\u00f3n: Programas de Apoyo a Veteranos en la Vida Civil - Universo Fam\u00edlia<\/title>\n<meta name=\"description\" content=\"Asistencia de Transici\u00f3n. La transici\u00f3n de la vida militar a la vida civil puede ser un desaf\u00edo para muchos veteranos.\" \/>\n<meta name=\"robots\" content=\"index, follow, max-snippet:-1, max-image-preview:large, max-video-preview:-1\" \/>\n<link rel=\"canonical\" href=\"http:\/\/universofamilia.com\/sk\/asistencia-de-transicion\/\" \/>\n<meta property=\"og:locale\" content=\"sk_SK\" \/>\n<meta property=\"og:type\" content=\"article\" \/>\n<meta property=\"og:title\" content=\"Asistencia de Transici\u00f3n: Programas de Apoyo a Veteranos en la Vida Civil - Universo Fam\u00edlia\" \/>\n<meta property=\"og:description\" content=\"Asistencia de Transici\u00f3n. La transici\u00f3n de la vida militar a la vida civil puede ser un desaf\u00edo para muchos veteranos.\" \/>\n<meta property=\"og:url\" content=\"http:\/\/universofamilia.com\/sk\/asistencia-de-transicion\/\" \/>\n<meta property=\"og:site_name\" content=\"Universo Fam\u00edlia\" \/>\n<meta property=\"article:published_time\" content=\"2025-03-05T20:35:12+00:00\" \/>\n<meta property=\"article:modified_time\" content=\"2025-03-05T20:36:20+00:00\" \/>\n<meta property=\"og:image\" content=\"http:\/\/universofamilia.com\/wp-content\/uploads\/sites\/148\/2025\/03\/DESTAQUE-UNIVERSO-550-x-350-2.jpg\" \/>\n\t<meta property=\"og:image:width\" content=\"550\" \/>\n\t<meta property=\"og:image:height\" content=\"350\" \/>\n\t<meta property=\"og:image:type\" content=\"image\/jpeg\" \/>\n<meta name=\"author\" content=\"Pedro Henrique\" \/>\n<meta name=\"twitter:card\" content=\"summary_large_image\" \/>\n<meta name=\"twitter:label1\" content=\"Written by\" \/>\n\t<meta name=\"twitter:data1\" content=\"Pedro Henrique\" \/>\n\t<meta name=\"twitter:label2\" content=\"Est. reading time\" \/>\n\t<meta name=\"twitter:data2\" content=\"8 min\u00fat\" \/>\n<script type=\"application\/ld+json\" class=\"yoast-schema-graph\">{\"@context\":\"https:\/\/schema.org\",\"@graph\":[{\"@type\":\"WebPage\",\"@id\":\"http:\/\/universofamilia.com\/sk\/asistencia-de-transicion\/\",\"url\":\"http:\/\/universofamilia.com\/sk\/asistencia-de-transicion\/\",\"name\":\"Asistencia de Transici\u00f3n: Programas de Apoyo a Veteranos en la Vida Civil - Universo Fam\u00edlia\",\"isPartOf\":{\"@id\":\"https:\/\/universofamilia.com\/el\/#website\"},\"primaryImageOfPage\":{\"@id\":\"http:\/\/universofamilia.com\/sk\/asistencia-de-transicion\/#primaryimage\"},\"image\":{\"@id\":\"http:\/\/universofamilia.com\/sk\/asistencia-de-transicion\/#primaryimage\"},\"thumbnailUrl\":\"https:\/\/universofamilia.com\/wp-content\/uploads\/sites\/148\/2025\/03\/DESTAQUE-UNIVERSO-550-x-350-2.jpg\",\"datePublished\":\"2025-03-05T20:35:12+00:00\",\"dateModified\":\"2025-03-05T20:36:20+00:00\",\"author\":{\"@id\":\"https:\/\/universofamilia.com\/el\/#\/schema\/person\/f07ce98187dd84d31154262e79b3b7ca\"},\"description\":\"Asistencia de Transici\u00f3n. La transici\u00f3n de la vida militar a la vida civil puede ser un desaf\u00edo para muchos veteranos.\",\"breadcrumb\":{\"@id\":\"http:\/\/universofamilia.com\/sk\/asistencia-de-transicion\/#breadcrumb\"},\"inLanguage\":\"sk-SK\",\"potentialAction\":[{\"@type\":\"ReadAction\",\"target\":[\"http:\/\/universofamilia.com\/sk\/asistencia-de-transicion\/\"]}]},{\"@type\":\"ImageObject\",\"inLanguage\":\"sk-SK\",\"@id\":\"http:\/\/universofamilia.com\/sk\/asistencia-de-transicion\/#primaryimage\",\"url\":\"https:\/\/universofamilia.com\/wp-content\/uploads\/sites\/148\/2025\/03\/DESTAQUE-UNIVERSO-550-x-350-2.jpg\",\"contentUrl\":\"https:\/\/universofamilia.com\/wp-content\/uploads\/sites\/148\/2025\/03\/DESTAQUE-UNIVERSO-550-x-350-2.jpg\",\"width\":550,\"height\":350,\"caption\":\"Asistencia de Transici\u00f3n\"},{\"@type\":\"BreadcrumbList\",\"@id\":\"http:\/\/universofamilia.com\/sk\/asistencia-de-transicion\/#breadcrumb\",\"itemListElement\":[{\"@type\":\"ListItem\",\"position\":1,\"name\":\"Home\",\"item\":\"https:\/\/universofamilia.com\/el\/\"},{\"@type\":\"ListItem\",\"position\":2,\"name\":\"Asistencia de Transici\u00f3n: Programas de Apoyo a Veteranos en la Vida Civil\"}]},{\"@type\":\"WebSite\",\"@id\":\"https:\/\/universofamilia.com\/el\/#website\",\"url\":\"https:\/\/universofamilia.com\/el\/\",\"name\":\"Universo Fam\u00edlia\",\"description\":\"\",\"potentialAction\":[{\"@type\":\"SearchAction\",\"target\":{\"@type\":\"EntryPoint\",\"urlTemplate\":\"https:\/\/universofamilia.com\/el\/?s={search_term_string}\"},\"query-input\":\"required name=search_term_string\"}],\"inLanguage\":\"sk-SK\"},{\"@type\":\"Person\",\"@id\":\"https:\/\/universofamilia.com\/el\/#\/schema\/person\/f07ce98187dd84d31154262e79b3b7ca\",\"name\":\"Pedro Henrique\",\"image\":{\"@type\":\"ImageObject\",\"inLanguage\":\"sk-SK\",\"@id\":\"https:\/\/universofamilia.com\/el\/#\/schema\/person\/image\/\",\"url\":\"https:\/\/secure.gravatar.com\/avatar\/9edfeb808cb4e1599f64d6e45b130154?s=96&d=mm&r=g\",\"contentUrl\":\"https:\/\/secure.gravatar.com\/avatar\/9edfeb808cb4e1599f64d6e45b130154?s=96&d=mm&r=g\",\"caption\":\"Pedro Henrique\"},\"url\":\"https:\/\/universofamilia.com\/sk\/author\/editor01\/\"}]}<\/script>\n<!-- \/ Yoast SEO plugin. -->","yoast_head_json":{"title":"Asistencia de Transici\u00f3n: Programas de Apoyo a Veteranos en la Vida Civil - Universo Fam\u00edlia","description":"Asistencia de Transici\u00f3n. La transici\u00f3n de la vida militar a la vida civil puede ser un desaf\u00edo para muchos veteranos.","robots":{"index":"index","follow":"follow","max-snippet":"max-snippet:-1","max-image-preview":"max-image-preview:large","max-video-preview":"max-video-preview:-1"},"canonical":"http:\/\/universofamilia.com\/sk\/asistencia-de-transicion\/","og_locale":"sk_SK","og_type":"article","og_title":"Asistencia de Transici\u00f3n: Programas de Apoyo a Veteranos en la Vida Civil - Universo Fam\u00edlia","og_description":"Asistencia de Transici\u00f3n. La transici\u00f3n de la vida militar a la vida civil puede ser un desaf\u00edo para muchos veteranos.","og_url":"http:\/\/universofamilia.com\/sk\/asistencia-de-transicion\/","og_site_name":"Universo Fam\u00edlia","article_published_time":"2025-03-05T20:35:12+00:00","article_modified_time":"2025-03-05T20:36:20+00:00","og_image":[{"width":550,"height":350,"url":"http:\/\/universofamilia.com\/wp-content\/uploads\/sites\/148\/2025\/03\/DESTAQUE-UNIVERSO-550-x-350-2.jpg","type":"image\/jpeg"}],"author":"Pedro Henrique","twitter_card":"summary_large_image","twitter_misc":{"Written by":"Pedro Henrique","Est. reading time":"8 min\u00fat"},"schema":{"@context":"https:\/\/schema.org","@graph":[{"@type":"WebPage","@id":"http:\/\/universofamilia.com\/sk\/asistencia-de-transicion\/","url":"http:\/\/universofamilia.com\/sk\/asistencia-de-transicion\/","name":"Asistencia de Transici\u00f3n: Programas de Apoyo a Veteranos en la Vida Civil - Universo Fam\u00edlia","isPartOf":{"@id":"https:\/\/universofamilia.com\/el\/#website"},"primaryImageOfPage":{"@id":"http:\/\/universofamilia.com\/sk\/asistencia-de-transicion\/#primaryimage"},"image":{"@id":"http:\/\/universofamilia.com\/sk\/asistencia-de-transicion\/#primaryimage"},"thumbnailUrl":"https:\/\/universofamilia.com\/wp-content\/uploads\/sites\/148\/2025\/03\/DESTAQUE-UNIVERSO-550-x-350-2.jpg","datePublished":"2025-03-05T20:35:12+00:00","dateModified":"2025-03-05T20:36:20+00:00","author":{"@id":"https:\/\/universofamilia.com\/el\/#\/schema\/person\/f07ce98187dd84d31154262e79b3b7ca"},"description":"Asistencia de Transici\u00f3n. La transici\u00f3n de la vida militar a la vida civil puede ser un desaf\u00edo para muchos veteranos.","breadcrumb":{"@id":"http:\/\/universofamilia.com\/sk\/asistencia-de-transicion\/#breadcrumb"},"inLanguage":"sk-SK","potentialAction":[{"@type":"ReadAction","target":["http:\/\/universofamilia.com\/sk\/asistencia-de-transicion\/"]}]},{"@type":"ImageObject","inLanguage":"sk-SK","@id":"http:\/\/universofamilia.com\/sk\/asistencia-de-transicion\/#primaryimage","url":"https:\/\/universofamilia.com\/wp-content\/uploads\/sites\/148\/2025\/03\/DESTAQUE-UNIVERSO-550-x-350-2.jpg","contentUrl":"https:\/\/universofamilia.com\/wp-content\/uploads\/sites\/148\/2025\/03\/DESTAQUE-UNIVERSO-550-x-350-2.jpg","width":550,"height":350,"caption":"Asistencia de Transici\u00f3n"},{"@type":"BreadcrumbList","@id":"http:\/\/universofamilia.com\/sk\/asistencia-de-transicion\/#breadcrumb","itemListElement":[{"@type":"ListItem","position":1,"name":"Home","item":"https:\/\/universofamilia.com\/el\/"},{"@type":"ListItem","position":2,"name":"Asistencia de Transici\u00f3n: Programas de Apoyo a Veteranos en la Vida Civil"}]},{"@type":"WebSite","@id":"https:\/\/universofamilia.com\/el\/#website","url":"https:\/\/universofamilia.com\/el\/","name":"Universo Fam\u00edlia","description":"","potentialAction":[{"@type":"SearchAction","target":{"@type":"EntryPoint","urlTemplate":"https:\/\/universofamilia.com\/el\/?s={search_term_string}"},"query-input":"required name=search_term_string"}],"inLanguage":"sk-SK"},{"@type":"Person","@id":"https:\/\/universofamilia.com\/el\/#\/schema\/person\/f07ce98187dd84d31154262e79b3b7ca","name":"Pedro Henrique","image":{"@type":"ImageObject","inLanguage":"sk-SK","@id":"https:\/\/universofamilia.com\/el\/#\/schema\/person\/image\/","url":"https:\/\/secure.gravatar.com\/avatar\/9edfeb808cb4e1599f64d6e45b130154?s=96&d=mm&r=g","contentUrl":"https:\/\/secure.gravatar.com\/avatar\/9edfeb808cb4e1599f64d6e45b130154?s=96&d=mm&r=g","caption":"Pedro Henrique"},"url":"https:\/\/universofamilia.com\/sk\/author\/editor01\/"}]}},"_links":{"self":[{"href":"https:\/\/universofamilia.com\/sk\/wp-json\/wp\/v2\/posts\/8905"}],"collection":[{"href":"https:\/\/universofamilia.com\/sk\/wp-json\/wp\/v2\/posts"}],"about":[{"href":"https:\/\/universofamilia.com\/sk\/wp-json\/wp\/v2\/types\/post"}],"author":[{"embeddable":true,"href":"https:\/\/universofamilia.com\/sk\/wp-json\/wp\/v2\/users\/139"}],"replies":[{"embeddable":true,"href":"https:\/\/universofamilia.com\/sk\/wp-json\/wp\/v2\/comments?post=8905"}],"version-history":[{"count":3,"href":"https:\/\/universofamilia.com\/sk\/wp-json\/wp\/v2\/posts\/8905\/revisions"}],"predecessor-version":[{"id":8910,"href":"https:\/\/universofamilia.com\/sk\/wp-json\/wp\/v2\/posts\/8905\/revisions\/8910"}],"wp:featuredmedia":[{"embeddable":true,"href":"https:\/\/universofamilia.com\/sk\/wp-json\/wp\/v2\/media\/8907"}],"wp:attachment":[{"href":"https:\/\/universofamilia.com\/sk\/wp-json\/wp\/v2\/media?parent=8905"}],"wp:term":[{"taxonomy":"category","embeddable":true,"href":"https:\/\/universofamilia.com\/sk\/wp-json\/wp\/v2\/categories?post=8905"},{"taxonomy":"post_tag","embeddable":true,"href":"https:\/\/universofamilia.com\/sk\/wp-json\/wp\/v2\/tags?post=8905"}],"curies":[{"name":"wp","href":"https:\/\/api.w.org\/{rel}","templated":true}]}}