{"id":9386,"date":"2025-04-25T18:26:46","date_gmt":"2025-04-25T18:26:46","guid":{"rendered":"https:\/\/universofamilia.com\/?p=9386"},"modified":"2025-04-25T18:26:47","modified_gmt":"2025-04-25T18:26:47","slug":"descubre-quien-te-observa-en-las-redes-sociales","status":"publish","type":"post","link":"https:\/\/universofamilia.com\/sk\/zistite-kto-vas-sleduje-na-socialnych-sietach\/","title":{"rendered":"Zistite, kto v\u00e1s sleduje na soci\u00e1lnych sie\u0165ach"},"content":{"rendered":"<h4 class=\"wp-block-heading has-text-align-center\">Budete prekvapen\u00ed <strong>vedie\u0165, kto si prezer\u00e1 v\u00e1\u0161 profil<\/strong>!<\/h4>\n\n\n\n<p><\/p>\n\n\n\n<h5 class=\"wp-block-heading has-text-align-center\"><strong><mark class=\"has-inline-color has-vivid-cyan-blue-color\">Vyberte si jednu z mo\u017enost\u00ed!<\/mark><\/strong><\/h5>\n\n\n    <section class=\"mx-1 my-10\">\n                                                <a href=\"https:\/\/universofamilia.com\/sk\/quien-ve-tu-perfil-en-secreto\/\" class=\"text-white\" data-analytics-label=\"optionsButton\"\n                    data-action=\"analytics#trackCTA\">\n                    <div data-options-target=\"option\"\n                        class=\"custom-section rounded-xl border p-3 shadow-md w-full bg-green-700 my-3\">\n                        <div class=\"flex w-full items-center justify-between\">\n                            <div class=\"flex items-center space-x-3\">\n                                <div class=\"text-lg font-bold\">\n                                    Viem, kto nav\u0161tevuje m\u00f4j profil?  \u279d\n                                <\/div>\n                            <\/div>\n                        <\/div>\n                    <\/div>\n                <\/a>\n                                                            <a href=\"https:\/\/universofamilia.com\/sk\/google-messages-chrani-vasu-rodinu-touto-vykonnou-aplikaciou\/\" class=\"text-white\" data-analytics-label=\"optionsButton\"\n                    data-action=\"analytics#trackCTA\">\n                    <div data-options-target=\"option\"\n                        class=\"custom-section rounded-xl border p-3 shadow-md w-full bg-green-700 my-3\">\n                        <div class=\"flex w-full items-center justify-between\">\n                            <div class=\"flex items-center space-x-3\">\n                                <div class=\"text-lg font-bold\">\n                                    Monitorovanie rodinn\u00fdch rozhovorov \u279d\n                                <\/div>\n                            <\/div>\n                        <\/div>\n                    <\/div>\n                <\/a>\n                                                            <a href=\"https:\/\/universofamilia.com\/sk\/localizar-cualquier-celular\/\" class=\"text-white\" data-analytics-label=\"optionsButton\"\n                    data-action=\"analytics#trackCTA\">\n                    <div data-options-target=\"option\"\n                        class=\"custom-section rounded-xl border p-3 shadow-md w-full bg-green-700 my-3\">\n                        <div class=\"flex w-full items-center justify-between\">\n                            <div class=\"flex items-center space-x-3\">\n                                <div class=\"text-lg font-bold\">\n                                    N\u00e1jdite ak\u00fdko\u013evek mobil \u279d\n                                <\/div>\n                            <\/div>\n                        <\/div>\n                    <\/div>\n                <\/a>\n                            <p class=\"text-xs text-gray-500 text-right hidden\"\n            style=\"margin-left: 50%; margin-bottom: 50px; margin-top: 5px;\">\n            <!-- You will be redirected to another website -->\n        <\/p>\n    <\/section>\n\n\n\n\n<p><\/p>\n\n\n\n<p><strong>Zistite, kto v\u00e1s sleduje na soci\u00e1lnych sie\u0165ach, pomocou t\u00fdchto aplik\u00e1ci\u00ed.<\/strong>.<\/p>\n\n\n\n<p>Mnoh\u00ed z n\u00e1s sa \u010duduj\u00fa, <a href=\"https:\/\/universofamilia.com\/sk\/quien-ve-tu-perfil-en-secreto\/\">Kto uvid\u00ed moje pr\u00edspevky, fotografie alebo pr\u00edbehy?<\/a> Dnes v\u00e1m prin\u00e1\u0161ame perfektn\u00e9 rie\u0161enie, ktor\u00e9 v\u00e1m pom\u00f4\u017ee vyvr\u00e1ti\u0165 ak\u00e9ko\u013evek pochybnosti.<\/p>\n\n\n\n<p>Pomocou nieko\u013ek\u00fdch spo\u013eahliv\u00fdch aplik\u00e1ci\u00ed m\u00f4\u017eete sledova\u0165, kto interaguje s va\u0161\u00edm obsahom, aj ke\u010f je tich\u00fd. Je to jednoduch\u0161ie, ne\u017e si mysl\u00ed\u0161!<\/p>\n\n\n\n<p>V tomto \u010dl\u00e1nku sa dozviete o najlep\u0161\u00edch dostupn\u00fdch mo\u017enostiach, ich k\u013e\u00fa\u010dov\u00fdch funkci\u00e1ch a o tom, ako v\u00e1m m\u00f4\u017eu pom\u00f4c\u0165 chr\u00e1ni\u0165 va\u0161e s\u00fakromie.<\/p>\n\n\n\n<p>\u010c\u00edtajte \u010falej a <a href=\"https:\/\/universofamilia.com\/sk\/quien-ve-tu-perfil-en-secreto\/\">Pripravte sa na inform\u00e1cie, ktor\u00e9 v\u00e1s mo\u017eno prekvapia!<\/a><\/p>\n\n\n\n<h2 class=\"wp-block-heading\">Pre\u010do by si mal vedie\u0165, kto \u0165a sleduje?<\/h2>\n\n\n\n<p>Vedie\u0165, kto nav\u0161tevuje v\u00e1\u0161 profil, nie je len zo zvedavosti. Existuj\u00fa d\u00f4le\u017eit\u00e9 d\u00f4vody, ktor\u00e9 by ste mali zv\u00e1\u017ei\u0165:<\/p>\n\n\n\n<ul>\n<li><strong>Ochrana s\u00fakromia<\/strong>: Zabra\u0148uje nechcen\u00e9mu pr\u00edstupu.<\/li>\n\n\n\n<li><strong>Ovl\u00e1dajte svoje publikum<\/strong>Zistite, ak\u00ed \u013eudia v\u00e1s sleduj\u00fa.<\/li>\n\n\n\n<li><strong>Prevencia riz\u00edk<\/strong>V\u010das identifikujte podozriv\u00e9 spr\u00e1vanie.<\/li>\n<\/ul>\n\n\n\n<p>Vedie\u0165, kto m\u00e1 z\u00e1ujem o v\u00e1\u0161 profil, m\u00f4\u017ee ma\u0165 z\u00e1sadn\u00fd vplyv na v\u00e1\u0161 online z\u00e1\u017eitok.<\/p>\n\n\n\n<p><\/p>\n\n\n\n<hr class=\"wp-block-separator has-alpha-channel-opacity is-style-wide\" \/>\n\n\n\n<h4 class=\"wp-block-heading has-text-align-center\"><strong><mark class=\"has-inline-color has-luminous-vivid-orange-color\">Pre\u010d\u00edtajte si tie\u017e<\/mark><\/strong><\/h4>\n\n\n    <section class=\"mx-1 my-10\">\n                                                <a href=\"https:\/\/universofamilia.com\/sk\/azijske-lp-filmy\/\" class=\"text-white\" data-analytics-label=\"optionsButton\"\n                    data-action=\"analytics#trackCTA\">\n                    <div data-options-target=\"option\"\n                        class=\"custom-section rounded-xl border p-3 shadow-md w-full bg-green-700 my-3\">\n                        <div class=\"flex w-full items-center justify-between\">\n                            <div class=\"flex items-center space-x-3\">\n                                <div class=\"text-lg font-bold\">\n                                    Aplik\u00e1cia na sledovanie k\u00f3rejsk\u00fdch dr\u00e1m \u279d\n                                <\/div>\n                            <\/div>\n                        <\/div>\n                    <\/div>\n                <\/a>\n                                                            <a href=\"https:\/\/universofamilia.com\/sk\/lp-recuperar-fotos\/\" class=\"text-white\" data-analytics-label=\"optionsButton\"\n                    data-action=\"analytics#trackCTA\">\n                    <div data-options-target=\"option\"\n                        class=\"custom-section rounded-xl border p-3 shadow-md w-full bg-green-700 my-3\">\n                        <div class=\"flex w-full items-center justify-between\">\n                            <div class=\"flex items-center space-x-3\">\n                                <div class=\"text-lg font-bold\">\n                                    Obnovte vymazan\u00e9 fotografie pomocou tejto aplik\u00e1cie!  \u279d\n                                <\/div>\n                            <\/div>\n                        <\/div>\n                    <\/div>\n                <\/a>\n                                                            <a href=\"https:\/\/universofamilia.com\/sk\/laska-na-jedno-kliknutie\/\" class=\"text-white\" data-analytics-label=\"optionsButton\"\n                    data-action=\"analytics#trackCTA\">\n                    <div data-options-target=\"option\"\n                        class=\"custom-section rounded-xl border p-3 shadow-md w-full bg-green-700 my-3\">\n                        <div class=\"flex w-full items-center justify-between\">\n                            <div class=\"flex items-center space-x-3\">\n                                <div class=\"text-lg font-bold\">\n                                    Objavte zoznamovaciu aplik\u00e1ciu, ktor\u00e1 je pre v\u00e1s t\u00e1 prav\u00e1 \u279d\n                                <\/div>\n                            <\/div>\n                        <\/div>\n                    <\/div>\n                <\/a>\n                            <p class=\"text-xs text-gray-500 text-right hidden\"\n            style=\"margin-left: 50%; margin-bottom: 50px; margin-top: 5px;\">\n            <!-- You will be redirected to another website -->\n        <\/p>\n    <\/section>\n\n\n\n\n<p class=\"has-text-align-right\"><em><strong><em><strong><em><strong><em><strong><em><strong>Zostane na rovnakom mieste!<\/strong><\/em><\/strong><\/em><\/strong><\/em><\/strong><\/em><\/strong><\/em><\/p>\n\n\n\n<hr class=\"wp-block-separator has-alpha-channel-opacity is-style-wide\" \/>\n\n\n\n<p><\/p>\n\n\n\n<h3 class=\"wp-block-heading\">Pravdiv\u00e9 pr\u00edbehy, ktor\u00e9 in\u0161piruj\u00fa<\/h3>\n\n\n\n<p>V\u010faka t\u00fdmto aplik\u00e1ci\u00e1m objavilo mnoho pou\u017e\u00edvate\u013eov skryt\u00e9 priate\u013estv\u00e1 alebo sa dokonca vyhli nepr\u00edjemn\u00fdm situ\u00e1ci\u00e1m.<\/p>\n\n\n\n<p>Viete si predstavi\u0165, \u017ee by ste dostali ozn\u00e1menie, \u017ee v\u00e1\u0161 b\u00fdval\u00fd partner si denne kontroluje va\u0161e fotografie? S t\u00fdmito n\u00e1strojmi to bude mo\u017en\u00e9!<\/p>\n\n\n\n<h2 class=\"wp-block-heading\">Ako funguj\u00fa aplik\u00e1cie na objavovanie pozorovate\u013eov<\/h2>\n\n\n\n<p>Tieto aplik\u00e1cie analyzuj\u00fa nieko\u013eko faktorov na va\u0161ich soci\u00e1lnych sie\u0165ach:<\/p>\n\n\n\n<ul>\n<li>Zobrazenia pr\u00edbehu<\/li>\n\n\n\n<li>\u010casto kladen\u00e9 ot\u00e1zky a reakcie<\/li>\n\n\n\n<li>Ned\u00e1vne n\u00e1v\u0161tevy v\u00e1\u0161ho profilu<\/li>\n\n\n\n<li>Opakovan\u00e9 lajky star\u00fdch pr\u00edspevkov<\/li>\n<\/ul>\n\n\n\n<p>Kombin\u00e1ciou t\u00fdchto inform\u00e1ci\u00ed generuj\u00fa podrobn\u00e9 spr\u00e1vy, ktor\u00e9 v\u00e1m umo\u017e\u0148uj\u00fa identifikova\u0165 va\u0161ich pozorovate\u013eov.<\/p>\n\n\n\n<h3 class=\"wp-block-heading\">V\u00fdhody pou\u017e\u00edvania spo\u013eahliv\u00fdch aplik\u00e1ci\u00ed<\/h3>\n\n\n\n<ul>\n<li>Bezpe\u010dn\u00e9 a presn\u00e9 inform\u00e1cie<\/li>\n\n\n\n<li>\u00dadaje aktualizovan\u00e9 v re\u00e1lnom \u010dase<\/li>\n\n\n\n<li>\u010eal\u0161ie n\u00e1stroje na anal\u00fdzu publika<\/li>\n<\/ul>\n\n\n\n<p>V\u017edy je d\u00f4le\u017eit\u00e9 vybra\u0165 si d\u00f4veryhodn\u00e9 aplik\u00e1cie, aby ste sa vyhli bezpe\u010dnostn\u00fdm rizik\u00e1m.<\/p>\n\n\n\n<h2 class=\"wp-block-heading\">Najlep\u0161ie aplik\u00e1cie na zistenie, kto v\u00e1s sleduje<\/h2>\n\n\n\n<p>Tu s\u00fa tri spo\u013eahliv\u00e9 aplik\u00e1cie, ktor\u00e9 si m\u00f4\u017eete nain\u0161talova\u0165 e\u0161te dnes:<\/p>\n\n\n\n<h3 class=\"wp-block-heading\">1. InStalker \u2013 Kto ma sleduje<\/h3>\n\n\n\n<p><a href=\"https:\/\/apkpure.com\/br\/in-stalker-profile-tracker\/com.app.followersfollowing\">Stiahnu\u0165<\/a><\/p>\n\n\n\n<p><strong>InStalker<\/strong> Je to jedna z najpopul\u00e1rnej\u0161\u00edch aplik\u00e1ci\u00ed na zistenie, kto nav\u0161tevuje v\u00e1\u0161 profil na Instagrame:<\/p>\n\n\n\n<ul>\n<li>Denn\u00e9 spr\u00e1vy o n\u00e1v\u0161tevnosti<\/li>\n\n\n\n<li>Identifikujte pou\u017e\u00edvate\u013eov, ktor\u00ed v\u00e1s prestali sledova\u0165<\/li>\n\n\n\n<li>Upozornenia na nov\u00e9 n\u00e1v\u0161tevy<\/li>\n<\/ul>\n\n\n\n<p>Ide\u00e1lne pre t\u00fdch, ktor\u00ed chc\u00fa ma\u0165 neust\u00e1lu kontrolu nad svoj\u00edm \u00fa\u010dtom!<\/p>\n\n\n\n<p><\/p>\n\n\n\n<hr class=\"wp-block-separator has-alpha-channel-opacity is-style-wide\" \/>\n\n\n\n<h5 class=\"wp-block-heading has-text-align-left\"><strong><mark class=\"has-inline-color has-luminous-vivid-amber-color\"><strong><mark class=\"has-inline-color has-luminous-vivid-amber-color\"><a>\ud83d\udc49 <\/a><strong><mark class=\"has-inline-color has-luminous-vivid-amber-color\"><strong>Stiahnite si aplik\u00e1ciu:<\/strong><\/mark><\/strong><\/mark><\/strong><\/mark><\/strong><\/h5>\n\n\n    <section class=\"mx-1 my-10\">\n                                                <a href=\"https:\/\/apkpure.com\/br\/in-stalker-profile-tracker\/com.app.followersfollowing\" class=\"text-white\" data-analytics-label=\"optionsButton\"\n                    data-action=\"analytics#trackCTA\">\n                    <div data-options-target=\"option\"\n                        class=\"custom-section rounded-xl border p-3 shadow-md w-full bg-green-700 my-3\">\n                        <div class=\"flex w-full items-center justify-between\">\n                            <div class=\"flex items-center space-x-3\">\n                                <div class=\"text-lg font-bold\">\n                                    InStalker \u279d\n                                <\/div>\n                            <\/div>\n                        <\/div>\n                    <\/div>\n                <\/a>\n                            <p class=\"text-xs text-gray-500 text-right\"\n            style=\"margin-left: 50%; margin-bottom: 50px; margin-top: 5px;\">\n            <!-- You will be redirected to another website -->\n        <\/p>\n    <\/section>\n\n\n\n\n<p class=\"has-text-align-right\"><em><strong><em><strong><em><strong><em><strong><em><strong><em><strong><em><strong><em><strong><em><strong><em><strong>Budete presmerovan\u00ed na in\u00fa str\u00e1nku!<\/strong><\/em><\/strong><\/em><\/strong><\/em><\/strong><\/em><\/strong><\/em><\/strong><\/em><\/strong><\/em><\/strong><\/em><\/strong><\/em><\/strong><\/em><\/p>\n\n\n\n<hr class=\"wp-block-separator has-alpha-channel-opacity is-style-wide\" \/>\n\n\n\n<p><\/p>\n\n\n\n<h3 class=\"wp-block-heading\">2. Reporty+ pre Instagram<\/h3>\n\n\n\n<p><strong>Spr\u00e1vy+<\/strong> pon\u00faka kompletn\u00fa anal\u00fdzu va\u0161ej aktivity na Instagrame:<\/p>\n\n\n\n<ul>\n<li>Objavte tajn\u00fdch sledovate\u013eov<\/li>\n\n\n\n<li>Analyzujte, kto s vami najviac interaguje<\/li>\n\n\n\n<li>Spr\u00e1vy o v\u00fdkonnosti publik\u00e1ci\u00ed<\/li>\n<\/ul>\n\n\n\n<p>Je to ide\u00e1lne pre t\u00fdch, ktor\u00ed chc\u00fa spravova\u0165 svoj \u00fa\u010det ako skuto\u010dn\u00ed profesion\u00e1li.<\/p>\n\n\n\n<p><\/p>\n\n\n\n<hr class=\"wp-block-separator has-alpha-channel-opacity is-style-wide\" \/>\n\n\n\n<h5 class=\"wp-block-heading has-text-align-left\"><strong><mark class=\"has-inline-color has-luminous-vivid-amber-color\"><strong><mark class=\"has-inline-color has-luminous-vivid-amber-color\"><a>\ud83d\udc49 <\/a><strong><mark class=\"has-inline-color has-luminous-vivid-amber-color\"><strong>Stiahnite si aplik\u00e1ciu:<\/strong><\/mark><\/strong><\/mark><\/strong><\/mark><\/strong><\/h5>\n\n\n    <section class=\"mx-1 my-10\">\n                                                <a href=\"https:\/\/reports.br.uptodown.com\/android\" class=\"text-white\" data-analytics-label=\"optionsButton\"\n                    data-action=\"analytics#trackCTA\">\n                    <div data-options-target=\"option\"\n                        class=\"custom-section rounded-xl border p-3 shadow-md w-full bg-green-700 my-3\">\n                        <div class=\"flex w-full items-center justify-between\">\n                            <div class=\"flex items-center space-x-3\">\n                                <div class=\"text-lg font-bold\">\n                                    Spr\u00e1vy+ \u279d\n                                <\/div>\n                            <\/div>\n                        <\/div>\n                    <\/div>\n                <\/a>\n                            <p class=\"text-xs text-gray-500 text-right\"\n            style=\"margin-left: 50%; margin-bottom: 50px; margin-top: 5px;\">\n            <!-- You will be redirected to another website -->\n        <\/p>\n    <\/section>\n\n\n\n\n<p class=\"has-text-align-right\"><em><strong><em><strong><em><strong><em><strong><em><strong><em><strong><em><strong><em><strong><em><strong><em><strong>Budete presmerovan\u00ed na in\u00fa str\u00e1nku!<\/strong><\/em><\/strong><\/em><\/strong><\/em><\/strong><\/em><\/strong><\/em><\/strong><\/em><\/strong><\/em><\/strong><\/em><\/strong><\/em><\/strong><\/em><\/p>\n\n\n\n<hr class=\"wp-block-separator has-alpha-channel-opacity is-style-wide\" \/>\n\n\n\n<p><\/p>\n\n\n\n<h3 class=\"wp-block-heading\">3. FollowMeter<\/h3>\n\n\n\n<p><strong>FollowMeter<\/strong> kombinuje jednoduch\u00e9 pou\u017e\u00edvanie s v\u00fdkonn\u00fdmi \u00fadajmi:<\/p>\n\n\n\n<ul>\n<li>Kto vid\u00ed v\u00e1\u0161 profil<\/li>\n\n\n\n<li>Kto \u0165a nesleduje sp\u00e4\u0165?<\/li>\n\n\n\n<li>Najlep\u0161\u00ed sledovatelia a skryt\u00ed fan\u00fa\u0161ikovia<\/li>\n<\/ul>\n\n\n\n<p>Ve\u013emi kompletn\u00fd a u\u017e\u00edvate\u013esky pr\u00edvetiv\u00fd n\u00e1stroj pre v\u0161etk\u00fdch pou\u017e\u00edvate\u013eov.<\/p>\n\n\n\n<p><\/p>\n\n\n\n<hr class=\"wp-block-separator has-alpha-channel-opacity is-style-wide\" \/>\n\n\n\n<h5 class=\"wp-block-heading has-text-align-left\"><strong><mark class=\"has-inline-color has-luminous-vivid-amber-color\"><strong><mark class=\"has-inline-color has-luminous-vivid-amber-color\"><a>\ud83d\udc49 <\/a><strong><mark class=\"has-inline-color has-luminous-vivid-amber-color\"><strong>Stiahnite si aplik\u00e1ciu:<\/strong><\/mark><\/strong><\/mark><\/strong><\/mark><\/strong><\/h5>\n\n\n    <section class=\"mx-1 my-10\">\n                                                <a href=\"https:\/\/reports.br.uptodown.com\/android\" class=\"text-white\" data-analytics-label=\"optionsButton\"\n                    data-action=\"analytics#trackCTA\">\n                    <div data-options-target=\"option\"\n                        class=\"custom-section rounded-xl border p-3 shadow-md w-full bg-green-700 my-3\">\n                        <div class=\"flex w-full items-center justify-between\">\n                            <div class=\"flex items-center space-x-3\">\n                                <div class=\"text-lg font-bold\">\n                                    FollowMeter \u279d\n                                <\/div>\n                            <\/div>\n                        <\/div>\n                    <\/div>\n                <\/a>\n                            <p class=\"text-xs text-gray-500 text-right\"\n            style=\"margin-left: 50%; margin-bottom: 50px; margin-top: 5px;\">\n            <!-- You will be redirected to another website -->\n        <\/p>\n    <\/section>\n\n\n\n\n<p class=\"has-text-align-right\"><em><strong><em><strong><em><strong><em><strong><em><strong><em><strong><em><strong><em><strong><em><strong><em><strong>Budete presmerovan\u00ed na in\u00fa str\u00e1nku!<\/strong><\/em><\/strong><\/em><\/strong><\/em><\/strong><\/em><\/strong><\/em><\/strong><\/em><\/strong><\/em><\/strong><\/em><\/strong><\/em><\/strong><\/em><\/p>\n\n\n\n<hr class=\"wp-block-separator has-alpha-channel-opacity is-style-wide\" \/>\n\n\n\n<p><\/p>\n\n\n\n<h2 class=\"wp-block-heading\">Tipy na ochranu v\u00e1\u0161ho s\u00fakromia na soci\u00e1lnych sie\u0165ach<\/h2>\n\n\n\n<p>Nesta\u010d\u00ed vedie\u0165, kto \u0165a sleduje. Je tie\u017e d\u00f4le\u017eit\u00e9 stara\u0165 sa o svoje s\u00fakromie:<\/p>\n\n\n\n<ul>\n<li><strong>Skontrolujte nastavenia ochrany osobn\u00fdch \u00fadajov<\/strong> pravidelne<\/li>\n\n\n\n<li><strong>Prij\u00edmajte \u017eiadosti iba od \u013eud\u00ed, ktor\u00fdch pozn\u00e1te<\/strong><\/li>\n\n\n\n<li><strong>Nezdie\u013eajte citliv\u00e9 osobn\u00e9 inform\u00e1cie<\/strong><\/li>\n\n\n\n<li><strong>Pou\u017e\u00edvajte siln\u00e9 hesl\u00e1<\/strong><\/li>\n<\/ul>\n\n\n\n<p>Nieko\u013eko jednoduch\u00fdch zmien m\u00f4\u017ee v\u00fdrazne zlep\u0161i\u0165 va\u0161u online bezpe\u010dnos\u0165.<\/p>\n\n\n\n<h3 class=\"wp-block-heading\">Ot\u00e1zky, ktor\u00e9 si mo\u017eno kladiete<\/h3>\n\n\n\n<ul>\n<li>S\u00fa tieto aplik\u00e1cie zadarmo? Niektor\u00e9 z\u00e1kladn\u00e9 funkcie \u00e1no; Pre pokro\u010dil\u00e9 funkcie m\u00f4\u017ee by\u0165 potrebn\u00e9 predplatn\u00e9.<\/li>\n\n\n\n<li>S\u00fa 100% presn\u00e9? Aj ke\u010f pon\u00fakaj\u00fa spo\u013eahliv\u00e9 \u00fadaje, nezabudnite, \u017ee \u017eiadny n\u00e1stroj nie je neomyln\u00fd.<\/li>\n\n\n\n<li>M\u00f4\u017eem ich pou\u017ei\u0165 aj na in\u00fdch soci\u00e1lnych sie\u0165ach? Pracuj\u00fa hlavne na Instagrame.<\/li>\n<\/ul>\n\n\n<div class=\"wp-block-image\">\n<figure class=\"aligncenter size-full\"><img loading=\"lazy\" decoding=\"async\" width=\"550\" height=\"350\" src=\"https:\/\/universofamilia.com\/wp-content\/uploads\/sites\/148\/2025\/04\/DESTAQUE-UNIVERSO-550-x-350-7-1.jpg\" alt=\"\" class=\"wp-image-9394\" srcset=\"https:\/\/universofamilia.com\/wp-content\/uploads\/sites\/148\/2025\/04\/DESTAQUE-UNIVERSO-550-x-350-7-1.jpg 550w, https:\/\/universofamilia.com\/wp-content\/uploads\/sites\/148\/2025\/04\/DESTAQUE-UNIVERSO-550-x-350-7-1-300x191.jpg 300w, https:\/\/universofamilia.com\/wp-content\/uploads\/sites\/148\/2025\/04\/DESTAQUE-UNIVERSO-550-x-350-7-1-18x12.jpg 18w\" sizes=\"(max-width: 550px) 100vw, 550px\" \/><figcaption class=\"wp-element-caption\">Zistite, kto v\u00e1s sleduje na soci\u00e1lnych sie\u0165ach<\/figcaption><\/figure><\/div>\n\n\n<h2 class=\"wp-block-heading\">\u010eal\u0161ie v\u00fdhody pou\u017e\u00edvania aplik\u00e1ci\u00ed na anal\u00fdzu siete<\/h2>\n\n\n\n<ul>\n<li>Zlep\u0161ite svoj obsah t\u00fdm, \u017ee budete vedie\u0165, kto ho konzumuje<\/li>\n\n\n\n<li>Odha\u013ete pr\u00edle\u017eitosti na vytv\u00e1ranie siet\u00ed kontaktov<\/li>\n\n\n\n<li>Zosta\u0148te v obraze o trendoch v\u00e1\u0161ho publika<\/li>\n<\/ul>\n\n\n\n<p>Ma\u0165 inform\u00e1cie znamen\u00e1 ma\u0165 moc!<\/p>\n\n\n\n<h3 class=\"wp-block-heading\">Odpor\u00fa\u010danie pou\u017e\u00edvate\u013ea<\/h3>\n\n\n\n<p>\u201ePou\u017e\u00edval som InStalker mesiac a zistil som, \u017ee star\u00fd priate\u013e sleduje v\u0161etky moje pr\u00edbehy.\u201c<\/p>\n\n\n\n<p>V\u010faka tomu sme sa op\u00e4\u0165 spojili a teraz sa rozpr\u00e1vame ka\u017ed\u00fd de\u0148. \u201eNeuverite\u013en\u00fd z\u00e1\u017eitok!\u201c \u2013 Ana, 34 rokov.<\/p>\n\n\n\n<h2 class=\"wp-block-heading\">Bezpe\u010dnostn\u00e9 opatrenia pri pou\u017e\u00edvan\u00ed t\u00fdchto aplik\u00e1ci\u00ed<\/h2>\n\n\n\n<p>Aj ke\u010f s\u00fa ve\u013emi u\u017eito\u010dn\u00e9, nezabudnite:<\/p>\n\n\n\n<ul>\n<li>S\u0165ahujte iba z ofici\u00e1lnych zdrojov<\/li>\n\n\n\n<li>Neposkytujte hesl\u00e1 mimo aplik\u00e1ci\u00ed<\/li>\n\n\n\n<li>Pred pou\u017eit\u00edm si pre\u010d\u00edtajte z\u00e1sady ochrany osobn\u00fdch \u00fadajov<\/li>\n<\/ul>\n\n\n\n<p>Va\u0161a bezpe\u010dnos\u0165 by mala by\u0165 v\u017edy prioritou.<\/p>\n\n\n\n<h2 class=\"wp-block-heading\">Prevezmite kontrolu nad svoj\u00edm s\u00fakrom\u00edm<\/h2>\n\n\n\n<p>So spr\u00e1vnymi n\u00e1strojmi sa m\u00f4\u017eete dozvedie\u0165 viac o svojom publiku a lep\u0161ie sa chr\u00e1ni\u0165 na soci\u00e1lnych sie\u0165ach.<\/p>\n\n\n\n<p><strong>Zistite, kto v\u00e1s sleduje na soci\u00e1lnych sie\u0165ach, pomocou t\u00fdchto aplik\u00e1ci\u00ed.<\/strong> a nenechajte svoje s\u00fakromie na n\u00e1hodu.<\/p>\n\n\n\n<p>Vyberte si svoju ob\u013e\u00faben\u00fa aplik\u00e1ciu, stiahnite si ju e\u0161te dnes a za\u010dnite sa dozveda\u0165 viac o tom, kto sa o v\u00e1s skuto\u010dne zauj\u00edma!<\/p>","protected":false},"excerpt":{"rendered":"<p>Budete prekvapen\u00ed, ke\u010f zist\u00edte, kto si pozer\u00e1 v\u00e1\u0161 profil! Vyberte si jednu z mo\u017enost\u00ed! Zistite, kto v\u00e1s sleduje na soci\u00e1lnych sie\u0165ach, pomocou t\u00fdchto aplik\u00e1ci\u00ed. Mnoh\u00ed z n\u00e1s sa p\u00fdtaj\u00fa, kto si pozer\u00e1 na\u0161e pr\u00edspevky, fotografie alebo pr\u00edbehy? Dnes v\u00e1m prin\u00e1\u0161ame perfektn\u00e9 rie\u0161enie, ktor\u00e9 v\u00e1m pom\u00f4\u017ee vyvr\u00e1ti\u0165 ak\u00e9ko\u013evek pochybnosti. S pomocou nieko\u013ek\u00fdch spo\u013eahliv\u00fdch aplik\u00e1ci\u00ed m\u00f4\u017eete [\u2026]<\/p>","protected":false},"author":139,"featured_media":9394,"comment_status":"closed","ping_status":"open","sticky":false,"template":"","format":"standard","meta":{"footnotes":""},"categories":[2],"tags":[2261,1243,1265,1317,1399],"yoast_head":"<!-- This site is optimized with the Yoast SEO plugin v23.3 - https:\/\/yoast.com\/wordpress\/plugins\/seo\/ -->\n<title>Descubre qui\u00e9n te observa en las redes sociales - Universo Fam\u00edlia<\/title>\n<meta name=\"description\" content=\"Descubre qui\u00e9n te observa en las redes sociales. Descubre qui\u00e9n te observa en las redes sociales usando estos apps.Muchos de nosotros...\" \/>\n<meta name=\"robots\" content=\"index, follow, max-snippet:-1, max-image-preview:large, max-video-preview:-1\" \/>\n<link rel=\"canonical\" href=\"http:\/\/universofamilia.com\/sk\/descubre-quien-te-observa-en-las-redes-sociales\/\" \/>\n<meta property=\"og:locale\" content=\"sk_SK\" \/>\n<meta property=\"og:type\" content=\"article\" \/>\n<meta property=\"og:title\" content=\"Descubre qui\u00e9n te observa en las redes sociales - Universo Fam\u00edlia\" \/>\n<meta property=\"og:description\" content=\"Descubre qui\u00e9n te observa en las redes sociales. Descubre qui\u00e9n te observa en las redes sociales usando estos apps.Muchos de nosotros...\" \/>\n<meta property=\"og:url\" content=\"http:\/\/universofamilia.com\/sk\/descubre-quien-te-observa-en-las-redes-sociales\/\" \/>\n<meta property=\"og:site_name\" content=\"Universo Fam\u00edlia\" \/>\n<meta property=\"article:published_time\" content=\"2025-04-25T18:26:46+00:00\" \/>\n<meta property=\"article:modified_time\" content=\"2025-04-25T18:26:47+00:00\" \/>\n<meta property=\"og:image\" content=\"http:\/\/universofamilia.com\/wp-content\/uploads\/sites\/148\/2025\/04\/DESTAQUE-UNIVERSO-550-x-350-7-1.jpg\" \/>\n\t<meta property=\"og:image:width\" content=\"550\" \/>\n\t<meta property=\"og:image:height\" content=\"350\" \/>\n\t<meta property=\"og:image:type\" content=\"image\/jpeg\" \/>\n<meta name=\"author\" content=\"Pedro Henrique\" \/>\n<meta name=\"twitter:card\" content=\"summary_large_image\" \/>\n<meta name=\"twitter:label1\" content=\"Written by\" \/>\n\t<meta name=\"twitter:data1\" content=\"Pedro Henrique\" \/>\n\t<meta name=\"twitter:label2\" content=\"Est. reading time\" \/>\n\t<meta name=\"twitter:data2\" content=\"5 min\u00fat\" \/>\n<script type=\"application\/ld+json\" class=\"yoast-schema-graph\">{\"@context\":\"https:\/\/schema.org\",\"@graph\":[{\"@type\":\"WebPage\",\"@id\":\"http:\/\/universofamilia.com\/da\/descubre-quien-te-observa-en-las-redes-sociales\/\",\"url\":\"http:\/\/universofamilia.com\/da\/descubre-quien-te-observa-en-las-redes-sociales\/\",\"name\":\"Descubre qui\u00e9n te observa en las redes sociales - Universo Fam\u00edlia\",\"isPartOf\":{\"@id\":\"https:\/\/universofamilia.com\/el\/#website\"},\"primaryImageOfPage\":{\"@id\":\"http:\/\/universofamilia.com\/da\/descubre-quien-te-observa-en-las-redes-sociales\/#primaryimage\"},\"image\":{\"@id\":\"http:\/\/universofamilia.com\/da\/descubre-quien-te-observa-en-las-redes-sociales\/#primaryimage\"},\"thumbnailUrl\":\"https:\/\/universofamilia.com\/wp-content\/uploads\/sites\/148\/2025\/04\/DESTAQUE-UNIVERSO-550-x-350-7-1.jpg\",\"datePublished\":\"2025-04-25T18:26:46+00:00\",\"dateModified\":\"2025-04-25T18:26:47+00:00\",\"author\":{\"@id\":\"https:\/\/universofamilia.com\/el\/#\/schema\/person\/f07ce98187dd84d31154262e79b3b7ca\"},\"description\":\"Descubre qui\u00e9n te observa en las redes sociales. Descubre qui\u00e9n te observa en las redes sociales usando estos apps.Muchos de nosotros...\",\"breadcrumb\":{\"@id\":\"http:\/\/universofamilia.com\/da\/descubre-quien-te-observa-en-las-redes-sociales\/#breadcrumb\"},\"inLanguage\":\"sk-SK\",\"potentialAction\":[{\"@type\":\"ReadAction\",\"target\":[\"http:\/\/universofamilia.com\/da\/descubre-quien-te-observa-en-las-redes-sociales\/\"]}]},{\"@type\":\"ImageObject\",\"inLanguage\":\"sk-SK\",\"@id\":\"http:\/\/universofamilia.com\/da\/descubre-quien-te-observa-en-las-redes-sociales\/#primaryimage\",\"url\":\"https:\/\/universofamilia.com\/wp-content\/uploads\/sites\/148\/2025\/04\/DESTAQUE-UNIVERSO-550-x-350-7-1.jpg\",\"contentUrl\":\"https:\/\/universofamilia.com\/wp-content\/uploads\/sites\/148\/2025\/04\/DESTAQUE-UNIVERSO-550-x-350-7-1.jpg\",\"width\":550,\"height\":350,\"caption\":\"Descubre qui\u00e9n te observa en las redes sociales\"},{\"@type\":\"BreadcrumbList\",\"@id\":\"http:\/\/universofamilia.com\/da\/descubre-quien-te-observa-en-las-redes-sociales\/#breadcrumb\",\"itemListElement\":[{\"@type\":\"ListItem\",\"position\":1,\"name\":\"Home\",\"item\":\"https:\/\/universofamilia.com\/el\/\"},{\"@type\":\"ListItem\",\"position\":2,\"name\":\"Descubre qui\u00e9n te observa en las redes sociales\"}]},{\"@type\":\"WebSite\",\"@id\":\"https:\/\/universofamilia.com\/el\/#website\",\"url\":\"https:\/\/universofamilia.com\/el\/\",\"name\":\"Universo Fam\u00edlia\",\"description\":\"\",\"potentialAction\":[{\"@type\":\"SearchAction\",\"target\":{\"@type\":\"EntryPoint\",\"urlTemplate\":\"https:\/\/universofamilia.com\/el\/?s={search_term_string}\"},\"query-input\":\"required name=search_term_string\"}],\"inLanguage\":\"sk-SK\"},{\"@type\":\"Person\",\"@id\":\"https:\/\/universofamilia.com\/el\/#\/schema\/person\/f07ce98187dd84d31154262e79b3b7ca\",\"name\":\"Pedro Henrique\",\"image\":{\"@type\":\"ImageObject\",\"inLanguage\":\"sk-SK\",\"@id\":\"https:\/\/universofamilia.com\/el\/#\/schema\/person\/image\/\",\"url\":\"https:\/\/secure.gravatar.com\/avatar\/9edfeb808cb4e1599f64d6e45b130154?s=96&d=mm&r=g\",\"contentUrl\":\"https:\/\/secure.gravatar.com\/avatar\/9edfeb808cb4e1599f64d6e45b130154?s=96&d=mm&r=g\",\"caption\":\"Pedro Henrique\"},\"url\":\"https:\/\/universofamilia.com\/sk\/author\/editor01\/\"}]}<\/script>\n<!-- \/ Yoast SEO plugin. -->","yoast_head_json":{"title":"Descubre qui\u00e9n te observa en las redes sociales - Universo Fam\u00edlia","description":"Descubre qui\u00e9n te observa en las redes sociales. Descubre qui\u00e9n te observa en las redes sociales usando estos apps.Muchos de nosotros...","robots":{"index":"index","follow":"follow","max-snippet":"max-snippet:-1","max-image-preview":"max-image-preview:large","max-video-preview":"max-video-preview:-1"},"canonical":"http:\/\/universofamilia.com\/sk\/descubre-quien-te-observa-en-las-redes-sociales\/","og_locale":"sk_SK","og_type":"article","og_title":"Descubre qui\u00e9n te observa en las redes sociales - Universo Fam\u00edlia","og_description":"Descubre qui\u00e9n te observa en las redes sociales. Descubre qui\u00e9n te observa en las redes sociales usando estos apps.Muchos de nosotros...","og_url":"http:\/\/universofamilia.com\/sk\/descubre-quien-te-observa-en-las-redes-sociales\/","og_site_name":"Universo Fam\u00edlia","article_published_time":"2025-04-25T18:26:46+00:00","article_modified_time":"2025-04-25T18:26:47+00:00","og_image":[{"width":550,"height":350,"url":"http:\/\/universofamilia.com\/wp-content\/uploads\/sites\/148\/2025\/04\/DESTAQUE-UNIVERSO-550-x-350-7-1.jpg","type":"image\/jpeg"}],"author":"Pedro Henrique","twitter_card":"summary_large_image","twitter_misc":{"Written by":"Pedro Henrique","Est. reading time":"5 min\u00fat"},"schema":{"@context":"https:\/\/schema.org","@graph":[{"@type":"WebPage","@id":"http:\/\/universofamilia.com\/da\/descubre-quien-te-observa-en-las-redes-sociales\/","url":"http:\/\/universofamilia.com\/da\/descubre-quien-te-observa-en-las-redes-sociales\/","name":"Descubre qui\u00e9n te observa en las redes sociales - Universo Fam\u00edlia","isPartOf":{"@id":"https:\/\/universofamilia.com\/el\/#website"},"primaryImageOfPage":{"@id":"http:\/\/universofamilia.com\/da\/descubre-quien-te-observa-en-las-redes-sociales\/#primaryimage"},"image":{"@id":"http:\/\/universofamilia.com\/da\/descubre-quien-te-observa-en-las-redes-sociales\/#primaryimage"},"thumbnailUrl":"https:\/\/universofamilia.com\/wp-content\/uploads\/sites\/148\/2025\/04\/DESTAQUE-UNIVERSO-550-x-350-7-1.jpg","datePublished":"2025-04-25T18:26:46+00:00","dateModified":"2025-04-25T18:26:47+00:00","author":{"@id":"https:\/\/universofamilia.com\/el\/#\/schema\/person\/f07ce98187dd84d31154262e79b3b7ca"},"description":"Descubre qui\u00e9n te observa en las redes sociales. Descubre qui\u00e9n te observa en las redes sociales usando estos apps.Muchos de nosotros...","breadcrumb":{"@id":"http:\/\/universofamilia.com\/da\/descubre-quien-te-observa-en-las-redes-sociales\/#breadcrumb"},"inLanguage":"sk-SK","potentialAction":[{"@type":"ReadAction","target":["http:\/\/universofamilia.com\/da\/descubre-quien-te-observa-en-las-redes-sociales\/"]}]},{"@type":"ImageObject","inLanguage":"sk-SK","@id":"http:\/\/universofamilia.com\/da\/descubre-quien-te-observa-en-las-redes-sociales\/#primaryimage","url":"https:\/\/universofamilia.com\/wp-content\/uploads\/sites\/148\/2025\/04\/DESTAQUE-UNIVERSO-550-x-350-7-1.jpg","contentUrl":"https:\/\/universofamilia.com\/wp-content\/uploads\/sites\/148\/2025\/04\/DESTAQUE-UNIVERSO-550-x-350-7-1.jpg","width":550,"height":350,"caption":"Descubre qui\u00e9n te observa en las redes sociales"},{"@type":"BreadcrumbList","@id":"http:\/\/universofamilia.com\/da\/descubre-quien-te-observa-en-las-redes-sociales\/#breadcrumb","itemListElement":[{"@type":"ListItem","position":1,"name":"Home","item":"https:\/\/universofamilia.com\/el\/"},{"@type":"ListItem","position":2,"name":"Descubre qui\u00e9n te observa en las redes sociales"}]},{"@type":"WebSite","@id":"https:\/\/universofamilia.com\/el\/#website","url":"https:\/\/universofamilia.com\/el\/","name":"Universo Fam\u00edlia","description":"","potentialAction":[{"@type":"SearchAction","target":{"@type":"EntryPoint","urlTemplate":"https:\/\/universofamilia.com\/el\/?s={search_term_string}"},"query-input":"required name=search_term_string"}],"inLanguage":"sk-SK"},{"@type":"Person","@id":"https:\/\/universofamilia.com\/el\/#\/schema\/person\/f07ce98187dd84d31154262e79b3b7ca","name":"Pedro Henrique","image":{"@type":"ImageObject","inLanguage":"sk-SK","@id":"https:\/\/universofamilia.com\/el\/#\/schema\/person\/image\/","url":"https:\/\/secure.gravatar.com\/avatar\/9edfeb808cb4e1599f64d6e45b130154?s=96&d=mm&r=g","contentUrl":"https:\/\/secure.gravatar.com\/avatar\/9edfeb808cb4e1599f64d6e45b130154?s=96&d=mm&r=g","caption":"Pedro Henrique"},"url":"https:\/\/universofamilia.com\/sk\/author\/editor01\/"}]}},"_links":{"self":[{"href":"https:\/\/universofamilia.com\/sk\/wp-json\/wp\/v2\/posts\/9386"}],"collection":[{"href":"https:\/\/universofamilia.com\/sk\/wp-json\/wp\/v2\/posts"}],"about":[{"href":"https:\/\/universofamilia.com\/sk\/wp-json\/wp\/v2\/types\/post"}],"author":[{"embeddable":true,"href":"https:\/\/universofamilia.com\/sk\/wp-json\/wp\/v2\/users\/139"}],"replies":[{"embeddable":true,"href":"https:\/\/universofamilia.com\/sk\/wp-json\/wp\/v2\/comments?post=9386"}],"version-history":[{"count":1,"href":"https:\/\/universofamilia.com\/sk\/wp-json\/wp\/v2\/posts\/9386\/revisions"}],"predecessor-version":[{"id":9395,"href":"https:\/\/universofamilia.com\/sk\/wp-json\/wp\/v2\/posts\/9386\/revisions\/9395"}],"wp:featuredmedia":[{"embeddable":true,"href":"https:\/\/universofamilia.com\/sk\/wp-json\/wp\/v2\/media\/9394"}],"wp:attachment":[{"href":"https:\/\/universofamilia.com\/sk\/wp-json\/wp\/v2\/media?parent=9386"}],"wp:term":[{"taxonomy":"category","embeddable":true,"href":"https:\/\/universofamilia.com\/sk\/wp-json\/wp\/v2\/categories?post=9386"},{"taxonomy":"post_tag","embeddable":true,"href":"https:\/\/universofamilia.com\/sk\/wp-json\/wp\/v2\/tags?post=9386"}],"curies":[{"name":"wp","href":"https:\/\/api.w.org\/{rel}","templated":true}]}}