{"id":9502,"date":"2025-06-06T20:29:52","date_gmt":"2025-06-06T20:29:52","guid":{"rendered":"https:\/\/universofamilia.com\/?p=9502"},"modified":"2025-06-06T20:29:53","modified_gmt":"2025-06-06T20:29:53","slug":"traicion-y-secretos-mira-lo-que-paso","status":"publish","type":"post","link":"https:\/\/universofamilia.com\/sk\/traicion-y-secretos-mira-lo-que-paso\/","title":{"rendered":"Zrada a tajomstv\u00e1! Pozrite sa, \u010do sa stalo!"},"content":{"rendered":"<p class=\"has-text-align-center\">Pripravte sa na \u00fa\u017eas a nad\u0161enie! Pozrite si 1. epiz\u00f3du u\u017e teraz.<\/p>\n\n\n    <section class=\"mx-1 my-10\">\n                                                <a href=\"https:\/\/universofamilia.com\/sk\/laska-na-jedno-kliknutie\/\" class=\"text-white\" data-analytics-label=\"optionsButton\"\n                    data-action=\"analytics#trackCTA\">\n                    <div data-options-target=\"option\"\n                        class=\"custom-section rounded-xl border p-3 shadow-md w-full bg-green-700 my-3\">\n                        <div class=\"flex w-full items-center justify-between\">\n                            <div class=\"flex items-center space-x-3\">\n                                <div class=\"text-lg font-bold\">\n                                    POZRITE SA, \u010cO SA STALO \u279d\n                                <\/div>\n                            <\/div>\n                        <\/div>\n                    <\/div>\n                <\/a>\n                            <p class=\"text-xs text-gray-500 text-right hidden\"\n            style=\"margin-left: 50%; margin-bottom: 50px; margin-top: 5px;\">\n            <!-- You will be redirected to another website -->\n        <\/p>\n    <\/section>\n\n\n\n\n<h3 class=\"wp-block-heading\">L\u00e1ska m\u00f4\u017ee bolie\u0165... ale m\u00f4\u017ee aj zmeni\u0165<\/h3>\n\n\n\n<p><strong>Pr\u00edbeh zrady a druhej \u0161ance<\/strong> Nie je to len fr\u00e1za <a href=\"https:\/\/universofamilia.com\/sk\/laska-na-jedno-kliknutie\/\">telenovela<\/a>.<\/p>\n\n\n\n<p>Je to realita, ktorej mnoho \u013eud\u00ed \u010del\u00ed v tichosti.<\/p>\n\n\n\n<p>Aurora si myslela, \u017ee na\u0161la l\u00e1sku svojho \u017eivota. \u00daplne sa oddala, vzdala sa \u010dast\u00ed seba, aby si vybudovala zdanlivo pevn\u00fd vz\u0165ah.<\/p>\n\n\n\n<p>Ale za \u00fasmevmi sa skr\u00fdvali tajomstv\u00e1. A za d\u00f4verou\u2026 zrada.<\/p>\n\n\n\n<p>To, \u010do objav\u00edte \u010falej, nie je len pr\u00edbeh o klamstve, ale o silnej premene.<\/p>\n\n\n\n<p><\/p>\n\n\n\n<hr class=\"wp-block-separator has-alpha-channel-opacity is-style-wide\" \/>\n\n\n\n<h4 class=\"wp-block-heading has-text-align-center\"><strong><mark class=\"has-inline-color has-luminous-vivid-orange-color\">Pre\u010d\u00edtajte si tie\u017e<\/mark><\/strong><\/h4>\n\n\n    <section class=\"mx-1 my-10\">\n                                                <a href=\"https:\/\/universofamilia.com\/sk\/azijske-lp-filmy\/\" class=\"text-white\" data-analytics-label=\"optionsButton\"\n                    data-action=\"analytics#trackCTA\">\n                    <div data-options-target=\"option\"\n                        class=\"custom-section rounded-xl border p-3 shadow-md w-full bg-green-700 my-3\">\n                        <div class=\"flex w-full items-center justify-between\">\n                            <div class=\"flex items-center space-x-3\">\n                                <div class=\"text-lg font-bold\">\n                                    Aplik\u00e1cia na sledovanie k\u00f3rejsk\u00fdch dr\u00e1m \u279d\n                                <\/div>\n                            <\/div>\n                        <\/div>\n                    <\/div>\n                <\/a>\n                                                            <a href=\"https:\/\/universofamilia.com\/sk\/lp-recuperar-fotos\/\" class=\"text-white\" data-analytics-label=\"optionsButton\"\n                    data-action=\"analytics#trackCTA\">\n                    <div data-options-target=\"option\"\n                        class=\"custom-section rounded-xl border p-3 shadow-md w-full bg-green-700 my-3\">\n                        <div class=\"flex w-full items-center justify-between\">\n                            <div class=\"flex items-center space-x-3\">\n                                <div class=\"text-lg font-bold\">\n                                    Obnovte vymazan\u00e9 fotografie pomocou tejto aplik\u00e1cie!  \u279d\n                                <\/div>\n                            <\/div>\n                        <\/div>\n                    <\/div>\n                <\/a>\n                                                            <a href=\"https:\/\/universofamilia.com\/sk\/laska-na-jedno-kliknutie\/\" class=\"text-white\" data-analytics-label=\"optionsButton\"\n                    data-action=\"analytics#trackCTA\">\n                    <div data-options-target=\"option\"\n                        class=\"custom-section rounded-xl border p-3 shadow-md w-full bg-green-700 my-3\">\n                        <div class=\"flex w-full items-center justify-between\">\n                            <div class=\"flex items-center space-x-3\">\n                                <div class=\"text-lg font-bold\">\n                                    Objavte zoznamovaciu aplik\u00e1ciu, ktor\u00e1 je pre v\u00e1s t\u00e1 prav\u00e1 \u279d\n                                <\/div>\n                            <\/div>\n                        <\/div>\n                    <\/div>\n                <\/a>\n                            <p class=\"text-xs text-gray-500 text-right hidden\"\n            style=\"margin-left: 50%; margin-bottom: 50px; margin-top: 5px;\">\n            <!-- You will be redirected to another website -->\n        <\/p>\n    <\/section>\n\n\n\n\n<p class=\"has-text-align-right\"><em><strong><em><strong><em><strong><em><strong><em><strong>Zostane na rovnakom mieste!<\/strong><\/em><\/strong><\/em><\/strong><\/em><\/strong><\/em><\/strong><\/em><\/p>\n\n\n\n<hr class=\"wp-block-separator has-alpha-channel-opacity is-style-wide\" \/>\n\n\n\n<p><\/p>\n\n\n\n<h2 class=\"wp-block-heading\">Ke\u010f je l\u00e1ska dobre vyrozpr\u00e1van\u00e1 lo\u017e<\/h2>\n\n\n\n<h3 class=\"wp-block-heading\">Aurora a Dami\u00e1n: dokonal\u00e1 fas\u00e1da<\/h3>\n\n\n\n<p>Aurora roky \u017eila v il\u00fazii, \u017ee si vybuduje \u017eivot ako p\u00e1r.<\/p>\n\n\n\n<p>S Dami\u00e1nom zdie\u013eali dom, pl\u00e1ny do bud\u00facnosti a zdanlivo pokojn\u00fd re\u017eim.<\/p>\n\n\n\n<p>V o\u010diach v\u0161etk\u00fdch boli ide\u00e1lnym p\u00e1rom.<\/p>\n\n\n\n<p>Ale \u010dasto to, \u010do sa navonok zd\u00e1 by\u0165 dokonal\u00e9, skr\u00fdva hlbok\u00e9 trhliny.<\/p>\n\n\n\n<p>Aurora, hoci ho milovala, c\u00edtila, \u017ee nie\u010do nie je celkom v poriadku.<\/p>\n\n\n\n<p>Boli tam chv\u00edle odstupu, odvr\u00e1ten\u00e9 poh\u013eady, neust\u00e1le v\u00fdhovorky. Napriek tomu sa rozhodla d\u00f4verova\u0165.<\/p>\n\n\n\n<p>Jedn\u00e9ho d\u0148a, ke\u010f Aurora h\u013eadala nie\u010do na Dami\u00e1novom mobile, na\u0161la spr\u00e1vu, z ktorej jej stuhla krv v \u017eil\u00e1ch.<\/p>\n\n\n\n<p>Bol to d\u00f4vern\u00fd rozhovor, a\u017e pr\u00edli\u0161 d\u00f4vern\u00fd... s Valeriou, jej najlep\u0161ou kamar\u00e1tkou e\u0161te z vysokej \u0161koly.<\/p>\n\n\n\n<p>\u010co sa za\u010dalo ako pocit, sa zmenilo na krut\u00fa pravdu. Osoba, ktorej najviac d\u00f4verovala, a jej celo\u017eivotn\u00fd priate\u013e ju u\u017e nejak\u00fd \u010das klamal.<\/p>\n\n\n\n<p>Nebola to spont\u00e1nna chyba. Bol to paraleln\u00fd, skryt\u00fd pr\u00edbeh, ktor\u00fd sa odohr\u00e1val za Aurorin\u00fdm chrbtom.<\/p>\n\n\n\n<h2 class=\"wp-block-heading\">Emocion\u00e1lny kolaps: ke\u010f sa v\u0161etko zr\u00fati<\/h2>\n\n\n\n<h3 class=\"wp-block-heading\">Medzi z\u00farivos\u0165ou, sm\u00fatkom a pon\u00ed\u017een\u00edm<\/h3>\n\n\n\n<p>So zlomen\u00fdm srdcom a mys\u013eou zatemnenou hnevom sa Aurora postavila Dami\u00e1novi. Slov\u00e1 boleli viac ako ticho.<\/p>\n\n\n\n<p>Ni\u010d nepopieral. V skuto\u010dnosti to ospravedl\u0148oval. Pod\u013ea neho sa \u201eveci jednoducho stali\u201c.<\/p>\n\n\n\n<p>Aurora nekri\u010dala. Neplakala pred n\u00edm. Zamkla sa v k\u00fape\u013eni, pozrela sa na seba do zrkadla a ledva sa spoznala. Kto bola t\u00e1 \u017eena?<\/p>\n\n\n\n<p>Ako sa dostala a\u017e sem, ako sa to\u013eko oddala, bez toho, aby si v\u0161imla nejak\u00e9 zn\u00e1mky?<\/p>\n\n\n\n<p>Zrada ju nielen citovo zlomila. Vzala jej stred, jej oporn\u00fd bod. C\u00edtila sa straten\u00e1.<\/p>\n\n\n\n<p>V t\u00fa noc \u0161of\u00e9rovala bezcie\u013ene, svetl\u00e1 mesta jej mihotali cez slzy. Zle vypo\u010d\u00edtan\u00e1 kri\u017eovatka. Zr\u00e1\u017eka. Absol\u00fatne ticho.<\/p>\n\n\n\n<h2 class=\"wp-block-heading\">Prebudenie v inom \u010dase: z\u00e1zrak alebo trest?<\/h2>\n\n\n\n<h3 class=\"wp-block-heading\">De\u0148, ke\u010f mu \u017eivot dal \u010fal\u0161iu \u0161ancu<\/h3>\n\n\n\n<p>Aurora sa zobudila vo svojej starej izbe. Steny boli in\u00e9, vzduch vo\u0148al minulos\u0165ou. Pozrela sa na kalend\u00e1r. To nemohla by\u0165 pravda.<\/p>\n\n\n\n<p>Bolo to pred desiatimi rokmi. Tesne predt\u00fdm, ako som stretla Dami\u00e1na.<\/p>\n\n\n\n<p>Najprv si myslela, \u017ee sa jej to sn\u00edva. Ale v\u0161etko bolo skuto\u010dn\u00e9. Oble\u010denie, fotky, zme\u0161kan\u00e9 hovory\u2026<\/p>\n\n\n\n<p>\u017divot mu d\u00e1val nie\u010do nemo\u017en\u00e9: \u0161ancu \u017ei\u0165 znova s vedom\u00edm v\u0161etk\u00e9ho, \u010do sa u\u017e stalo.<\/p>\n\n\n\n<p>Nebola to len tak hociak\u00e1 druh\u00e1 \u0161anca. Bola to jeho \u0161anca vyhn\u00fa\u0165 sa katastrofe, u\u017e nikdy neveri\u0165 niekomu, kto si to nezasl\u00fa\u017eil.<\/p>\n\n\n\n<p>Tentoraz bude Aurora in\u00e1. Nebola by to t\u00e1 ist\u00e1 \u017eena, ktor\u00e1 ml\u010dala zo strachu z prehry. Preto\u017ee u\u017e v\u0161etko stratila... a pre\u017eila.<\/p>\n\n\n\n<h2 class=\"wp-block-heading\">Znovuobjavenie sa z bolesti<\/h2>\n\n\n\n<h3 class=\"wp-block-heading\">Nov\u00e1 Aurora: siln\u00e1, bdel\u00e1, slobodn\u00e1<\/h3>\n\n\n\n<p>S ka\u017ed\u00fdm \u010fal\u0161\u00edm d\u0148om sa Aurora za\u010dala pretv\u00e1ra\u0165. U\u017e sa nesna\u017eila vyhovie\u0165. U\u017e si nevym\u00fd\u0161\u013eala v\u00fdhovorky, pre\u010do chce by\u0165 milovan\u00e1.<br>Tentoraz bola na prvom mieste jej seba\u00facta.<\/p>\n\n\n\n<p>Za\u010dal sa bli\u017e\u0161ie pozera\u0165 na \u013eud\u00ed, ktor\u00fdch predt\u00fdm nepov\u0161imol. Objavil zabudnut\u00e9 talenty, ciele, ktor\u00e9 pochoval, aby udr\u017eal pr\u00e1zdny vz\u0165ah.<\/p>\n\n\n\n<p>Pridal sa k nov\u00fdm kruhom. Venoval sa star\u00fdm kon\u00ed\u010dkom. A \u010do je najd\u00f4le\u017eitej\u0161ie, za\u010dal p\u00edsa\u0165 svoj vlastn\u00fd pr\u00edbeh.<br>Niektor\u00fdch jeho pevn\u00fd postoj prekvapil.<\/p>\n\n\n\n<p>In\u00ed ju kritizovali. Ale Aurore u\u017e nez\u00e1le\u017ealo na vonkaj\u0161om uznanie. Mala osobn\u00e9 poslanie: <strong>vybudova\u0165 si autentick\u00fd \u017eivot<\/strong>.<\/p>\n\n\n<div class=\"wp-block-image\">\n<figure class=\"aligncenter size-full\"><img loading=\"lazy\" decoding=\"async\" width=\"550\" height=\"350\" src=\"https:\/\/universofamilia.com\/wp-content\/uploads\/sites\/148\/2025\/06\/DESTAQUE-UNIVERSO-550-x-350-2-1.jpg\" alt=\"\" class=\"wp-image-9503\" srcset=\"https:\/\/universofamilia.com\/wp-content\/uploads\/sites\/148\/2025\/06\/DESTAQUE-UNIVERSO-550-x-350-2-1.jpg 550w, https:\/\/universofamilia.com\/wp-content\/uploads\/sites\/148\/2025\/06\/DESTAQUE-UNIVERSO-550-x-350-2-1-300x191.jpg 300w, https:\/\/universofamilia.com\/wp-content\/uploads\/sites\/148\/2025\/06\/DESTAQUE-UNIVERSO-550-x-350-2-1-18x12.jpg 18w\" sizes=\"(max-width: 550px) 100vw, 550px\" \/><figcaption class=\"wp-element-caption\">Zrada a tajomstv\u00e1! Pozrite sa, \u010do sa stalo!<\/figcaption><\/figure><\/div>\n\n\n<h2 class=\"wp-block-heading\">L\u00e1ska, ktor\u00e1 sa rod\u00ed z \u00facty<\/h2>\n\n\n\n<h3 class=\"wp-block-heading\">Leonardo: mu\u017e, ktor\u00fd tu v\u017edy bol<\/h3>\n\n\n\n<p>Uprostred tohto znovuzrodenia si Aurora za\u010dala v\u0161\u00edma\u0165 Leonarda, Valeriinho mlad\u0161ieho brata.<\/p>\n\n\n\n<p>V\u017edy bol mil\u00fd a diskr\u00e9tny, ale v inej \u010dasovej osi ho nikdy nevidela in\u00fdmi o\u010dami.<\/p>\n\n\n\n<p>Teraz jeho rozhovory nadobudli in\u00fd t\u00f3n. Jeho gest\u00e1 boli hlb\u0161ie. Leonardo nebol spasite\u013eom, ani sa n\u00edm nepredstieral.<\/p>\n\n\n\n<p>Ale on tam bol, so svojou \u00faprimnou spolo\u010dnos\u0165ou a poh\u013eadom bez s\u00fadenia.<\/p>\n\n\n\n<p>Aurora si k\u00fasok po k\u00fasku dovolila c\u00edti\u0165 nie\u010do viac. Nebola to typick\u00e1 idealizovan\u00e1 l\u00e1ska. Bolo to puto postaven\u00e9 na re\u0161pekte, d\u00f4vere a pokoji.<\/p>\n\n\n\n<p>Po prv\u00fdkr\u00e1t tam nebola \u017eiadna naliehavos\u0165 ani o\u010dak\u00e1vania. Len pravda.<\/p>\n\n\n\n<h2 class=\"wp-block-heading\">Pomsta alebo oslobodenie?<\/h2>\n\n\n\n<h3 class=\"wp-block-heading\">Naj\u0165a\u017e\u0161ia vo\u013eba v jeho novom \u017eivote<\/h3>\n\n\n\n<p>Aurora mala v\u0161etky inform\u00e1cie. Vedela, ako sa vyhn\u00fa\u0165 Dami\u00e1novi, ako odhali\u0165 Valeriu a ako ich prin\u00fati\u0165 zaplati\u0165.<br>Ale nie\u010do v jej vn\u00fatri sa zmenilo.<\/p>\n\n\n\n<p>Ch\u00e1pal, \u017ee skuto\u010dn\u00e1 sila nespo\u010d\u00edva v ni\u010den\u00ed, ale v rozhodnut\u00ed sa u\u017e nikdy za nik\u00fdm neplazi\u0165.<\/p>\n\n\n\n<p>Zvolil ticho. Pre odstup. Pre budovanie, nie pre ni\u010denie.<br>Pomsta by bola sladk\u00e1... ale kr\u00e1tkodob\u00e1.<\/p>\n\n\n\n<p>Ich sloboda bola d\u00f4le\u017eitej\u0161ia.<\/p>\n\n\n\n<p>Zanechal za sebou potrebu niekomu \u010doko\u013evek dokazova\u0165. Jeho nov\u00fd \u017eivot si nevy\u017eadoval potlesk ani vysvet\u013eovania.<\/p>\n\n\n\n<h2 class=\"wp-block-heading\">Nikdy nie je neskoro za\u010da\u0165 odznova<\/h2>\n\n\n\n<h3 class=\"wp-block-heading\">Pr\u00edbeh, ktor\u00fd by sme mali v\u0161etci po\u010du\u0165<\/h3>\n\n\n\n<p>Aurorin pr\u00edbeh je zrkadlom pre mnoh\u00fdch \u013eud\u00ed.<\/p>\n\n\n\n<p>Ukazuje n\u00e1m to <strong>ten <a href=\"https:\/\/dramashorts.io\/pt\/shorts\/86314a47-e7be-4adc-988d-8e4759725961?episode=1\">zrada <\/a>Bol\u00ed to, ale nedefinuje to<\/strong>\u017de v\u017edy existuje mo\u017enos\u0165 znovuzrodenia, aj ke\u010f sa nevr\u00e1time sp\u00e4\u0165 v \u010dase.<\/p>\n\n\n\n<p>Ka\u017ed\u00fd de\u0148 je nov\u00e1 pr\u00edle\u017eitos\u0165. A niekedy to, \u010do sa zd\u00e1 by\u0165 trag\u00e9diou, je len za\u010diatkom silnej\u0161ej verzie n\u00e1s sam\u00fdch.<\/p>\n\n\n\n<p>Mo\u017eno nem\u00e1me v\u0161etci tak\u00e9 \u0161\u0165astie ako Aurora. Ale m\u00f4\u017eeme sa rozhodn\u00fa\u0165 nezost\u00e1va\u0165 na mieste, ktor\u00e9 n\u00e1m ubli\u017euje.<\/p>\n\n\n\n<p>M\u00f4\u017eeme preru\u0161i\u0165 vz\u0165ahy s t\u00fdmi, ktor\u00ed si n\u00e1s nev\u00e1\u017eia. M\u00f4\u017eeme sa pozera\u0165 do bud\u00facnosti s otvoren\u00fdmi o\u010dami, bez strachu, s odvahou.<\/p>","protected":false},"excerpt":{"rendered":"<p>Pripravte sa na \u00fa\u017eas a nad\u0161enie! Pozrite si 1. epiz\u00f3du u\u017e teraz. L\u00e1ska m\u00f4\u017ee bolie\u0165... ale m\u00f4\u017ee aj zmeni\u0165. Pr\u00edbeh o zrade a druhej \u0161anci nie je len fr\u00e1za z telenovely. Je to realita, ktorej mnoh\u00ed \u013eudia \u010delia v tichosti. Aurora si myslela, \u017ee na\u0161la l\u00e1sku svojho \u017eivota. \u00daplne sa odovzdala, vzdala sa \u010dast\u00ed seba [\u2026]<\/p>","protected":false},"author":139,"featured_media":9503,"comment_status":"closed","ping_status":"open","sticky":false,"template":"","format":"standard","meta":{"footnotes":""},"categories":[5],"tags":[2304,2303,2302,2305,2301],"yoast_head":"<!-- This site is optimized with the Yoast SEO plugin v23.3 - https:\/\/yoast.com\/wordpress\/plugins\/seo\/ -->\n<title>\u00a1Traici\u00f3n y secretos! \u00a1Mira lo que pas\u00f3! - Universo Fam\u00edlia<\/title>\n<meta name=\"description\" content=\"\u00a1Traici\u00f3n y secretos! \u00a1Mira lo que pas\u00f3! El amor puede doler... pero tambi\u00e9n transformarHistoria de traici\u00f3n y segunda oportunidad...\" \/>\n<meta name=\"robots\" content=\"index, follow, max-snippet:-1, max-image-preview:large, max-video-preview:-1\" \/>\n<link rel=\"canonical\" href=\"https:\/\/universofamilia.com\/sk\/traicion-y-secretos-mira-lo-que-paso\/\" \/>\n<meta property=\"og:locale\" content=\"sk_SK\" \/>\n<meta property=\"og:type\" content=\"article\" \/>\n<meta property=\"og:title\" content=\"\u00a1Traici\u00f3n y secretos! \u00a1Mira lo que pas\u00f3! - Universo Fam\u00edlia\" \/>\n<meta property=\"og:description\" content=\"\u00a1Traici\u00f3n y secretos! \u00a1Mira lo que pas\u00f3! El amor puede doler... pero tambi\u00e9n transformarHistoria de traici\u00f3n y segunda oportunidad...\" \/>\n<meta property=\"og:url\" content=\"https:\/\/universofamilia.com\/sk\/traicion-y-secretos-mira-lo-que-paso\/\" \/>\n<meta property=\"og:site_name\" content=\"Universo Fam\u00edlia\" \/>\n<meta property=\"article:published_time\" content=\"2025-06-06T20:29:52+00:00\" \/>\n<meta property=\"article:modified_time\" content=\"2025-06-06T20:29:53+00:00\" \/>\n<meta property=\"og:image\" content=\"https:\/\/universofamilia.com\/wp-content\/uploads\/sites\/148\/2025\/06\/DESTAQUE-UNIVERSO-550-x-350-2-1.jpg\" \/>\n\t<meta property=\"og:image:width\" content=\"550\" \/>\n\t<meta property=\"og:image:height\" content=\"350\" \/>\n\t<meta property=\"og:image:type\" content=\"image\/jpeg\" \/>\n<meta name=\"author\" content=\"Pedro Henrique\" \/>\n<meta name=\"twitter:card\" content=\"summary_large_image\" \/>\n<meta name=\"twitter:label1\" content=\"Written by\" \/>\n\t<meta name=\"twitter:data1\" content=\"Pedro Henrique\" \/>\n\t<meta name=\"twitter:label2\" content=\"Est. reading time\" \/>\n\t<meta name=\"twitter:data2\" content=\"6 min\u00fat\" \/>\n<script type=\"application\/ld+json\" class=\"yoast-schema-graph\">{\"@context\":\"https:\/\/schema.org\",\"@graph\":[{\"@type\":\"WebPage\",\"@id\":\"https:\/\/universofamilia.com\/traicion-y-secretos-mira-lo-que-paso\/\",\"url\":\"https:\/\/universofamilia.com\/traicion-y-secretos-mira-lo-que-paso\/\",\"name\":\"\u00a1Traici\u00f3n y secretos! \u00a1Mira lo que pas\u00f3! - Universo Fam\u00edlia\",\"isPartOf\":{\"@id\":\"https:\/\/universofamilia.com\/el\/#website\"},\"primaryImageOfPage\":{\"@id\":\"https:\/\/universofamilia.com\/traicion-y-secretos-mira-lo-que-paso\/#primaryimage\"},\"image\":{\"@id\":\"https:\/\/universofamilia.com\/traicion-y-secretos-mira-lo-que-paso\/#primaryimage\"},\"thumbnailUrl\":\"https:\/\/universofamilia.com\/wp-content\/uploads\/sites\/148\/2025\/06\/DESTAQUE-UNIVERSO-550-x-350-2-1.jpg\",\"datePublished\":\"2025-06-06T20:29:52+00:00\",\"dateModified\":\"2025-06-06T20:29:53+00:00\",\"author\":{\"@id\":\"https:\/\/universofamilia.com\/el\/#\/schema\/person\/f07ce98187dd84d31154262e79b3b7ca\"},\"description\":\"\u00a1Traici\u00f3n y secretos! \u00a1Mira lo que pas\u00f3! El amor puede doler... pero tambi\u00e9n transformarHistoria de traici\u00f3n y segunda oportunidad...\",\"breadcrumb\":{\"@id\":\"https:\/\/universofamilia.com\/traicion-y-secretos-mira-lo-que-paso\/#breadcrumb\"},\"inLanguage\":\"sk-SK\",\"potentialAction\":[{\"@type\":\"ReadAction\",\"target\":[\"https:\/\/universofamilia.com\/traicion-y-secretos-mira-lo-que-paso\/\"]}]},{\"@type\":\"ImageObject\",\"inLanguage\":\"sk-SK\",\"@id\":\"https:\/\/universofamilia.com\/traicion-y-secretos-mira-lo-que-paso\/#primaryimage\",\"url\":\"https:\/\/universofamilia.com\/wp-content\/uploads\/sites\/148\/2025\/06\/DESTAQUE-UNIVERSO-550-x-350-2-1.jpg\",\"contentUrl\":\"https:\/\/universofamilia.com\/wp-content\/uploads\/sites\/148\/2025\/06\/DESTAQUE-UNIVERSO-550-x-350-2-1.jpg\",\"width\":550,\"height\":350,\"caption\":\"\u00a1Traici\u00f3n y secretos! \u00a1Mira lo que pas\u00f3!\"},{\"@type\":\"BreadcrumbList\",\"@id\":\"https:\/\/universofamilia.com\/traicion-y-secretos-mira-lo-que-paso\/#breadcrumb\",\"itemListElement\":[{\"@type\":\"ListItem\",\"position\":1,\"name\":\"Home\",\"item\":\"https:\/\/universofamilia.com\/el\/\"},{\"@type\":\"ListItem\",\"position\":2,\"name\":\"\u00a1Traici\u00f3n y secretos! \u00a1Mira lo que pas\u00f3!\"}]},{\"@type\":\"WebSite\",\"@id\":\"https:\/\/universofamilia.com\/el\/#website\",\"url\":\"https:\/\/universofamilia.com\/el\/\",\"name\":\"Universo Fam\u00edlia\",\"description\":\"\",\"potentialAction\":[{\"@type\":\"SearchAction\",\"target\":{\"@type\":\"EntryPoint\",\"urlTemplate\":\"https:\/\/universofamilia.com\/el\/?s={search_term_string}\"},\"query-input\":\"required name=search_term_string\"}],\"inLanguage\":\"sk-SK\"},{\"@type\":\"Person\",\"@id\":\"https:\/\/universofamilia.com\/el\/#\/schema\/person\/f07ce98187dd84d31154262e79b3b7ca\",\"name\":\"Pedro Henrique\",\"image\":{\"@type\":\"ImageObject\",\"inLanguage\":\"sk-SK\",\"@id\":\"https:\/\/universofamilia.com\/el\/#\/schema\/person\/image\/\",\"url\":\"https:\/\/secure.gravatar.com\/avatar\/9edfeb808cb4e1599f64d6e45b130154?s=96&d=mm&r=g\",\"contentUrl\":\"https:\/\/secure.gravatar.com\/avatar\/9edfeb808cb4e1599f64d6e45b130154?s=96&d=mm&r=g\",\"caption\":\"Pedro Henrique\"},\"url\":\"https:\/\/universofamilia.com\/sk\/author\/editor01\/\"}]}<\/script>\n<!-- \/ Yoast SEO plugin. -->","yoast_head_json":{"title":"\u00a1Traici\u00f3n y secretos! \u00a1Mira lo que pas\u00f3! - Universo Fam\u00edlia","description":"\u00a1Traici\u00f3n y secretos! \u00a1Mira lo que pas\u00f3! El amor puede doler... pero tambi\u00e9n transformarHistoria de traici\u00f3n y segunda oportunidad...","robots":{"index":"index","follow":"follow","max-snippet":"max-snippet:-1","max-image-preview":"max-image-preview:large","max-video-preview":"max-video-preview:-1"},"canonical":"https:\/\/universofamilia.com\/sk\/traicion-y-secretos-mira-lo-que-paso\/","og_locale":"sk_SK","og_type":"article","og_title":"\u00a1Traici\u00f3n y secretos! \u00a1Mira lo que pas\u00f3! - Universo Fam\u00edlia","og_description":"\u00a1Traici\u00f3n y secretos! \u00a1Mira lo que pas\u00f3! El amor puede doler... pero tambi\u00e9n transformarHistoria de traici\u00f3n y segunda oportunidad...","og_url":"https:\/\/universofamilia.com\/sk\/traicion-y-secretos-mira-lo-que-paso\/","og_site_name":"Universo Fam\u00edlia","article_published_time":"2025-06-06T20:29:52+00:00","article_modified_time":"2025-06-06T20:29:53+00:00","og_image":[{"width":550,"height":350,"url":"https:\/\/universofamilia.com\/wp-content\/uploads\/sites\/148\/2025\/06\/DESTAQUE-UNIVERSO-550-x-350-2-1.jpg","type":"image\/jpeg"}],"author":"Pedro Henrique","twitter_card":"summary_large_image","twitter_misc":{"Written by":"Pedro Henrique","Est. reading time":"6 min\u00fat"},"schema":{"@context":"https:\/\/schema.org","@graph":[{"@type":"WebPage","@id":"https:\/\/universofamilia.com\/traicion-y-secretos-mira-lo-que-paso\/","url":"https:\/\/universofamilia.com\/traicion-y-secretos-mira-lo-que-paso\/","name":"\u00a1Traici\u00f3n y secretos! \u00a1Mira lo que pas\u00f3! - Universo Fam\u00edlia","isPartOf":{"@id":"https:\/\/universofamilia.com\/el\/#website"},"primaryImageOfPage":{"@id":"https:\/\/universofamilia.com\/traicion-y-secretos-mira-lo-que-paso\/#primaryimage"},"image":{"@id":"https:\/\/universofamilia.com\/traicion-y-secretos-mira-lo-que-paso\/#primaryimage"},"thumbnailUrl":"https:\/\/universofamilia.com\/wp-content\/uploads\/sites\/148\/2025\/06\/DESTAQUE-UNIVERSO-550-x-350-2-1.jpg","datePublished":"2025-06-06T20:29:52+00:00","dateModified":"2025-06-06T20:29:53+00:00","author":{"@id":"https:\/\/universofamilia.com\/el\/#\/schema\/person\/f07ce98187dd84d31154262e79b3b7ca"},"description":"\u00a1Traici\u00f3n y secretos! \u00a1Mira lo que pas\u00f3! El amor puede doler... pero tambi\u00e9n transformarHistoria de traici\u00f3n y segunda oportunidad...","breadcrumb":{"@id":"https:\/\/universofamilia.com\/traicion-y-secretos-mira-lo-que-paso\/#breadcrumb"},"inLanguage":"sk-SK","potentialAction":[{"@type":"ReadAction","target":["https:\/\/universofamilia.com\/traicion-y-secretos-mira-lo-que-paso\/"]}]},{"@type":"ImageObject","inLanguage":"sk-SK","@id":"https:\/\/universofamilia.com\/traicion-y-secretos-mira-lo-que-paso\/#primaryimage","url":"https:\/\/universofamilia.com\/wp-content\/uploads\/sites\/148\/2025\/06\/DESTAQUE-UNIVERSO-550-x-350-2-1.jpg","contentUrl":"https:\/\/universofamilia.com\/wp-content\/uploads\/sites\/148\/2025\/06\/DESTAQUE-UNIVERSO-550-x-350-2-1.jpg","width":550,"height":350,"caption":"\u00a1Traici\u00f3n y secretos! \u00a1Mira lo que pas\u00f3!"},{"@type":"BreadcrumbList","@id":"https:\/\/universofamilia.com\/traicion-y-secretos-mira-lo-que-paso\/#breadcrumb","itemListElement":[{"@type":"ListItem","position":1,"name":"Home","item":"https:\/\/universofamilia.com\/el\/"},{"@type":"ListItem","position":2,"name":"\u00a1Traici\u00f3n y secretos! \u00a1Mira lo que pas\u00f3!"}]},{"@type":"WebSite","@id":"https:\/\/universofamilia.com\/el\/#website","url":"https:\/\/universofamilia.com\/el\/","name":"Universo Fam\u00edlia","description":"","potentialAction":[{"@type":"SearchAction","target":{"@type":"EntryPoint","urlTemplate":"https:\/\/universofamilia.com\/el\/?s={search_term_string}"},"query-input":"required name=search_term_string"}],"inLanguage":"sk-SK"},{"@type":"Person","@id":"https:\/\/universofamilia.com\/el\/#\/schema\/person\/f07ce98187dd84d31154262e79b3b7ca","name":"Pedro Henrique","image":{"@type":"ImageObject","inLanguage":"sk-SK","@id":"https:\/\/universofamilia.com\/el\/#\/schema\/person\/image\/","url":"https:\/\/secure.gravatar.com\/avatar\/9edfeb808cb4e1599f64d6e45b130154?s=96&d=mm&r=g","contentUrl":"https:\/\/secure.gravatar.com\/avatar\/9edfeb808cb4e1599f64d6e45b130154?s=96&d=mm&r=g","caption":"Pedro Henrique"},"url":"https:\/\/universofamilia.com\/sk\/author\/editor01\/"}]}},"_links":{"self":[{"href":"https:\/\/universofamilia.com\/sk\/wp-json\/wp\/v2\/posts\/9502"}],"collection":[{"href":"https:\/\/universofamilia.com\/sk\/wp-json\/wp\/v2\/posts"}],"about":[{"href":"https:\/\/universofamilia.com\/sk\/wp-json\/wp\/v2\/types\/post"}],"author":[{"embeddable":true,"href":"https:\/\/universofamilia.com\/sk\/wp-json\/wp\/v2\/users\/139"}],"replies":[{"embeddable":true,"href":"https:\/\/universofamilia.com\/sk\/wp-json\/wp\/v2\/comments?post=9502"}],"version-history":[{"count":1,"href":"https:\/\/universofamilia.com\/sk\/wp-json\/wp\/v2\/posts\/9502\/revisions"}],"predecessor-version":[{"id":9504,"href":"https:\/\/universofamilia.com\/sk\/wp-json\/wp\/v2\/posts\/9502\/revisions\/9504"}],"wp:featuredmedia":[{"embeddable":true,"href":"https:\/\/universofamilia.com\/sk\/wp-json\/wp\/v2\/media\/9503"}],"wp:attachment":[{"href":"https:\/\/universofamilia.com\/sk\/wp-json\/wp\/v2\/media?parent=9502"}],"wp:term":[{"taxonomy":"category","embeddable":true,"href":"https:\/\/universofamilia.com\/sk\/wp-json\/wp\/v2\/categories?post=9502"},{"taxonomy":"post_tag","embeddable":true,"href":"https:\/\/universofamilia.com\/sk\/wp-json\/wp\/v2\/tags?post=9502"}],"curies":[{"name":"wp","href":"https:\/\/api.w.org\/{rel}","templated":true}]}}