{"id":9763,"date":"2025-10-01T01:42:15","date_gmt":"2025-10-01T04:42:15","guid":{"rendered":"https:\/\/universofamilia.com\/?p=9763"},"modified":"2025-10-11T17:11:21","modified_gmt":"2025-10-11T20:11:21","slug":"los-paises-mas-avanzados-en-regulacion-de-ia-en-2025","status":"publish","type":"post","link":"https:\/\/universofamilia.com\/sk\/los-paises-mas-avanzados-en-regulacion-de-ia-en-2025\/","title":{"rendered":"Najpokro\u010dilej\u0161ie krajiny v regul\u00e1cii umelej inteligencie v roku 2025"},"content":{"rendered":"<p class=\"has-text-align-center\"><strong>Najpokro\u010dilej\u0161ie krajiny v regul\u00e1cii umelej inteligencie v roku 2025<\/strong> Stali sa protagonistami v debate, ktor\u00e1 nie je len technologick\u00e1, ale aj politick\u00e1, ekonomick\u00e1 a etick\u00e1.<\/p>\n\n\n<div class=\"wp-block-image\">\n<figure class=\"aligncenter size-full\"><img loading=\"lazy\" decoding=\"async\" width=\"550\" height=\"350\" src=\"https:\/\/universofamilia.com\/wp-content\/uploads\/sites\/148\/2025\/10\/DESTAQUE-UNIVERSO-550-x-350-1-1.jpg\" alt=\"\" class=\"wp-image-9765\" srcset=\"https:\/\/universofamilia.com\/wp-content\/uploads\/sites\/148\/2025\/10\/DESTAQUE-UNIVERSO-550-x-350-1-1.jpg 550w, https:\/\/universofamilia.com\/wp-content\/uploads\/sites\/148\/2025\/10\/DESTAQUE-UNIVERSO-550-x-350-1-1-300x191.jpg 300w, https:\/\/universofamilia.com\/wp-content\/uploads\/sites\/148\/2025\/10\/DESTAQUE-UNIVERSO-550-x-350-1-1-18x12.jpg 18w\" sizes=\"(max-width: 550px) 100vw, 550px\" \/><figcaption class=\"wp-element-caption\">Canva<\/figcaption><\/figure><\/div>\n\n\n<p>Sp\u00f4sob, ak\u00fdm sa vl\u00e1dy rozhodn\u00fa regulova\u0165 umel\u00fa inteligenciu, rozhoduje o tom, \u010di bud\u00facnos\u0165 bude zodpovedn\u00e1 a \u010di bude pln\u00e1 nekontrolovan\u00fdch riz\u00edk.<\/p>\n\n\n\n<p>V tomto \u010dl\u00e1nku sa dozviete:<\/p>\n\n\n\n<ul>\n<li>Ktor\u00e9 regi\u00f3ny s\u00fa l\u00eddrami pri tvorbe z\u00e1konov a regula\u010dn\u00fdch r\u00e1mcov v oblasti umelej inteligencie?<\/li>\n\n\n\n<li>Ako sa l\u00ed\u0161ia strat\u00e9gie Eur\u00f3py, Spojen\u00fdch \u0161t\u00e1tov, \u010c\u00edny a Latinskej Ameriky.<\/li>\n\n\n\n<li>Pre\u010do regul\u00e1cie nie s\u00fa prek\u00e1\u017ekou, ale pr\u00edle\u017eitos\u0165ou.<\/li>\n\n\n\n<li>Konkr\u00e9tne pr\u00edklady, ktor\u00e9 ilustruj\u00fa skuto\u010dn\u00fd dopad na spolo\u010dnos\u0165.<\/li>\n\n\n\n<li>Odpovede na naj\u010dastej\u0161ie kladen\u00e9 ot\u00e1zky k tejto t\u00e9me.<\/li>\n<\/ul>\n\n\n\n<h2 class=\"wp-block-heading\">Potreba legislat\u00edvy v oblasti umelej inteligencie<\/h2>\n\n\n\n<p>Umel\u00e1 inteligencia sa roz\u0161\u00edrila do v\u0161etk\u00fdch oblast\u00ed: zdravotn\u00edctva, dopravy, spravodlivosti, vzdel\u00e1vania a dokonca aj volebn\u00fdch procesov.<\/p>\n\n\n\n<p>Jeho vplyv vyvol\u00e1va nad\u0161enie aj obavy. \u00dastrednou ot\u00e1zkou je, ako zabezpe\u010di\u0165, aby bol prospe\u0161n\u00fd pre spolo\u010dnos\u0165 bez toho, aby sa stal hrozbou.<\/p>\n\n\n\n<p>Od roku 2024 Eur\u00f3pska \u00fania urobila historick\u00fd krok schv\u00e1len\u00edm <strong>Z\u00e1kon o umelej inteligencii (AI Act)<\/strong>, pova\u017eovan\u00fd za najpokro\u010dilej\u0161\u00ed regula\u010dn\u00fd r\u00e1mec na svete. <\/p>\n\n\n\n<p>Jeho pr\u00edstup zalo\u017een\u00fd na riziku stanovuje r\u00f4zne \u00farovne doh\u013eadu na z\u00e1klade potenci\u00e1lu syst\u00e9mov\u00fdch \u0161k\u00f4d s pr\u00edsnymi sankciami pre spolo\u010dnosti, ktor\u00e9 ich nedodr\u017eiavaj\u00fa.<\/p>\n\n\n\n<h2 class=\"wp-block-heading\">Eur\u00f3pa: glob\u00e1lny referen\u010dn\u00fd model<\/h2>\n\n\n\n<p>E\u00da je na \u010dele rebr\u00ed\u010dka <strong>Najpokro\u010dilej\u0161ie krajiny v regul\u00e1cii umelej inteligencie v roku 2025<\/strong> v\u010faka v\u00edzii, ktor\u00e1 sp\u00e1ja inov\u00e1cie a z\u00e1kladn\u00e9 pr\u00e1va.<\/p>\n\n\n\n<p>Z\u00e1kon o umelej inteligencii klasifikuje aplik\u00e1cie umelej inteligencie do \u0161tyroch kateg\u00f3ri\u00ed: minim\u00e1lne riziko, obmedzen\u00e9 riziko, vysok\u00e9 riziko a zak\u00e1zan\u00e9 riziko.<\/p>\n\n\n\n<p>Ilustrat\u00edvny pr\u00edklad: syst\u00e9my rozpozn\u00e1vania tv\u00e1re vo verejn\u00fdch priestoroch boli obmedzen\u00e9 z d\u00f4vodu ob\u00e1v o s\u00fakromie a hromadn\u00e9ho sledovania.<\/p>\n\n\n\n<p>Na druhej strane, lek\u00e1rske diagnostick\u00e9 n\u00e1stroje poh\u00e1\u0148an\u00e9 umelou inteligenciou s\u00fa povolen\u00e9, ale za pr\u00edsnych kontrol transparentnosti a bezpe\u010dnosti.<\/p>\n\n\n\n<h2 class=\"wp-block-heading\">Spojen\u00e9 \u0161t\u00e1ty: fragmentovan\u00e1, ale strategick\u00e1 regul\u00e1cia<\/h2>\n\n\n\n<p>Na rozdiel od Eur\u00f3py, pr\u00edstup USA nie je zalo\u017een\u00fd na jednom z\u00e1kone. Krajina sa rozhodla pre feder\u00e1lne smernice a \u0161pecifick\u00e9 \u0161t\u00e1tne nariadenia.<\/p>\n\n\n\n<p>V roku 2022 Biely dom zverejnil <strong>N\u00e1vrh listiny pr\u00e1v umelej inteligencie<\/strong>, ktor\u00e1 s\u00edce nebola z\u00e1v\u00e4zn\u00e1, ale otvorila n\u00e1rodn\u00fa diskusiu o digit\u00e1lnych pr\u00e1vach.<\/p>\n\n\n\n<p>V roku 2025 nieko\u013eko \u0161t\u00e1tov prijalo vlastn\u00e9 nariadenia. Napr\u00edklad Kalifornia vy\u017eaduje, aby spolo\u010dnosti preuk\u00e1zali, \u017ee ich algoritmy na n\u00e1bor zamestnancov nediskriminuj\u00fa na z\u00e1klade pohlavia alebo rasy.<\/p>\n\n\n\n<p>T\u00e1to regula\u010dn\u00e1 rozmanitos\u0165 odr\u00e1\u017ea flexibilnej\u0161\u00ed model, ale aj model, ktor\u00fd je zlo\u017eitej\u0161\u00ed na harmoniz\u00e1ciu.<\/p>\n\n\n\n<h2 class=\"wp-block-heading\">\u010c\u00edna: kontrola a rozvoj z\u00e1rove\u0148<\/h2>\n\n\n\n<p>\u010c\u00ednsky pr\u00edpad je jedine\u010dn\u00fd. Peking kombinuje pr\u00edsnu politick\u00fa kontrolu s ambici\u00f3znym \u00fasil\u00edm o rozvoj svojho technologick\u00e9ho priemyslu. <\/p>\n\n\n\n<p>Od roku 2023 zaviedla pr\u00edsne pravidl\u00e1 t\u00fdkaj\u00face sa generat\u00edvnej umelej inteligencie a odpor\u00fa\u010dac\u00edch algoritmov na digit\u00e1lnych platform\u00e1ch.<\/p>\n\n\n\n<p>V roku 2025 bola konsolidovan\u00e1 ako jedna z <strong>Najpokro\u010dilej\u0161ie krajiny v regul\u00e1cii umelej inteligencie v roku 2025<\/strong>, aj ke\u010f s odli\u0161n\u00fdm pr\u00edstupom: obmedzenie obsahu pova\u017eovan\u00e9ho za citliv\u00fd z h\u013eadiska \u201en\u00e1rodnej bezpe\u010dnosti\u201c a z\u00e1rove\u0148 posilnenie lok\u00e1lnych startupov a technologick\u00fdch gigantov.<\/p>\n\n\n\n<h2 class=\"wp-block-heading\">Latinsk\u00e1 Amerika: nerovnomern\u00fd pokrok<\/h2>\n\n\n\n<p>Regi\u00f3n dosahuje pokroky, ale nerovnomerne. Braz\u00edlia rokuje o pr\u00e1vnom r\u00e1mci in\u0161pirovanom eur\u00f3pskym modelom od roku 2023. Mexiko na druhej strane vytvorilo poradn\u00e9 rady a po\u010diato\u010dn\u00e9 usmernenia, hoci mu st\u00e1le ch\u00fdba komplexn\u00fd z\u00e1kon.<\/p>\n\n\n\n<p>Hlavnou v\u00fdzvou je nedostatok infra\u0161trukt\u00fary a zdrojov. \u010coraz viac vl\u00e1d si v\u0161ak uvedomuje, \u017ee bez jasnej regul\u00e1cie riskuj\u00fa zaost\u00e1vanie v oblasti inov\u00e1ci\u00ed a stan\u00fa sa zranite\u013en\u00fdmi vo\u010di zneu\u017e\u00edvaniu osobn\u00fdch \u00fadajov.<\/p>\n\n\n\n<h2 class=\"wp-block-heading\">Porovn\u00e1vacia tabu\u013eka regula\u010dn\u00fdch pr\u00edstupov<\/h2>\n\n\n\n<figure class=\"wp-block-table\"><table><thead><tr><th>Regi\u00f3n \/ Krajina<\/th><th>K\u013e\u00fa\u010dov\u00fd rok<\/th><th>Hlavn\u00e9 zameranie<\/th><th>Charakteristiky<\/th><\/tr><\/thead><tbody><tr><td>Eur\u00f3pska \u00fania<\/td><td>2024-2025<\/td><td>Z\u00e1v\u00e4zn\u00e9 pr\u00e1vo<\/td><td>Klasifik\u00e1cia rizika, pr\u00edsne sankcie, povinn\u00e1 transparentnos\u0165<\/td><\/tr><tr><td>USA<\/td><td>2022-2025<\/td><td>\u0160t\u00e1tne predpisy<\/td><td>Fragment\u00e1cia, zalo\u017een\u00e1 na pr\u00e1vach, flexibilita podnikania<\/td><\/tr><tr><td>\u010c\u00edna<\/td><td>2023-2025<\/td><td>\u0160t\u00e1tna kontrola<\/td><td>Regul\u00e1cia obsahu, podpora lok\u00e1lnych inov\u00e1ci\u00ed<\/td><\/tr><tr><td>Latinsk\u00e1 Amerika<\/td><td>2023-2025<\/td><td>Hybridn\u00e9 modely<\/td><td>In\u0161pir\u00e1cia z E\u00da, st\u00e1le v \u0161t\u00e1diu diskusie a v\u00fdvoja<\/td><\/tr><\/tbody><\/table><figcaption class=\"wp-element-caption\">Krajiny, ktor\u00e9 bud\u00fa do roku 2025 najpokro\u010dilej\u0161ie v regul\u00e1cii umelej inteligencie<\/figcaption><\/figure>\n\n\n<div class=\"wp-block-image\">\n<figure class=\"aligncenter size-full\"><img loading=\"lazy\" decoding=\"async\" width=\"550\" height=\"350\" src=\"https:\/\/universofamilia.com\/wp-content\/uploads\/sites\/148\/2025\/10\/DESTAQUE-UNIVERSO-550-x-350-2.jpg\" alt=\"\" class=\"wp-image-9766\" srcset=\"https:\/\/universofamilia.com\/wp-content\/uploads\/sites\/148\/2025\/10\/DESTAQUE-UNIVERSO-550-x-350-2.jpg 550w, https:\/\/universofamilia.com\/wp-content\/uploads\/sites\/148\/2025\/10\/DESTAQUE-UNIVERSO-550-x-350-2-300x191.jpg 300w, https:\/\/universofamilia.com\/wp-content\/uploads\/sites\/148\/2025\/10\/DESTAQUE-UNIVERSO-550-x-350-2-18x12.jpg 18w\" sizes=\"(max-width: 550px) 100vw, 550px\" \/><figcaption class=\"wp-element-caption\">Canva<\/figcaption><\/figure><\/div>\n\n\n<p>\u010c\u00edtajte viac:&nbsp;<a href=\"https:\/\/universofamilia.com\/sk\/inteligencia-artificial-y-politica\/\">Umel\u00e1 inteligencia a politika: Ako vl\u00e1dy reguluj\u00fa umel\u00fa inteligenciu na celom svete<\/a><\/p>\n\n\n\n<h2 class=\"wp-block-heading\">Fakt, ktor\u00fd nemo\u017eno ignorova\u0165<\/h2>\n\n\n\n<p>Pod\u013ea <strong>Index umelej inteligencie Stanfordskej univerzity za rok 2024<\/strong>viac ako <strong>70% kraj\u00edn OSN<\/strong> u\u017e pred rokom 2025 vypracovali regula\u010dn\u00e9 projekty alebo etick\u00e9 r\u00e1mce t\u00fdkaj\u00face sa umelej inteligencie.<\/p>\n\n\n\n<p>Tieto \u00fadaje potvrdzuj\u00fa, \u017ee trend je glob\u00e1lny a \u017ee nejde o izolovan\u00fa diskusiu.<\/p>\n\n\n\n<h2 class=\"wp-block-heading\">V\u00fdhody regul\u00e1cie bez spomalenia inov\u00e1ci\u00ed<\/h2>\n\n\n\n<p>Dobre navrhnut\u00e9 predpisy neblokuj\u00fa pokrok, ale d\u00e1vaj\u00fa mu legitimitu. Spolo\u010dnosti, ktor\u00e9 dodr\u017eiavaj\u00fa etick\u00e9 \u0161tandardy, z\u00edskavaj\u00fa d\u00f4veryhodnos\u0165 a pr\u00edstup na medzin\u00e1rodn\u00e9 trhy.<\/p>\n\n\n\n<p>Pr\u00edklad: V eur\u00f3pskom bankovom sektore pravidl\u00e1 t\u00fdkaj\u00face sa \u00faverov\u00fdch algoritmov zv\u00fd\u0161ili d\u00f4veru ob\u010danov zn\u00ed\u017een\u00edm diskrimin\u00e1cie pri poskytovan\u00ed \u00faverov.<\/p>\n\n\n\n<p>Regul\u00e1cia tie\u017e pom\u00e1ha predv\u00edda\u0165 rizik\u00e1. Zaujatos\u0165, poru\u0161ovanie s\u00fakromia a politick\u00e1 manipul\u00e1cia s\u00fa scen\u00e1re, ktor\u00e9 mo\u017eno zmierni\u0165 len sol\u00eddnym pr\u00e1vnym r\u00e1mcom.<\/p>\n\n\n\n<h2 class=\"wp-block-heading\">Anal\u00f3gia na pochopenie okamihu<\/h2>\n\n\n\n<p>Umel\u00fa inteligenciu mo\u017eno prirovna\u0165 k elektrine v 19. storo\u010d\u00ed. Jej potenci\u00e1l transformoval cel\u00e9 odvetvia, ale bez riadnej regul\u00e1cie viedol k nehod\u00e1m a nerovnosti.<\/p>\n\n\n\n<p>Dnes je umel\u00e1 inteligencia v podobnej f\u00e1ze: vy\u017eaduje si regul\u00e1cie, ktor\u00e9 zabezpe\u010dia bezpe\u010dn\u00e9 a spravodliv\u00e9 pou\u017e\u00edvanie.<\/p>\n\n\n\n<h2 class=\"wp-block-heading\">Medzin\u00e1rodn\u00e1 spr\u00e1va vec\u00ed verejn\u00fdch: pretrv\u00e1vaj\u00faca v\u00fdzva<\/h2>\n\n\n\n<p>Hoci panuje konsenzus o potrebe pravidiel, ch\u00fdba glob\u00e1lna koordin\u00e1cia. OSN, OECD a G7 s\u00edce spustili iniciat\u00edvy, ale geopolitick\u00e9 rozdiely s\u0165a\u017euj\u00fa vytvorenie univerz\u00e1lneho r\u00e1mca.<\/p>\n\n\n\n<p>Zatia\u013e \u010do Eur\u00f3pa uprednost\u0148uje pr\u00e1va ob\u010danov, \u010c\u00edna obhajuje technologick\u00fa suverenitu a Spojen\u00e9 \u0161t\u00e1ty chr\u00e1nia konkurencieschopnos\u0165 podnikov.<\/p>\n\n\n\n<p>Latinsk\u00e1 Amerika sa sna\u017e\u00ed prisp\u00f4sobi\u0165 glob\u00e1lnym \u0161tandardom bez toho, aby obetovala svoje vlastn\u00e9 soci\u00e1lne potreby.<\/p>\n\n\n\n<h2 class=\"wp-block-heading\">Z\u00e1ver<\/h2>\n\n\n\n<p>Anal\u00fdza <strong>Najpokro\u010dilej\u0161ie krajiny v regul\u00e1cii umelej inteligencie v roku 2025<\/strong> ukazuje, \u017ee neexistuje jedin\u00e1 cesta.<\/p>\n\n\n\n<p>Eur\u00f3pa postupuje vpred s pr\u00edsnymi z\u00e1konmi, Spojen\u00e9 \u0161t\u00e1ty uprednost\u0148uj\u00fa mozaiku regul\u00e1ci\u00ed, \u010c\u00edna presadzuje \u0161t\u00e1tnu kontrolu a Latinsk\u00e1 Amerika h\u013ead\u00e1 vlastn\u00fd model in\u0161pirovan\u00fd medzin\u00e1rodn\u00fdmi krit\u00e9riami.<\/p>\n\n\n\n<p>Regul\u00e1cia umelej inteligencie nie je mo\u017enos\u0165ou, je to historick\u00e1 povinnos\u0165. \u00dastrednou ot\u00e1zkou nie je, \u010di regulova\u0165, ale ako to urobi\u0165 sp\u00f4sobom, ktor\u00fd zaru\u010d\u00ed pr\u00e1va, podpor\u00ed inov\u00e1cie a zabezpe\u010d\u00ed d\u00f4veryhodn\u00fa digit\u00e1lnu bud\u00facnos\u0165 pre v\u0161etk\u00fdch.<\/p>\n\n\n\n<p>\u010c\u00edtajte viac:&nbsp;<a href=\"https:\/\/universofamilia.com\/sk\/lll-me-siento-sola-y-quiero-platicar-contigo-por-estos-apps-de-citas\/\">Som osamel\u00fd a chcem s vami chatova\u0165 prostredn\u00edctvom t\u00fdchto zoznamovac\u00edch aplik\u00e1ci\u00ed<\/a><\/p>\n\n\n\n<h2 class=\"wp-block-heading\">\u010casto kladen\u00e9 ot\u00e1zky (FAQ)<\/h2>\n\n\n\n<p><strong>1. Ktor\u00e9 krajiny bud\u00fa v roku 2025 vies\u0165 regul\u00e1ciu umelej inteligencie?<\/strong><br>Ako referen\u010dn\u00e9 hodnoty vynik\u00e1 Eur\u00f3pska \u00fania, \u010c\u00edna a Spojen\u00e9 \u0161t\u00e1ty, hoci s odli\u0161n\u00fdmi pr\u00edstupmi.<\/p>\n\n\n\n<p><strong>2. Je eur\u00f3pska regul\u00e1cia najpr\u00edsnej\u0161ia?<\/strong><br>\u00c1no, z\u00e1kon o umelej inteligencii uklad\u00e1 spolo\u010dnostiam, ktor\u00e9 ich nedodr\u017eiavaj\u00fa, pr\u00e1vne povinnosti a sankcie.<\/p>\n\n\n\n<p><strong>3. Ako napreduje Latinsk\u00e1 Amerika?<\/strong><br>Braz\u00edlia a Mexiko s\u00fa vpredu, ale komplexn\u00e9 z\u00e1kony je e\u0161te potrebn\u00e9 konsolidova\u0165.<\/p>\n\n\n\n<p><strong>4. Ak\u00e9 rizik\u00e1 rie\u0161ia tieto nariadenia?<\/strong><br>S\u00fakromie, algoritmick\u00e9 skreslenia, n\u00e1rodn\u00e1 bezpe\u010dnos\u0165 a dezinform\u00e1cie.<\/p>\n\n\n\n<p><strong>5. Obmedzuje regul\u00e1cia inov\u00e1cie?<\/strong><br>Dobr\u00e1 regul\u00e1cia podporuje zodpovedn\u00fa inov\u00e1ciu, nie ju brzd\u00ed.<\/p>\n\n\n\n<p><strong>6. Vyv\u00edja sa medzin\u00e1rodn\u00e9 \u00fasilie?<\/strong><br>OSN a OECD presadzuj\u00fa glob\u00e1lne \u0161tandardy, hoci zatia\u013e neexistuje univerz\u00e1lny konsenzus.<\/p>\n\n\n\n<p><strong>7. Pre\u010do je regul\u00e1cia v roku 2025 tak\u00e1 naliehav\u00e1?<\/strong><br>Preto\u017ee umel\u00e1 inteligencia u\u017e teraz ovplyv\u0148uje k\u013e\u00fa\u010dov\u00e9 rozhodnutia v oblasti zdravia, spravodlivosti, financi\u00ed a politiky, \u010do m\u00e1 priame d\u00f4sledky pre \u017eivoty mili\u00f3nov \u013eud\u00ed.<\/p>","protected":false},"excerpt":{"rendered":"<p>Najpokro\u010dilej\u0161ie krajiny v regul\u00e1cii umelej inteligencie sa v roku 2025 stali protagonistami v diskusii, ktor\u00e1 nie je len technologick\u00e1, ale aj politick\u00e1, ekonomick\u00e1 a etick\u00e1. Sp\u00f4sob, ak\u00fdm sa vl\u00e1dy rozhodn\u00fa regulova\u0165 umel\u00fa inteligenciu, predstavuje rozdiel medzi bud\u00facnos\u0165ou zodpovedn\u00fdch inov\u00e1ci\u00ed a scen\u00e1rom nekontrolovan\u00fdch riz\u00edk. V [\u2026]<\/p>","protected":false},"author":219,"featured_media":9756,"comment_status":"closed","ping_status":"open","sticky":false,"template":"","format":"standard","meta":{"footnotes":""},"categories":[4],"tags":[],"yoast_head":"<!-- This site is optimized with the Yoast SEO plugin v23.3 - https:\/\/yoast.com\/wordpress\/plugins\/seo\/ -->\n<title>Los pa\u00edses m\u00e1s avanzados en regulaci\u00f3n de IA en 2025 - Universo Fam\u00edlia<\/title>\n<meta name=\"description\" content=\"Los pa\u00edses m\u00e1s avanzados en regulaci\u00f3n de IA en 2025 se convirtieron en protagonistas de un debate que no solo es tecnol\u00f3gico, sino tambi\u00e9n...\" \/>\n<meta name=\"robots\" content=\"index, follow, max-snippet:-1, max-image-preview:large, max-video-preview:-1\" \/>\n<link rel=\"canonical\" href=\"https:\/\/universofamilia.com\/sk\/los-paises-mas-avanzados-en-regulacion-de-ia-en-2025\/\" \/>\n<meta property=\"og:locale\" content=\"sk_SK\" \/>\n<meta property=\"og:type\" content=\"article\" \/>\n<meta property=\"og:title\" content=\"Los pa\u00edses m\u00e1s avanzados en regulaci\u00f3n de IA en 2025 - Universo Fam\u00edlia\" \/>\n<meta property=\"og:description\" content=\"Los pa\u00edses m\u00e1s avanzados en regulaci\u00f3n de IA en 2025 se convirtieron en protagonistas de un debate que no solo es tecnol\u00f3gico, sino tambi\u00e9n...\" \/>\n<meta property=\"og:url\" content=\"https:\/\/universofamilia.com\/sk\/los-paises-mas-avanzados-en-regulacion-de-ia-en-2025\/\" \/>\n<meta property=\"og:site_name\" content=\"Universo Fam\u00edlia\" \/>\n<meta property=\"article:published_time\" content=\"2025-10-01T04:42:15+00:00\" \/>\n<meta property=\"article:modified_time\" content=\"2025-10-11T20:11:21+00:00\" \/>\n<meta property=\"og:image\" content=\"https:\/\/universofamilia.com\/wp-content\/uploads\/sites\/148\/2025\/09\/DESTAQUE-UNIVERSO-550-x-350-1-1.jpg\" \/>\n\t<meta property=\"og:image:width\" content=\"550\" \/>\n\t<meta property=\"og:image:height\" content=\"350\" \/>\n\t<meta property=\"og:image:type\" content=\"image\/jpeg\" \/>\n<meta name=\"author\" content=\"Matheus Sangaletti\" \/>\n<meta name=\"twitter:card\" content=\"summary_large_image\" \/>\n<meta name=\"twitter:label1\" content=\"Written by\" \/>\n\t<meta name=\"twitter:data1\" content=\"Matheus Sangaletti\" \/>\n\t<meta name=\"twitter:label2\" content=\"Est. reading time\" \/>\n\t<meta name=\"twitter:data2\" content=\"7 min\u00fat\" \/>\n<script type=\"application\/ld+json\" class=\"yoast-schema-graph\">{\"@context\":\"https:\/\/schema.org\",\"@graph\":[{\"@type\":\"WebPage\",\"@id\":\"https:\/\/universofamilia.com\/cs\/los-paises-mas-avanzados-en-regulacion-de-ia-en-2025\/\",\"url\":\"https:\/\/universofamilia.com\/cs\/los-paises-mas-avanzados-en-regulacion-de-ia-en-2025\/\",\"name\":\"Los pa\u00edses m\u00e1s avanzados en regulaci\u00f3n de IA en 2025 - Universo Fam\u00edlia\",\"isPartOf\":{\"@id\":\"https:\/\/universofamilia.com\/el\/#website\"},\"primaryImageOfPage\":{\"@id\":\"https:\/\/universofamilia.com\/cs\/los-paises-mas-avanzados-en-regulacion-de-ia-en-2025\/#primaryimage\"},\"image\":{\"@id\":\"https:\/\/universofamilia.com\/cs\/los-paises-mas-avanzados-en-regulacion-de-ia-en-2025\/#primaryimage\"},\"thumbnailUrl\":\"https:\/\/universofamilia.com\/wp-content\/uploads\/sites\/148\/2025\/09\/DESTAQUE-UNIVERSO-550-x-350-1-1.jpg\",\"datePublished\":\"2025-10-01T04:42:15+00:00\",\"dateModified\":\"2025-10-11T20:11:21+00:00\",\"author\":{\"@id\":\"https:\/\/universofamilia.com\/el\/#\/schema\/person\/92fcd07e9b1f4323bf74f3170fc0f78a\"},\"description\":\"Los pa\u00edses m\u00e1s avanzados en regulaci\u00f3n de IA en 2025 se convirtieron en protagonistas de un debate que no solo es tecnol\u00f3gico, sino tambi\u00e9n...\",\"breadcrumb\":{\"@id\":\"https:\/\/universofamilia.com\/cs\/los-paises-mas-avanzados-en-regulacion-de-ia-en-2025\/#breadcrumb\"},\"inLanguage\":\"sk-SK\",\"potentialAction\":[{\"@type\":\"ReadAction\",\"target\":[\"https:\/\/universofamilia.com\/cs\/los-paises-mas-avanzados-en-regulacion-de-ia-en-2025\/\"]}]},{\"@type\":\"ImageObject\",\"inLanguage\":\"sk-SK\",\"@id\":\"https:\/\/universofamilia.com\/cs\/los-paises-mas-avanzados-en-regulacion-de-ia-en-2025\/#primaryimage\",\"url\":\"https:\/\/universofamilia.com\/wp-content\/uploads\/sites\/148\/2025\/09\/DESTAQUE-UNIVERSO-550-x-350-1-1.jpg\",\"contentUrl\":\"https:\/\/universofamilia.com\/wp-content\/uploads\/sites\/148\/2025\/09\/DESTAQUE-UNIVERSO-550-x-350-1-1.jpg\",\"width\":550,\"height\":350},{\"@type\":\"BreadcrumbList\",\"@id\":\"https:\/\/universofamilia.com\/cs\/los-paises-mas-avanzados-en-regulacion-de-ia-en-2025\/#breadcrumb\",\"itemListElement\":[{\"@type\":\"ListItem\",\"position\":1,\"name\":\"Home\",\"item\":\"https:\/\/universofamilia.com\/el\/\"},{\"@type\":\"ListItem\",\"position\":2,\"name\":\"Los pa\u00edses m\u00e1s avanzados en regulaci\u00f3n de IA en 2025\"}]},{\"@type\":\"WebSite\",\"@id\":\"https:\/\/universofamilia.com\/el\/#website\",\"url\":\"https:\/\/universofamilia.com\/el\/\",\"name\":\"Universo Fam\u00edlia\",\"description\":\"\",\"potentialAction\":[{\"@type\":\"SearchAction\",\"target\":{\"@type\":\"EntryPoint\",\"urlTemplate\":\"https:\/\/universofamilia.com\/el\/?s={search_term_string}\"},\"query-input\":\"required name=search_term_string\"}],\"inLanguage\":\"sk-SK\"},{\"@type\":\"Person\",\"@id\":\"https:\/\/universofamilia.com\/el\/#\/schema\/person\/92fcd07e9b1f4323bf74f3170fc0f78a\",\"name\":\"Matheus Sangaletti\",\"image\":{\"@type\":\"ImageObject\",\"inLanguage\":\"sk-SK\",\"@id\":\"https:\/\/universofamilia.com\/el\/#\/schema\/person\/image\/\",\"url\":\"https:\/\/secure.gravatar.com\/avatar\/280ea957a14a48e6a1ad2133d2cc27c9?s=96&d=mm&r=g\",\"contentUrl\":\"https:\/\/secure.gravatar.com\/avatar\/280ea957a14a48e6a1ad2133d2cc27c9?s=96&d=mm&r=g\",\"caption\":\"Matheus Sangaletti\"},\"url\":\"https:\/\/universofamilia.com\/sk\/author\/matheuss\/\"}]}<\/script>\n<!-- \/ Yoast SEO plugin. -->","yoast_head_json":{"title":"Los pa\u00edses m\u00e1s avanzados en regulaci\u00f3n de IA en 2025 - Universo Fam\u00edlia","description":"Los pa\u00edses m\u00e1s avanzados en regulaci\u00f3n de IA en 2025 se convirtieron en protagonistas de un debate que no solo es tecnol\u00f3gico, sino tambi\u00e9n...","robots":{"index":"index","follow":"follow","max-snippet":"max-snippet:-1","max-image-preview":"max-image-preview:large","max-video-preview":"max-video-preview:-1"},"canonical":"https:\/\/universofamilia.com\/sk\/los-paises-mas-avanzados-en-regulacion-de-ia-en-2025\/","og_locale":"sk_SK","og_type":"article","og_title":"Los pa\u00edses m\u00e1s avanzados en regulaci\u00f3n de IA en 2025 - Universo Fam\u00edlia","og_description":"Los pa\u00edses m\u00e1s avanzados en regulaci\u00f3n de IA en 2025 se convirtieron en protagonistas de un debate que no solo es tecnol\u00f3gico, sino tambi\u00e9n...","og_url":"https:\/\/universofamilia.com\/sk\/los-paises-mas-avanzados-en-regulacion-de-ia-en-2025\/","og_site_name":"Universo Fam\u00edlia","article_published_time":"2025-10-01T04:42:15+00:00","article_modified_time":"2025-10-11T20:11:21+00:00","og_image":[{"width":550,"height":350,"url":"https:\/\/universofamilia.com\/wp-content\/uploads\/sites\/148\/2025\/09\/DESTAQUE-UNIVERSO-550-x-350-1-1.jpg","type":"image\/jpeg"}],"author":"Matheus Sangaletti","twitter_card":"summary_large_image","twitter_misc":{"Written by":"Matheus Sangaletti","Est. reading time":"7 min\u00fat"},"schema":{"@context":"https:\/\/schema.org","@graph":[{"@type":"WebPage","@id":"https:\/\/universofamilia.com\/cs\/los-paises-mas-avanzados-en-regulacion-de-ia-en-2025\/","url":"https:\/\/universofamilia.com\/cs\/los-paises-mas-avanzados-en-regulacion-de-ia-en-2025\/","name":"Los pa\u00edses m\u00e1s avanzados en regulaci\u00f3n de IA en 2025 - Universo Fam\u00edlia","isPartOf":{"@id":"https:\/\/universofamilia.com\/el\/#website"},"primaryImageOfPage":{"@id":"https:\/\/universofamilia.com\/cs\/los-paises-mas-avanzados-en-regulacion-de-ia-en-2025\/#primaryimage"},"image":{"@id":"https:\/\/universofamilia.com\/cs\/los-paises-mas-avanzados-en-regulacion-de-ia-en-2025\/#primaryimage"},"thumbnailUrl":"https:\/\/universofamilia.com\/wp-content\/uploads\/sites\/148\/2025\/09\/DESTAQUE-UNIVERSO-550-x-350-1-1.jpg","datePublished":"2025-10-01T04:42:15+00:00","dateModified":"2025-10-11T20:11:21+00:00","author":{"@id":"https:\/\/universofamilia.com\/el\/#\/schema\/person\/92fcd07e9b1f4323bf74f3170fc0f78a"},"description":"Los pa\u00edses m\u00e1s avanzados en regulaci\u00f3n de IA en 2025 se convirtieron en protagonistas de un debate que no solo es tecnol\u00f3gico, sino tambi\u00e9n...","breadcrumb":{"@id":"https:\/\/universofamilia.com\/cs\/los-paises-mas-avanzados-en-regulacion-de-ia-en-2025\/#breadcrumb"},"inLanguage":"sk-SK","potentialAction":[{"@type":"ReadAction","target":["https:\/\/universofamilia.com\/cs\/los-paises-mas-avanzados-en-regulacion-de-ia-en-2025\/"]}]},{"@type":"ImageObject","inLanguage":"sk-SK","@id":"https:\/\/universofamilia.com\/cs\/los-paises-mas-avanzados-en-regulacion-de-ia-en-2025\/#primaryimage","url":"https:\/\/universofamilia.com\/wp-content\/uploads\/sites\/148\/2025\/09\/DESTAQUE-UNIVERSO-550-x-350-1-1.jpg","contentUrl":"https:\/\/universofamilia.com\/wp-content\/uploads\/sites\/148\/2025\/09\/DESTAQUE-UNIVERSO-550-x-350-1-1.jpg","width":550,"height":350},{"@type":"BreadcrumbList","@id":"https:\/\/universofamilia.com\/cs\/los-paises-mas-avanzados-en-regulacion-de-ia-en-2025\/#breadcrumb","itemListElement":[{"@type":"ListItem","position":1,"name":"Home","item":"https:\/\/universofamilia.com\/el\/"},{"@type":"ListItem","position":2,"name":"Los pa\u00edses m\u00e1s avanzados en regulaci\u00f3n de IA en 2025"}]},{"@type":"WebSite","@id":"https:\/\/universofamilia.com\/el\/#website","url":"https:\/\/universofamilia.com\/el\/","name":"Universo Fam\u00edlia","description":"","potentialAction":[{"@type":"SearchAction","target":{"@type":"EntryPoint","urlTemplate":"https:\/\/universofamilia.com\/el\/?s={search_term_string}"},"query-input":"required name=search_term_string"}],"inLanguage":"sk-SK"},{"@type":"Person","@id":"https:\/\/universofamilia.com\/el\/#\/schema\/person\/92fcd07e9b1f4323bf74f3170fc0f78a","name":"Matheus Sangaletti","image":{"@type":"ImageObject","inLanguage":"sk-SK","@id":"https:\/\/universofamilia.com\/el\/#\/schema\/person\/image\/","url":"https:\/\/secure.gravatar.com\/avatar\/280ea957a14a48e6a1ad2133d2cc27c9?s=96&d=mm&r=g","contentUrl":"https:\/\/secure.gravatar.com\/avatar\/280ea957a14a48e6a1ad2133d2cc27c9?s=96&d=mm&r=g","caption":"Matheus Sangaletti"},"url":"https:\/\/universofamilia.com\/sk\/author\/matheuss\/"}]}},"_links":{"self":[{"href":"https:\/\/universofamilia.com\/sk\/wp-json\/wp\/v2\/posts\/9763"}],"collection":[{"href":"https:\/\/universofamilia.com\/sk\/wp-json\/wp\/v2\/posts"}],"about":[{"href":"https:\/\/universofamilia.com\/sk\/wp-json\/wp\/v2\/types\/post"}],"author":[{"embeddable":true,"href":"https:\/\/universofamilia.com\/sk\/wp-json\/wp\/v2\/users\/219"}],"replies":[{"embeddable":true,"href":"https:\/\/universofamilia.com\/sk\/wp-json\/wp\/v2\/comments?post=9763"}],"version-history":[{"count":4,"href":"https:\/\/universofamilia.com\/sk\/wp-json\/wp\/v2\/posts\/9763\/revisions"}],"predecessor-version":[{"id":9940,"href":"https:\/\/universofamilia.com\/sk\/wp-json\/wp\/v2\/posts\/9763\/revisions\/9940"}],"wp:featuredmedia":[{"embeddable":true,"href":"https:\/\/universofamilia.com\/sk\/wp-json\/wp\/v2\/media\/9756"}],"wp:attachment":[{"href":"https:\/\/universofamilia.com\/sk\/wp-json\/wp\/v2\/media?parent=9763"}],"wp:term":[{"taxonomy":"category","embeddable":true,"href":"https:\/\/universofamilia.com\/sk\/wp-json\/wp\/v2\/categories?post=9763"},{"taxonomy":"post_tag","embeddable":true,"href":"https:\/\/universofamilia.com\/sk\/wp-json\/wp\/v2\/tags?post=9763"}],"curies":[{"name":"wp","href":"https:\/\/api.w.org\/{rel}","templated":true}]}}