{"id":2752,"date":"2023-06-18T20:42:37","date_gmt":"2023-06-18T23:42:37","guid":{"rendered":"https:\/\/universofamilia.com\/?p=2752"},"modified":"2025-02-07T01:22:33","modified_gmt":"2025-02-07T01:22:33","slug":"posso-utilizar-ventilador-no-quarto-do-bebe","status":"publish","type":"post","link":"https:\/\/universofamilia.com\/zh\/posso-utilizar-ventilador-no-quarto-do-bebe\/","title":{"rendered":"\u6211\u53ef\u4ee5\u5728\u5b30\u5152\u623f\u9593\u4f7f\u7528\u98a8\u6247\u55ce\uff1f"},"content":{"rendered":"<p>\u6211\u53ef\u4ee5\u5728\u5b30\u5152\u623f\u88e1\u4f7f\u7528\u98a8\u6247\u55ce\uff1f\u8aaa\u5230\u70ba\u5bf6\u5bf6\u71df\u9020\u8212\u9069\u7684\u74b0\u5883\uff0c\u8a31\u591a\u4eba\u6703\u64d4\u5fc3\u5728\u5c0f\u623f\u9593\u4f7f\u7528\u98a8\u6247\u662f\u5426\u5b89\u5168\u4e14\u6709\u76ca\u3002<\/p>\n\n\n\n<p>\u6b64\u5916\uff0c\u6211\u5011\u5c07\u900f\u904e\u6709\u95dc\u5728\u5b30\u5152\u623f\u9593\u4f7f\u7528\u98a8\u6247\u7684\u597d\u8655\u548c\u6ce8\u610f\u4e8b\u9805\u7684\u8cc7\u8a0a\u4f86\u89e3\u6c7a\u9019\u500b\u554f\u984c\uff0c\u4e26\u5f37\u8abf\u5b30\u5152\u547c\u5438\u5668\u548c\u666e\u901a\u547c\u5438\u6a5f\u4e4b\u9593\u7684\u512a\u7f3a\u9ede\u3002<\/p>\n\n\n\n<p>\u7e7c\u7e8c\u95b1\u8b80\u4ee5\u7372\u5f97\u6709\u7528\u7684\u6307\u5c0e\u4e26\u78ba\u4fdd\u60a8\u7684\u5bf6\u5bf6\u5728\u63a5\u4e0b\u4f86\u7684\u5e7e\u5929\u88e1\u611f\u5230\u8212\u9069\u3002<\/p>\n\n\n\n<p>\u53e6\u8acb\u53c3\u95b1\u5982\u4f55\u5728\u5bb6\u4e2d\u98fc\u990a Brinquedoteca<\/p>\n\n\n<div class=\"wp-block-image\">\n<figure class=\"aligncenter size-full\"><img loading=\"lazy\" decoding=\"async\" width=\"550\" height=\"350\" src=\"http:\/\/universofamilia.com\/wp-content\/uploads\/sites\/148\/2023\/06\/POST-ventilador-de-teto-universo-familia-.png\" alt=\"\" class=\"wp-image-2755\" srcset=\"https:\/\/universofamilia.com\/wp-content\/uploads\/sites\/148\/2023\/06\/POST-ventilador-de-teto-universo-familia-.png 550w, https:\/\/universofamilia.com\/wp-content\/uploads\/sites\/148\/2023\/06\/POST-ventilador-de-teto-universo-familia--300x191.png 300w\" sizes=\"(max-width: 550px) 100vw, 550px\" \/><figcaption class=\"wp-element-caption\"><em>\u7167\u7247\uff1a\uff08\u8907\u88fd\/\u7db2\u8def\uff09<\/em><\/figcaption><\/figure><\/div>\n\n\n<h3 class=\"wp-block-heading\"><strong>\u5728\u5b30\u5152\u623f\u4f7f\u7528\u98a8\u6247\u7684\u597d\u8655\u548c\u6ce8\u610f\u4e8b\u9805<\/strong><\/h3>\n\n\n\n<p>\u5728\u5bf6\u5bf6\u623f\u9593\u88e1\u4f7f\u7528\u98a8\u6247\u6709\u5f88\u591a\u597d\u8655\uff0c\u5c24\u5176\u662f\u5728\u6dbc\u723d\u7684\u5b63\u7bc0\u3002\u4ee5\u4e0b\u6211\u5011\u4ecb\u7d39\u4f7f\u7528\u98a8\u6247\u7684\u4e00\u4e9b\u597d\u8655\uff1a<\/p>\n\n\n\n<p><strong>\u6eab\u5ea6\u8abf\u7bc0<\/strong>\uff1a\u5408\u9069\u7684\u98a8\u6247\u53ef\u4ee5\u5e6b\u52a9\u5bf6\u5bf6\u4fdd\u6301\u6dbc\u723d\u8212\u9069\u7684\u74b0\u5883\uff0c\u907f\u514d\u56e0\u904e\u71b1\u800c\u5f15\u8d77\u7684\u4e0d\u9069\u3002<\/p>\n\n\n\n<p><strong>\u7a7a\u6c23\u5faa\u74b0<\/strong>\uff1a\u98a8\u6247\u4fc3\u9032\u5b30\u5152\u623f\u9593\u7684\u7a7a\u6c23\u5faa\u74b0\uff0c\u6e1b\u5c11\u75b2\u618a\u611f\uff0c\u964d\u4f4e\u6c23\u9ad4\u548c\u6c23\u5473\u7684\u6fc3\u5ea6\u3002<\/p>\n\n\n\n<p><strong>\u767d\u566a\u97f3<\/strong>\uff1a\u98a8\u6247\u7684\u67d4\u548c\u5149\u7dda\u53ef\u4ee5\u7522\u751f\u5e73\u975c\u7684\u767d\u566a\u97f3\uff0c\u5e6b\u52a9\u5bf6\u5bf6\u653e\u9b06\u4e26\u66f4\u5bb9\u6613\u5165\u7761\u3002<\/p>\n\n\n\n<p>\u4f7f\u7528\u98a8\u6247\u6709\u5f88\u591a\u597d\u8655\uff0c\u4f46\u5fc5\u9808\u63a1\u53d6\u4e00\u4e9b\u9810\u9632\u63aa\u65bd\u4ee5\u78ba\u4fdd\u5bf6\u5bf6\u7684\u5065\u5eb7\u5b89\u5168\uff1a<\/p>\n\n\n\n<p><strong>\u5b89\u5168\u8ddd\u96e2<\/strong>\uff1a\u78ba\u4fdd\u5c07\u98a8\u6247\u653e\u7f6e\u5728\u5b89\u5168\u7684\u5730\u65b9\uff0c\u4e26\u653e\u5728\u5b30\u5152\u5920\u4e0d\u8457\u7684\u5730\u65b9\u3002\u6b64\u5916\uff0c\u907f\u514d\u5c07\u5176\u653e\u7f6e\u5728\u9760\u8fd1\u9580\u6216\u5152\u7ae5\u89f8\u53ca\u7684\u7269\u9ad4\u9644\u8fd1\u3002<\/p>\n\n\n\n<p><strong>\u5b9a\u671f\u6e05\u6f54<\/strong>\uff1a\u4fdd\u6301\u98a8\u6247\u6e05\u6f54\u7121\u5875\uff0c\u907f\u514d\u74b0\u5883\u4e2d\u904e\u654f\u539f\u7684\u50b3\u64ad\u3002<\/p>\n\n\n\n<p><strong>\u5145\u8db3\u7684\u901a\u98a8<\/strong>\uff1a\u5982\u679c\u60a8\u9078\u64c7\u4f7f\u7528\u98a8\u6247\uff0c\u91cd\u8981\u7684\u662f\u78ba\u4fdd\u623f\u9593\u901a\u98a8\u826f\u597d\uff0c\u6253\u958b\u9580\u548c\u9580\u8b93\u65b0\u9bae\u7a7a\u6c23\u9032\u5165\u3002<\/p>\n\n\n\n<h4 class=\"wp-block-heading\"><strong>Teto \u6247\u8207\u666e\u901a\u6247<\/strong><\/h4>\n\n\n\n<p>\u73fe\u5728\uff0c\u6211\u5011\u4f86\u6bd4\u8f03\u4e00\u4e0b\u540a\u6247\u548c\u4e00\u822c\u98a8\u6247\u7684\u512a\u7f3a\u9ede\u3002<\/p>\n\n\n\n<h4 class=\"wp-block-heading\"><strong>\u540a\u6247<\/strong><\/h4>\n\n\n<div class=\"wp-block-image\">\n<figure class=\"aligncenter size-full\"><img loading=\"lazy\" decoding=\"async\" width=\"550\" height=\"350\" src=\"http:\/\/universofamilia.com\/wp-content\/uploads\/sites\/148\/2023\/06\/POST-ventilador-de-teto-universo-familia-1-1.png\" alt=\"\" class=\"wp-image-2754\" srcset=\"https:\/\/universofamilia.com\/wp-content\/uploads\/sites\/148\/2023\/06\/POST-ventilador-de-teto-universo-familia-1-1.png 550w, https:\/\/universofamilia.com\/wp-content\/uploads\/sites\/148\/2023\/06\/POST-ventilador-de-teto-universo-familia-1-1-300x191.png 300w\" sizes=\"(max-width: 550px) 100vw, 550px\" \/><figcaption class=\"wp-element-caption\"><em>\u7167\u7247\uff1a\uff08\u8907\u88fd\/\u7db2\u8def\uff09<\/em><\/figcaption><\/figure><\/div>\n\n\n<h5 class=\"wp-block-heading\"><strong>\u512a\u52e2<\/strong><\/h5>\n\n\n\n<p><strong>\u592a\u7a7a\u7d93\u6fdf<\/strong>\uff1a\u540a\u6247\u56fa\u5b9a\u5728\u5929\u82b1\u677f\u4e0a\uff0c\u4f54\u7528\u5b30\u5152\u623f\u9593\u7684\u7a7a\u9593\u8f03\u5c11\u3002<\/p>\n\n\n\n<p><strong>\u5747\u52fb\u5206\u4f48<\/strong>\uff1a\u5f8c\u98a8\u6247\u5728\u74b0\u5883\u4e2d\u904b\u4f5c\u66f4\u5747\u52fb\uff0c\u63d0\u4f9b\u8212\u9069\u7684\u611f\u89ba\u3002<\/p>\n\n\n\n<p><strong>\u5b89\u5168<\/strong>\uff1a\u7531\u65bc\u540a\u6247\u4e0d\u9ad8\uff0c\u5bf6\u5bf6\u5920\u4e0d\u8457\uff0c\u6e1b\u5c11\u4e86\u767c\u751f\u610f\u5916\u7684\u98a8\u96aa\u3002<\/p>\n\n\n\n<h5 class=\"wp-block-heading\"><strong>\u7f3a\u9ede<\/strong><\/h5>\n\n\n\n<p><strong>\u96e3\u4ee5\u63a7\u5236\u98a8\u5411<\/strong>\uff1a\u67d0\u4e9b\u578b\u865f\u53ef\u80fd\u96e3\u4ee5\u8abf\u6574\u6c23\u6d41\u65b9\u5411\uff0c\u6216\u53ef\u80fd\u5c0e\u81f4\u5bf6\u5bf6\u4e0d\u9069\u3002<\/p>\n\n\n\n<p><strong>\u6e05\u6f54\u56f0\u96e3<\/strong>\uff1a\u7531\u65bc\u982d\u90e8\u98a8\u6247\u7684\u4f4d\u7f6e\uff0c\u6e05\u6f54\u982d\u90e8\u98a8\u6247\u53ef\u80fd\u6bd4\u8f03\u56f0\u96e3\u3002<\/p>\n\n\n\n<h4 class=\"wp-block-heading\"><strong>\u666e\u901a\u98a8\u6247<\/strong><\/h4>\n\n\n<div class=\"wp-block-image\">\n<figure class=\"aligncenter size-full\"><img loading=\"lazy\" decoding=\"async\" width=\"550\" height=\"350\" src=\"http:\/\/universofamilia.com\/wp-content\/uploads\/sites\/148\/2023\/06\/POST-ventilador-de-teto-universo-familia-2.png\" alt=\"\" class=\"wp-image-2756\" srcset=\"https:\/\/universofamilia.com\/wp-content\/uploads\/sites\/148\/2023\/06\/POST-ventilador-de-teto-universo-familia-2.png 550w, https:\/\/universofamilia.com\/wp-content\/uploads\/sites\/148\/2023\/06\/POST-ventilador-de-teto-universo-familia-2-300x191.png 300w\" sizes=\"(max-width: 550px) 100vw, 550px\" \/><figcaption class=\"wp-element-caption\"><em>\u7167\u7247\uff1a\uff08\u8907\u88fd\/\u7db2\u8def\uff09<\/em><\/figcaption><\/figure><\/div>\n\n\n<h5 class=\"wp-block-heading\"><strong>\u512a\u52e2<\/strong><\/h5>\n\n\n\n<p><strong>\u53ef\u79fb\u690d\u6027<\/strong>\uff1a\u60a8\u53ef\u4ee5\u8f15\u9b06\u5730\u5c07\u666e\u901a\u98a8\u6247\u5f9e\u4e00\u500b\u623f\u9593\u79fb\u52d5\u5230\u53e6\u4e00\u500b\u623f\u9593\uff0c\u5f9e\u800c\u6839\u64da\u9700\u8981\u5f15\u5c0e\u6c23\u6d41\u3002<\/p>\n\n\n\n<p><strong>\u53ef\u8abf\u7bc0\u63a7\u5236<\/strong>\uff1a\u5927\u591a\u6578\u5169\u7a2e\u5e38\u898b\u7684\u98a8\u6247\u578b\u865f\u90fd\u63d0\u4f9b\u901f\u5ea6\u548c\u98a8\u5411\u8abf\u7bc0\u9078\u9805\uff0c\u70ba\u5bf6\u5bf6\u63d0\u4f9b\u66f4\u5927\u7684\u8212\u9069\u5ea6\u3002<\/p>\n\n\n\n<p><strong>\u6613\u65bc\u6e05\u6f54<\/strong>\uff1a\u666e\u901a\u98a8\u6247\u7531\u65bc\u7d50\u69cb\u7c21\u55ae\uff0c\u6e05\u6f54\u8d77\u4f86\u66f4\u65b9\u4fbf\u3002<\/p>\n\n\n\n<h5 class=\"wp-block-heading\"><strong>\u7f3a\u9ede<\/strong><\/h5>\n\n\n\n<p><strong>\u4f54\u7528\u7a7a\u9593<\/strong>\uff1a\u666e\u901a\u98a8\u6247\u6703\u4f54\u7528\u623f\u9593\u5167\u7684\u984d\u5916\u7a7a\u9593\uff0c\u9019\u5728\u8f03\u5c0f\u7684\u74b0\u5883\u4e2d\u53ef\u80fd\u6703\u9020\u6210\u4e0d\u4fbf\u3002<\/p>\n\n\n\n<p><strong>\u4e8b\u6545\u98a8\u96aa\u66f4\u5927<\/strong>\uff1a\u7531\u65bc\u98a8\u6247\u5177\u6709\u79fb\u52d5\u6027\uff0c\u56e0\u6b64\u9700\u8981\u6ce8\u610f\u907f\u514d\u5b30\u5152\u76f4\u63a5\u63a5\u89f8\u6b63\u5728\u904b\u8f49\u7684\u98a8\u6247\u3002<\/p>\n\n\n\n<p>\u53e6\u8acb\u53c3\u95b1 10 \u500b\u5be6\u7528\u7684\u5b30\u5152\u623f\u4f48\u7f6e\u6280\u5de7<\/p>\n\n\n\n<h3 class=\"wp-block-heading\"><strong>\u7d50\u8ad6<\/strong><\/h3>\n\n\n<div class=\"wp-block-image\">\n<figure class=\"aligncenter size-full\"><img loading=\"lazy\" decoding=\"async\" width=\"550\" height=\"350\" src=\"http:\/\/universofamilia.com\/wp-content\/uploads\/sites\/148\/2023\/06\/POST-ventilador-de-teto-universo-familia-3.png\" alt=\"\" class=\"wp-image-2757\" srcset=\"https:\/\/universofamilia.com\/wp-content\/uploads\/sites\/148\/2023\/06\/POST-ventilador-de-teto-universo-familia-3.png 550w, https:\/\/universofamilia.com\/wp-content\/uploads\/sites\/148\/2023\/06\/POST-ventilador-de-teto-universo-familia-3-300x191.png 300w\" sizes=\"(max-width: 550px) 100vw, 550px\" \/><figcaption class=\"wp-element-caption\"><em>\u7167\u7247\uff1a\uff08\u8907\u88fd\/\u7db2\u8def\uff09<\/em><\/figcaption><\/figure><\/div>\n\n\n<p>\u7576\u8003\u616e\u5728\u5b30\u5152\u623f\u9593\u4f7f\u7528\u98a8\u6247\u6642\uff0c\u8a55\u4f30\u5176\u76ca\u8655\u548c\u5fc5\u8981\u7684\u8b77\u7406\u975e\u5e38\u91cd\u8981\u3002<\/p>\n\n\n\n<p>\u98a8\u6247\u63d0\u4f9b\u7684\u6eab\u5ea6\u8abf\u7bc0\u3001\u7a7a\u6c23\u5faa\u74b0\u548c\u767d\u566a\u97f3\u53ef\u4ee5\u70ba\u5bf6\u5bf6\u63d0\u4f9b\u8212\u9069\u611f\u3002<\/p>\n\n\n\n<p>\u7136\u800c\uff0c\u5fc5\u9808\u63a1\u53d6\u9810\u9632\u63aa\u65bd\u4ee5\u78ba\u4fdd\u5b89\u5168\uff0c\u4f8b\u5982\u5c07\u98a8\u6247\u653e\u7f6e\u5728\u5b30\u5152\u63a5\u89f8\u4e0d\u5230\u7684\u5730\u65b9\u4e26\u5b9a\u671f\u6e05\u6f54\u3002<\/p>\n\n\n\n<p>\u6b64\u5916\uff0c\u5728\u540a\u6247\u548c\u666e\u901a\u98a8\u6247\u4e4b\u9593\u9032\u884c\u9078\u64c7\u6642\uff0c\u8acb\u8003\u616e\u6bcf\u500b\u9078\u9805\u7684\u512a\u9ede\u548c\u7f3a\u9ede\u3002<\/p>\n\n\n\n<p>\u6b64\u5916\uff0c\u5982\u679c\u63a1\u53d6\u9069\u7576\u7684\u9810\u9632\u63aa\u65bd\u548c\u5b89\u5168\u63aa\u65bd\uff0c\u5728\u5b30\u5152\u623f\u9593\u4f7f\u7528\u98a8\u6247\u53ef\u4ee5\u71df\u9020\u8212\u9069\u6109\u5feb\u7684\u74b0\u5883\u3002<\/p>\n\n\n\n<h3 class=\"wp-block-heading\"><strong>\u6709\u95dc\u5728\u5b30\u5152\u623f\u9593\u4f7f\u7528\u98a8\u6247\u7684\u66f4\u591a\u4fe1\u606f\uff0c\u60a8\u53ef\u4ee5\u67e5\u95b1\u4ee5\u4e0b\u53ef\u9760\u4f86\u6e90\u3002<\/strong><\/h3>\n\n\n\n<p>\u5df4\u897f\u5152\u79d1\u5354\u6703 (SBP) \u2013 SBP \u662f\u4e00\u5bb6\u516c\u8a8d\u7684\u91ab\u7642\u6a5f\u69cb\uff0c\u63d0\u4f9b\u5b30\u5152\u8b77\u7406\u6307\u5357\u548c\u5efa\u8b70\u3002<\/p>\n\n\n\n<p>SBP\u5b98\u65b9\u7db2\u7ad9\u5305\u542b\u5152\u7ae5\u5b89\u5168\u8207\u5065\u5eb7\u7684\u76f8\u95dc\u8cc7\u8a0a\u3002<\/p>\n\n\n\n<p>\u7f8e\u570b\u5152\u79d1\u5b78\u6703 (AAP) \u2013 AAP \u662f\u4e00\u5bb6\u7e3d\u90e8\u4f4d\u65bc\u7f8e\u570b\u7684\u8457\u540d\u5152\u79d1\u7d44\u7e54\u3002<\/p>\n\n\n\n<p>AAP \u7db2\u7ad9\u70ba\u5404\u570b\u548c\u885b\u751f\u5c08\u696d\u4eba\u54e1\u63d0\u4f9b\u5bf6\u8cb4\u7684\u8cc7\u6e90\uff0c\u5305\u62ec\u5152\u7ae5\u5065\u5eb7\u548c\u5b89\u5168\u6307\u5c0e\u3002<\/p>\n\n\n\n<p>\u60a8\u61c9\u8a72\u59cb\u7d42\u8003\u616e\u8aee\u8a62\u5152\u79d1\u91ab\u751f\u6216\u5c08\u653b\u7279\u5b9a\u75c5\u4f8b\u7684\u91ab\u751f\u3002\u6b64\u5916\uff0c\u5f37\u70c8\u5efa\u8b70\u60a8\u5c0b\u6c42\u5152\u79d1\u91ab\u751f\u6216\u5c08\u79d1\u91ab\u751f\u7684\u6307\u5c0e\uff0c\u4ee5\u7372\u53d6\u91dd\u5c0d\u60a8\u5bf6\u5bf6\u60c5\u6cc1\u7684\u500b\u4eba\u5316\u548c\u5408\u9069\u7684\u8cc7\u8a0a\u3002<\/p>\n\n\n\n<p>\u6839\u64da\u5bf6\u5bf6\u7684\u5065\u5eb7\u72c0\u6cc1\u548c\u500b\u4eba\u9700\u6c42\u63d0\u4f9b\u500b\u4eba\u5316\u6307\u5c0e\u3002<\/p>\n\n\n\n<p>\u60a8\u5fc5\u9808\u8a18\u4f4f\uff0c\u9a57\u8b49\u9019\u4e9b\u4f86\u6e90\u4e2d\u8cc7\u8a0a\u7684\u66f4\u65b0\u81f3\u95dc\u91cd\u8981\uff0c\u56e0\u70ba\u96a8\u8457\u6642\u9593\u7684\u63a8\u79fb\uff0c\u65b9\u5411\u548c\u5efa\u8b70\u53ef\u4ee5\u66f4\u65b0\u3002<\/p>\n\n\n\n<p>\u53e6\u5916\uff0c\u8981\u77e5\u9053<a href=\"https:\/\/www.luzbaby.com.br\/\" target=\"_blank\" rel=\"noreferrer noopener\"> Luz Baby \u662f\u6700\u597d\u7684\u5b30\u5152\u7528\u54c1\u548c\u98df\u54c1\u5165\u9580\u5546\u5e97\u4e4b\u4e00\u3002\u9ede\u64ca\u6b64\u8655\u3002<\/a><\/p>","protected":false},"excerpt":{"rendered":"<p>Posso utilizar ventilador no quarto do beb\u00ea? Quando se trata de criar um ambiente confort\u00e1vel para o beb\u00ea, muitas m\u00e3es se perguntam se \u00e9 seguro e ben\u00e9fico utilizar um ventilador no quarto do pequeno. Al\u00e9m disso, abordaremos essa quest\u00e3o com informa\u00e7\u00f5es sobre os benef\u00edcios e cuidados relacionados ao uso de ventiladores no quarto do beb\u00ea, [&hellip;]<\/p>","protected":false},"author":139,"featured_media":2759,"comment_status":"closed","ping_status":"open","sticky":false,"template":"","format":"standard","meta":{"footnotes":""},"categories":[4],"tags":[1310,1540,1541],"yoast_head":"<!-- This site is optimized with the Yoast SEO plugin v23.3 - https:\/\/yoast.com\/wordpress\/plugins\/seo\/ -->\n<title>Posso utilizar ventilador no quarto do beb\u00ea? - Universo Fam\u00edlia<\/title>\n<meta name=\"description\" content=\"Posso utilizar ventilador no quarto do beb\u00ea? Quando se trata de criar um ambiente confort\u00e1vel para o beb\u00ea,\" \/>\n<meta name=\"robots\" content=\"index, follow, max-snippet:-1, max-image-preview:large, max-video-preview:-1\" \/>\n<link rel=\"canonical\" href=\"https:\/\/universofamilia.com\/zh\/posso-utilizar-ventilador-no-quarto-do-bebe\/\" \/>\n<meta property=\"og:locale\" content=\"zh_TW\" \/>\n<meta property=\"og:type\" content=\"article\" \/>\n<meta property=\"og:title\" content=\"Posso utilizar ventilador no quarto do beb\u00ea? - Universo Fam\u00edlia\" \/>\n<meta property=\"og:description\" content=\"Posso utilizar ventilador no quarto do beb\u00ea? Quando se trata de criar um ambiente confort\u00e1vel para o beb\u00ea,\" \/>\n<meta property=\"og:url\" content=\"https:\/\/universofamilia.com\/zh\/posso-utilizar-ventilador-no-quarto-do-bebe\/\" \/>\n<meta property=\"og:site_name\" content=\"Universo Fam\u00edlia\" \/>\n<meta property=\"article:published_time\" content=\"2023-06-18T23:42:37+00:00\" \/>\n<meta property=\"article:modified_time\" content=\"2025-02-07T01:22:33+00:00\" \/>\n<meta property=\"og:image\" content=\"https:\/\/universofamilia.com\/wp-content\/uploads\/sites\/148\/2023\/06\/FOTO-DESTAQUE-ventilador-de-teto-universo-familia-.png\" \/>\n\t<meta property=\"og:image:width\" content=\"448\" \/>\n\t<meta property=\"og:image:height\" content=\"350\" \/>\n\t<meta property=\"og:image:type\" content=\"image\/png\" \/>\n<meta name=\"author\" content=\"Pedro Henrique\" \/>\n<meta name=\"twitter:card\" content=\"summary_large_image\" \/>\n<meta name=\"twitter:label1\" content=\"Written by\" \/>\n\t<meta name=\"twitter:data1\" content=\"Pedro Henrique\" \/>\n\t<meta name=\"twitter:label2\" content=\"Est. reading time\" \/>\n\t<meta name=\"twitter:data2\" content=\"6 \u5206\u9418\" \/>\n<script type=\"application\/ld+json\" class=\"yoast-schema-graph\">{\"@context\":\"https:\/\/schema.org\",\"@graph\":[{\"@type\":\"WebPage\",\"@id\":\"https:\/\/universofamilia.com\/da\/posso-utilizar-ventilador-no-quarto-do-bebe\/\",\"url\":\"https:\/\/universofamilia.com\/da\/posso-utilizar-ventilador-no-quarto-do-bebe\/\",\"name\":\"Posso utilizar ventilador no quarto do beb\u00ea? - Universo Fam\u00edlia\",\"isPartOf\":{\"@id\":\"https:\/\/universofamilia.com\/el\/#website\"},\"primaryImageOfPage\":{\"@id\":\"https:\/\/universofamilia.com\/da\/posso-utilizar-ventilador-no-quarto-do-bebe\/#primaryimage\"},\"image\":{\"@id\":\"https:\/\/universofamilia.com\/da\/posso-utilizar-ventilador-no-quarto-do-bebe\/#primaryimage\"},\"thumbnailUrl\":\"https:\/\/universofamilia.com\/wp-content\/uploads\/sites\/148\/2023\/06\/FOTO-DESTAQUE-ventilador-de-teto-universo-familia-.png\",\"datePublished\":\"2023-06-18T23:42:37+00:00\",\"dateModified\":\"2025-02-07T01:22:33+00:00\",\"author\":{\"@id\":\"https:\/\/universofamilia.com\/el\/#\/schema\/person\/f07ce98187dd84d31154262e79b3b7ca\"},\"description\":\"Posso utilizar ventilador no quarto do beb\u00ea? Quando se trata de criar um ambiente confort\u00e1vel para o beb\u00ea,\",\"breadcrumb\":{\"@id\":\"https:\/\/universofamilia.com\/da\/posso-utilizar-ventilador-no-quarto-do-bebe\/#breadcrumb\"},\"inLanguage\":\"zh-TW\",\"potentialAction\":[{\"@type\":\"ReadAction\",\"target\":[\"https:\/\/universofamilia.com\/da\/posso-utilizar-ventilador-no-quarto-do-bebe\/\"]}]},{\"@type\":\"ImageObject\",\"inLanguage\":\"zh-TW\",\"@id\":\"https:\/\/universofamilia.com\/da\/posso-utilizar-ventilador-no-quarto-do-bebe\/#primaryimage\",\"url\":\"https:\/\/universofamilia.com\/wp-content\/uploads\/sites\/148\/2023\/06\/FOTO-DESTAQUE-ventilador-de-teto-universo-familia-.png\",\"contentUrl\":\"https:\/\/universofamilia.com\/wp-content\/uploads\/sites\/148\/2023\/06\/FOTO-DESTAQUE-ventilador-de-teto-universo-familia-.png\",\"width\":448,\"height\":350},{\"@type\":\"BreadcrumbList\",\"@id\":\"https:\/\/universofamilia.com\/da\/posso-utilizar-ventilador-no-quarto-do-bebe\/#breadcrumb\",\"itemListElement\":[{\"@type\":\"ListItem\",\"position\":1,\"name\":\"Home\",\"item\":\"https:\/\/universofamilia.com\/el\/\"},{\"@type\":\"ListItem\",\"position\":2,\"name\":\"Posso utilizar ventilador no quarto do beb\u00ea?\"}]},{\"@type\":\"WebSite\",\"@id\":\"https:\/\/universofamilia.com\/el\/#website\",\"url\":\"https:\/\/universofamilia.com\/el\/\",\"name\":\"Universo Fam\u00edlia\",\"description\":\"\",\"potentialAction\":[{\"@type\":\"SearchAction\",\"target\":{\"@type\":\"EntryPoint\",\"urlTemplate\":\"https:\/\/universofamilia.com\/el\/?s={search_term_string}\"},\"query-input\":\"required name=search_term_string\"}],\"inLanguage\":\"zh-TW\"},{\"@type\":\"Person\",\"@id\":\"https:\/\/universofamilia.com\/el\/#\/schema\/person\/f07ce98187dd84d31154262e79b3b7ca\",\"name\":\"Pedro Henrique\",\"image\":{\"@type\":\"ImageObject\",\"inLanguage\":\"zh-TW\",\"@id\":\"https:\/\/universofamilia.com\/el\/#\/schema\/person\/image\/\",\"url\":\"https:\/\/secure.gravatar.com\/avatar\/9edfeb808cb4e1599f64d6e45b130154?s=96&d=mm&r=g\",\"contentUrl\":\"https:\/\/secure.gravatar.com\/avatar\/9edfeb808cb4e1599f64d6e45b130154?s=96&d=mm&r=g\",\"caption\":\"Pedro Henrique\"},\"url\":\"https:\/\/universofamilia.com\/zh\/author\/editor01\/\"}]}<\/script>\n<!-- \/ Yoast SEO plugin. -->","yoast_head_json":{"title":"Posso utilizar ventilador no quarto do beb\u00ea? - Universo Fam\u00edlia","description":"Posso utilizar ventilador no quarto do beb\u00ea? Quando se trata de criar um ambiente confort\u00e1vel para o beb\u00ea,","robots":{"index":"index","follow":"follow","max-snippet":"max-snippet:-1","max-image-preview":"max-image-preview:large","max-video-preview":"max-video-preview:-1"},"canonical":"https:\/\/universofamilia.com\/zh\/posso-utilizar-ventilador-no-quarto-do-bebe\/","og_locale":"zh_TW","og_type":"article","og_title":"Posso utilizar ventilador no quarto do beb\u00ea? - Universo Fam\u00edlia","og_description":"Posso utilizar ventilador no quarto do beb\u00ea? Quando se trata de criar um ambiente confort\u00e1vel para o beb\u00ea,","og_url":"https:\/\/universofamilia.com\/zh\/posso-utilizar-ventilador-no-quarto-do-bebe\/","og_site_name":"Universo Fam\u00edlia","article_published_time":"2023-06-18T23:42:37+00:00","article_modified_time":"2025-02-07T01:22:33+00:00","og_image":[{"width":448,"height":350,"url":"https:\/\/universofamilia.com\/wp-content\/uploads\/sites\/148\/2023\/06\/FOTO-DESTAQUE-ventilador-de-teto-universo-familia-.png","type":"image\/png"}],"author":"Pedro Henrique","twitter_card":"summary_large_image","twitter_misc":{"Written by":"Pedro Henrique","Est. reading time":"6 \u5206\u9418"},"schema":{"@context":"https:\/\/schema.org","@graph":[{"@type":"WebPage","@id":"https:\/\/universofamilia.com\/da\/posso-utilizar-ventilador-no-quarto-do-bebe\/","url":"https:\/\/universofamilia.com\/da\/posso-utilizar-ventilador-no-quarto-do-bebe\/","name":"Posso utilizar ventilador no quarto do beb\u00ea? - Universo Fam\u00edlia","isPartOf":{"@id":"https:\/\/universofamilia.com\/el\/#website"},"primaryImageOfPage":{"@id":"https:\/\/universofamilia.com\/da\/posso-utilizar-ventilador-no-quarto-do-bebe\/#primaryimage"},"image":{"@id":"https:\/\/universofamilia.com\/da\/posso-utilizar-ventilador-no-quarto-do-bebe\/#primaryimage"},"thumbnailUrl":"https:\/\/universofamilia.com\/wp-content\/uploads\/sites\/148\/2023\/06\/FOTO-DESTAQUE-ventilador-de-teto-universo-familia-.png","datePublished":"2023-06-18T23:42:37+00:00","dateModified":"2025-02-07T01:22:33+00:00","author":{"@id":"https:\/\/universofamilia.com\/el\/#\/schema\/person\/f07ce98187dd84d31154262e79b3b7ca"},"description":"Posso utilizar ventilador no quarto do beb\u00ea? Quando se trata de criar um ambiente confort\u00e1vel para o beb\u00ea,","breadcrumb":{"@id":"https:\/\/universofamilia.com\/da\/posso-utilizar-ventilador-no-quarto-do-bebe\/#breadcrumb"},"inLanguage":"zh-TW","potentialAction":[{"@type":"ReadAction","target":["https:\/\/universofamilia.com\/da\/posso-utilizar-ventilador-no-quarto-do-bebe\/"]}]},{"@type":"ImageObject","inLanguage":"zh-TW","@id":"https:\/\/universofamilia.com\/da\/posso-utilizar-ventilador-no-quarto-do-bebe\/#primaryimage","url":"https:\/\/universofamilia.com\/wp-content\/uploads\/sites\/148\/2023\/06\/FOTO-DESTAQUE-ventilador-de-teto-universo-familia-.png","contentUrl":"https:\/\/universofamilia.com\/wp-content\/uploads\/sites\/148\/2023\/06\/FOTO-DESTAQUE-ventilador-de-teto-universo-familia-.png","width":448,"height":350},{"@type":"BreadcrumbList","@id":"https:\/\/universofamilia.com\/da\/posso-utilizar-ventilador-no-quarto-do-bebe\/#breadcrumb","itemListElement":[{"@type":"ListItem","position":1,"name":"Home","item":"https:\/\/universofamilia.com\/el\/"},{"@type":"ListItem","position":2,"name":"Posso utilizar ventilador no quarto do beb\u00ea?"}]},{"@type":"WebSite","@id":"https:\/\/universofamilia.com\/el\/#website","url":"https:\/\/universofamilia.com\/el\/","name":"Universo Fam\u00edlia","description":"","potentialAction":[{"@type":"SearchAction","target":{"@type":"EntryPoint","urlTemplate":"https:\/\/universofamilia.com\/el\/?s={search_term_string}"},"query-input":"required name=search_term_string"}],"inLanguage":"zh-TW"},{"@type":"Person","@id":"https:\/\/universofamilia.com\/el\/#\/schema\/person\/f07ce98187dd84d31154262e79b3b7ca","name":"Pedro Henrique","image":{"@type":"ImageObject","inLanguage":"zh-TW","@id":"https:\/\/universofamilia.com\/el\/#\/schema\/person\/image\/","url":"https:\/\/secure.gravatar.com\/avatar\/9edfeb808cb4e1599f64d6e45b130154?s=96&d=mm&r=g","contentUrl":"https:\/\/secure.gravatar.com\/avatar\/9edfeb808cb4e1599f64d6e45b130154?s=96&d=mm&r=g","caption":"Pedro Henrique"},"url":"https:\/\/universofamilia.com\/zh\/author\/editor01\/"}]}},"_links":{"self":[{"href":"https:\/\/universofamilia.com\/zh\/wp-json\/wp\/v2\/posts\/2752"}],"collection":[{"href":"https:\/\/universofamilia.com\/zh\/wp-json\/wp\/v2\/posts"}],"about":[{"href":"https:\/\/universofamilia.com\/zh\/wp-json\/wp\/v2\/types\/post"}],"author":[{"embeddable":true,"href":"https:\/\/universofamilia.com\/zh\/wp-json\/wp\/v2\/users\/139"}],"replies":[{"embeddable":true,"href":"https:\/\/universofamilia.com\/zh\/wp-json\/wp\/v2\/comments?post=2752"}],"version-history":[{"count":1,"href":"https:\/\/universofamilia.com\/zh\/wp-json\/wp\/v2\/posts\/2752\/revisions"}],"predecessor-version":[{"id":8591,"href":"https:\/\/universofamilia.com\/zh\/wp-json\/wp\/v2\/posts\/2752\/revisions\/8591"}],"wp:featuredmedia":[{"embeddable":true,"href":"https:\/\/universofamilia.com\/zh\/wp-json\/wp\/v2\/media\/2759"}],"wp:attachment":[{"href":"https:\/\/universofamilia.com\/zh\/wp-json\/wp\/v2\/media?parent=2752"}],"wp:term":[{"taxonomy":"category","embeddable":true,"href":"https:\/\/universofamilia.com\/zh\/wp-json\/wp\/v2\/categories?post=2752"},{"taxonomy":"post_tag","embeddable":true,"href":"https:\/\/universofamilia.com\/zh\/wp-json\/wp\/v2\/tags?post=2752"}],"curies":[{"name":"wp","href":"https:\/\/api.w.org\/{rel}","templated":true}]}}