{"id":2760,"date":"2023-06-18T21:39:10","date_gmt":"2023-06-19T00:39:10","guid":{"rendered":"https:\/\/universofamilia.com\/?p=2760"},"modified":"2025-10-05T22:57:48","modified_gmt":"2025-10-06T01:57:48","slug":"posso-utilizar-ar-condicionado-no-quarto-do-bebe","status":"publish","type":"post","link":"https:\/\/universofamilia.com\/zh_hk\/\u662f\u5426\u53ef\u4ee5\u5728\u5b30\u5152\u623f\u4f7f\u7528\u51b7\u6c23\u6a5f\uff1f\/","title":{"rendered":"\u53ef\u4ee5\u5728\u5bf6\u5bf6\u7684\u56db\u500b\u6708\u4e2d\u4f7f\u7528 Ar Condicionado \u55ce\uff1f"},"content":{"rendered":"<p>\u5728\u5bb6\u4e2d\u8a95\u4e0b\u5b30\u5152\u662f\u4ee4\u4eba\u96e3\u4ee5\u7f6e\u4fe1\u7684\u7d93\u9a57\uff0c\u4f46\u540c\u6642\u4e5f\u70ba\u7236\u6bcd\u5e36\u4f86\u5e7e\u9805\u7591\u616e\u3002<\/p>\n\n\n\n<p>\u6211\u53ef\u4ee5\u5728\u5b30\u5152\u623f\u4f7f\u7528\u51b7\u6c23\u55ce\uff1f\u4eba\u5011\u5e38\u61f7\u7591\u5728\u5b30\u5152\u623f\u4f7f\u7528\u7a7a\u8abf\u662f\u5426\u5b89\u5168\u3002<\/p>\n\n\n\n<p>\u6211\u5011\u5c07\u63a2\u8a0e\u8207\u6b64\u554f\u984c\u76f8\u95dc\u7684\u597d\u8655\u548c\u8b77\u7406\uff0c\u4ee5\u53ca\u89e3\u6c7a\u88dd\u7f6e\u7684\u9ad8\u5ea6\u548c\u9069\u7576\u5b89\u88dd\u4f4d\u7f6e\u7684\u554f\u984c\u3002<\/p>\n\n\n<div class=\"wp-block-image\">\n<figure class=\"aligncenter size-full\"><img loading=\"lazy\" decoding=\"async\" width=\"550\" height=\"350\" src=\"http:\/\/universofamilia.com\/wp-content\/uploads\/sites\/148\/2023\/06\/POST-ar-condicionado-universo-familia-2.png\" alt=\"\" class=\"wp-image-2762\" srcset=\"https:\/\/universofamilia.com\/wp-content\/uploads\/sites\/148\/2023\/06\/POST-ar-condicionado-universo-familia-2.png 550w, https:\/\/universofamilia.com\/wp-content\/uploads\/sites\/148\/2023\/06\/POST-ar-condicionado-universo-familia-2-300x191.png 300w\" sizes=\"(max-width: 550px) 100vw, 550px\" \/><figcaption class=\"wp-element-caption\"><em>\u7167\u7247: (reprodu\u00e7\u00e3o\/internet)<\/em><\/figcaption><\/figure><\/div>\n\n\n<h3 class=\"wp-block-heading\"><strong>\u5728\u5b30\u5152\u623f\u4f7f\u7528\u7a7a\u8abf\u7684\u597d\u8655<\/strong><\/h3>\n\n\n\n<p><strong>\u6eab\u5ea6\u63a7\u5236<\/strong>\uff1a\u7a7a\u8abf\u5177\u6709\u8abf\u7bc0\u5ba4\u6eab\u7684\u512a\u9ede\uff0c\u78ba\u4fdd\u5bf6\u5bf6\u7684\u623f\u9593\u59cb\u7d42\u8212\u9069\u5b9c\u4eba\uff0c\u5c24\u5176\u662f\u5728\u4e00\u5e74\u4e2d\u6700\u708e\u71b1\u7684\u5b63\u7bc0\u3002<\/p>\n\n\n\n<p>\u4fdd\u6301\u9069\u7576\u7684\u6eab\u5ea6\u6709\u52a9\u65bc\u4fc3\u9032\u5bf6\u5bf6\u807d\u5230\u5e73\u975c\u8212\u9069\u7684\u8072\u97f3\u3002<\/p>\n\n\n\n<p><strong>\u964d\u4f4e\u6fd5\u5ea6<\/strong>\uff1a\u9664\u4e86\u63a7\u5236\u6eab\u5ea6\u4e4b\u5916\uff0c\u7a7a\u8abf\u4e5f\u6709\u52a9\u65bc\u964d\u4f4e\u5ba4\u5167\u6fd5\u5ea6\u3002<\/p>\n\n\n\n<p>\u9019\u5c0d\u9632\u6b62\u9709\u83cc\u548c\u5875\u8e63\u7684\u5806\u7a4d\u5c24\u5176\u91cd\u8981\uff0c\u56e0\u70ba\u5b83\u5011\u6703\u5371\u5bb3\u5b30\u5152\u7684\u547c\u5438\u9053\u5065\u5eb7\u3002<\/p>\n\n\n\n<p><strong>\u7a7a\u6c23\u904e\u6ffe<\/strong>\uff1a\u8a31\u591a\u7a7a\u8abf\u6a5f\u578b\u90fd\u6709\u904e\u6ffe\u7db2\uff0c\u53ef\u4ee5\u5e6b\u52a9\u6de8\u5316\u7a7a\u6c23\uff0c\u53bb\u9664\u7070\u5875\u3001\u82b1\u7c89\u548c\u5176\u4ed6\u53ef\u80fd\u5c0e\u81f4\u547c\u5438\u9053\u4e0d\u9069\u7684\u904e\u654f\u539f\u3002<\/p>\n\n\n\n<p>\u6b64\u5916\uff0c\u9019\u5c0d\u53ef\u80fd\u5c0d\u547c\u5438\u9053\u654f\u611f\u6216\u904e\u654f\u7684\u5b30\u5152\u5c24\u5176\u6709\u76ca\u3002<\/p>\n\n\n\n<p>\u4e5f\u767b\u5165 <a href=\"https:\/\/universofamilia.com\/zh_hk\/posso-utilizar-ventilador-no-quarto-do-bebe\/\" target=\"_blank\" rel=\"noreferrer noopener\">\u53ef\u4ee5\u5728\u5bf6\u5bf6\u7684\u623f\u9593\u4f7f\u7528\u901a\u98a8\u5668\u55ce\uff1f<\/a><\/p>\n\n\n\n<h3 class=\"wp-block-heading\"><strong>\u5728\u5b30\u5152\u623f\u9593\u4f7f\u7528\u7a7a\u8abf\u6642\u8981\u5c0f\u5fc3<\/strong><\/h3>\n\n\n\n<p><strong>\u5b9a\u671f\u6e05\u6f54\u904e\u6ffe\u5668<\/strong>\u70ba\u4e86\u4fdd\u8b49\u7a7a\u6c23\u54c1\u8cea\uff0c\u5b9a\u671f\u6e05\u6f54\u7a7a\u8abf\u904e\u6ffe\u5668\u662f\u975e\u5e38\u5fc5\u8981\u7684\u3002<\/p>\n\n\n\n<p>\u9019\u500b\u52d5\u4f5c\u6709\u52a9\u65bc\u9632\u6b62\u7070\u5875\u548c\u904e\u654f\u539f\u7684\u5806\u7a4d\uff0c\u78ba\u4fdd\u5b30\u5152\u6709\u4e00\u500b\u5065\u5eb7\u7684\u74b0\u5883\u3002<\/p>\n\n\n\n<p><strong>\u6eab\u5ea6<\/strong>\uff1a\u5c07\u7a7a\u8abf\u8abf\u6574\u5230\u9069\u5408\u5b30\u5152\u7684\u6eab\u5ea6\u662f\u5f88\u91cd\u8981\u7684\u3002<\/p>\n\n\n\n<p>\u5efa\u8b70\u6eab\u5ea6\u4fdd\u6301\u5728 23\u00b0C \u5230 25\u00b0C \u4e4b\u9593\uff0c\u65e2\u80fd\u63d0\u4f9b\u8212\u9069\u7684\u6eab\u5ea6\uff0c\u53c8\u4e0d\u6703\u8b93\u74b0\u5883\u8b8a\u5f97\u592a\u51b7\u3002<\/p>\n\n\n\n<p><strong>\u907f\u514d\u76f4\u6d41\u96fb<\/strong>\u5c07\u51b7\u6c23\u6a5f\u7f6e\u65bc\u9069\u7576\u4f4d\u7f6e\uff0c\u4f7f\u6c23\u6d41\u4e0d\u6703\u76f4\u63a5\u5439\u5230\u80f8\u90e8\u6216\u5b30\u5152\u7761\u89ba\u7684\u5730\u65b9\u3002<\/p>\n\n\n\n<p>\u9019\u6703\u9020\u6210\u547c\u5438\u9053\u4e0d\u9069\u751a\u81f3\u611f\u5192\u3002<\/p>\n\n\n\n<h3 class=\"wp-block-heading\"><strong>\u5b30\u5152\u623f\u5167\u51b7\u51dd\u5668\u7684\u9ad8\u5ea6\u548c\u4f4d\u7f6e<\/strong><\/h3>\n\n\n\n<p>\u5728\u5b30\u5152\u623f\u5b89\u88dd\u51b7\u6c23\u6642\uff0c\u5fc5\u9808\u8003\u616e\u9ad8\u5ea6\u548c\u6b63\u78ba\u7684\u4f4d\u7f6e\u3002\u4ee5\u4e0b\u662f\u4e00\u4e9b\u9700\u8981\u9075\u5faa\u7684\u63d0\u793a\uff1a<\/p>\n\n\n\n<p><strong>\u7406\u60f3\u9ad8\u5ea6<\/strong>\u5c07\u7a7a\u8abf\u5b89\u88dd\u5728\u5b30\u5152\u62ff\u4e0d\u5230\u7684\u5b89\u5168\u9ad8\u5ea6\u3002\u5efa\u8b70\u7684\u9ad8\u5ea6\u662f\u8ddd\u96e2\u5929\u82b1\u677f\u7d04 1.8 \u516c\u5c3a\u3002<\/p>\n\n\n\n<p>\u9019\u6a23\u53ef\u4ee5\u9632\u6b62\u5b30\u5152\u63a5\u89f8\u88dd\u7f6e\uff0c\u907f\u514d\u53ef\u80fd\u767c\u751f\u7684\u610f\u5916\u3002<\/p>\n\n\n<div class=\"wp-block-image\">\n<figure class=\"aligncenter size-full\"><img loading=\"lazy\" decoding=\"async\" width=\"550\" height=\"350\" src=\"http:\/\/universofamilia.com\/wp-content\/uploads\/sites\/148\/2023\/06\/POST-ar-condicionado-universo-familia-.png\" alt=\"\" class=\"wp-image-2763\" srcset=\"https:\/\/universofamilia.com\/wp-content\/uploads\/sites\/148\/2023\/06\/POST-ar-condicionado-universo-familia-.png 550w, https:\/\/universofamilia.com\/wp-content\/uploads\/sites\/148\/2023\/06\/POST-ar-condicionado-universo-familia--300x191.png 300w\" sizes=\"(max-width: 550px) 100vw, 550px\" \/><figcaption class=\"wp-element-caption\"><em>\u7167\u7247: (reprodu\u00e7\u00e3o\/internet)<\/em><\/figcaption><\/figure><\/div>\n\n\n<p><strong>\u8ddd\u96e2<\/strong>\u8acb\u78ba\u5b9a\u51b7\u6c23\u6a5f\u7684\u4f4d\u7f6e\u8207\u5de5\u4f5c\u53f0\u4fdd\u6301\u5b89\u5168\u8ddd\u96e2\u3002<\/p>\n\n\n\n<p>\u907f\u514d\u653e\u5728\u592a\u9760\u8fd1\u5bf6\u5bf6\u7684\u5730\u65b9\uff0c\u56e0\u70ba\u76f4\u63a5\u7684\u6c23\u6d41\u53ef\u80fd\u6703\u8b93\u5bf6\u5bf6\u5728\u767c\u8072\u6642\u611f\u5230\u4e0d\u9069\u3002<\/p>\n\n\n\n<p><strong>\u907f\u514d\u969c\u7919\u7269<\/strong>\uff1a\u78ba\u5b9a\u6c92\u6709\u7269\u4ef6\u963b\u7919\u51b7\u6c23\u6a5f\u7684\u6c23\u6d41\u3002<\/p>\n\n\n\n<p>\u56e0\u6b64\uff0c\u8acb\u4fdd\u6301\u96fb\u5668\u5468\u570d\u7684\u7a7a\u9593\u66a2\u901a\uff0c\u4ee5\u78ba\u4fdd\u74b0\u5883\u6709\u8db3\u5920\u7684\u7a7a\u6c23\u6d41\u901a\u3002<\/p>\n\n\n\n<h3 class=\"wp-block-heading\"><strong>\u5728\u5b30\u5152\u623f\u5b89\u88dd\u7a7a\u8abf\u7684\u5efa\u8b70<\/strong><\/h3>\n\n\n\n<p>\u5728\u5b30\u5152\u623f\u5167\u6b63\u78ba\u5730\u5b89\u88dd\u51b7\u6c23\u6a5f\u5c0d\u65bc\u78ba\u4fdd\u8a2d\u5099\u7684\u6548\u7387\u548c\u5b69\u5b50\u7684\u5b89\u5168\u662f\u975e\u5e38\u91cd\u8981\u7684\u3002<\/p>\n\n\n\n<p>\u4ee5\u4e0b\u662f\u4e00\u4e9b\u6709\u95dc\u5982\u4f55\u5b89\u88dd\u4ee5\u53ca\u7a7a\u8abf\u6b63\u78ba\u4f4d\u7f6e\u9ad8\u5ea6\u7684\u6307\u5f15\uff1a<\/p>\n\n\n\n<p><strong>\u5c08\u696d\u5c0d\u6bd4<\/strong>\u5efa\u8b70\u7531\u5408\u683c\u7684\u5c08\u696d\u4eba\u54e1\u5b89\u88dd\u51b7\u6c23\u6a5f\u3002<\/p>\n\n\n\n<p>\u6b64\u5916\uff0c\u9019\u4f4d\u5c08\u5bb6\u64c1\u6709\u5fc5\u8981\u7684\u6280\u8853\u77e5\u8b58\uff0c\u53ef\u4ee5\u9032\u884c\u5b89\u5168\u4e14\u6b63\u78ba\u7684\u5b89\u88dd\uff0c\u5c07\u98a8\u96aa\u964d\u81f3\u6700\u4f4e\uff0c\u4e26\u4fdd\u8b49\u8a2d\u5099\u7684\u6b63\u78ba\u904b\u4f5c\u3002<\/p>\n\n\n\n<p><strong>\u593e\u9257\u6216\u593e\u5b50<\/strong>\u5728\u5b89\u88dd\u51b7\u6c23\u6a5f\u524d\uff0c\u60a8\u5fc5\u9808\u5148\u6c7a\u5b9a\u8981\u5c07\u88dd\u7f6e\u56fa\u5b9a\u5728\u7246\u4e0a\u9084\u662f\u7a97\u6236\u4e0a\u3002<\/p>\n\n\n\n<p>\u9019\u500b\u9078\u64c7\u53d6\u6c7a\u65bc\u74b0\u5883\u7684\u7279\u6027\u548c\u5b30\u5152\u623f\u7684\u7d50\u69cb\u3002<\/p>\n\n\n\n<p><strong>\u5efa\u8b70\u9ad8\u5ea6<\/strong>\u5c07\u7a7a\u8abf\u5b89\u88dd\u5728\u5b30\u5152\u623f\u7684\u7406\u60f3\u9ad8\u5ea6\u7d04\u70ba\u8ddd\u96e2\u5929\u82b1\u677f 1.8 \u516c\u5c3a\u3002\u56e0\u70ba\u9019\u500b\u9ad8\u5ea6\u53ef\u4ee5\u8b93\u7a7a\u6c23\u6709\u6548\u5730\u5206\u4f48\u5728\u623f\u9593\u88e1\uff0c\u4fdd\u6301\u5b30\u5152\u7684\u71b1\u8212\u9069\u5ea6\u3002<\/p>\n\n\n<div class=\"wp-block-image\">\n<figure class=\"aligncenter size-full\"><img loading=\"lazy\" decoding=\"async\" width=\"550\" height=\"350\" src=\"http:\/\/universofamilia.com\/wp-content\/uploads\/sites\/148\/2023\/06\/POST-ar-condicionado-universo-familia-1-1.png\" alt=\"\" class=\"wp-image-2765\" srcset=\"https:\/\/universofamilia.com\/wp-content\/uploads\/sites\/148\/2023\/06\/POST-ar-condicionado-universo-familia-1-1.png 550w, https:\/\/universofamilia.com\/wp-content\/uploads\/sites\/148\/2023\/06\/POST-ar-condicionado-universo-familia-1-1-300x191.png 300w\" sizes=\"(max-width: 550px) 100vw, 550px\" \/><figcaption class=\"wp-element-caption\"><em>\u7167\u7247: (reprodu\u00e7\u00e3o\/internet)<\/em><\/figcaption><\/figure><\/div>\n\n\n<p><strong>\u907f\u514d\u969c\u7919\u7269<\/strong>\u78ba\u4fdd\u7a7a\u8abf\u6a5f\u5468\u570d\u6c92\u6709\u50a2\u4ff1\u6216\u7269\u4ef6\u963b\u7919\u3002\u9019\u4e9b\u969c\u7919\u7269\u53ef\u80fd\u6703\u963b\u7919\u7a7a\u6c23\u6d41\u901a\u4e26\u5f71\u97ff\u88dd\u7f6e\u7684\u6548\u7387\u3002<\/p>\n\n\n\n<p><strong>\u6fd5\u6c23\u6d41\u52d5\u65b9\u5411<\/strong>\u51b7\u6c23\u6a5f\u7684\u4f4d\u7f6e\uff0c\u4e0d\u8981\u8b93\u6c23\u6d41\u76f4\u63a5\u5439\u5411\u80f8\u90e8\u6216\u5b30\u5152\u7761\u89ba\u7684\u5730\u65b9\u3002\u9019\u6a23\u53ef\u4ee5\u907f\u514d\u6c23\u6d41\u76f4\u63a5\u9020\u6210\u547c\u5438\u9053\u4e0d\u9069\u3002<\/p>\n\n\n\n<p><strong>\u5b89\u5168\u8ddd\u96e2<\/strong>\u51b7\u6c23\u6a5f\u548c\u52a0\u71b1\u5668\u4e4b\u9593\u8981\u4fdd\u6301\u5b89\u5168\u8ddd\u96e2\uff0c\u907f\u514d\u653e\u7f6e\u5f97\u592a\u8fd1\u3002<\/p>\n\n\n\n<p>\u56e0\u6b64\uff0c\u9019\u9805\u63aa\u65bd\u53ef\u78ba\u4fdd\u907f\u514d\u5bf6\u5bf6\u76f4\u63a5\u66b4\u9732\u5728\u51b7\u7a7a\u6c23\u4e2d\uff0c\u6709\u52a9\u65bc\u9810\u9632\u611f\u5192\u6216\u4e0d\u9069\u3002<\/p>\n\n\n\n<p>\u8acb\u52d9\u5fc5\u6309\u7167\u88fd\u9020\u5546\u7684\u8aaa\u660e\u5b89\u88dd\u7a7a\u8abf\uff0c\u5982\u6709\u7591\u554f\uff0c\u8acb\u8aee\u8a62\u5c08\u696d\u4eba\u54e1\u3002<\/p>\n\n\n\n<p>\u6b64\u5916\uff0c\u53ea\u8981\u78ba\u4fdd\u5b89\u88dd\u6b63\u78ba\uff0c\u4e26\u5c07\u51b7\u6c23\u6a5f\u653e\u7f6e\u5728\u6b63\u78ba\u7684\u9ad8\u5ea6\uff0c\u5c31\u80fd\u63d0\u4f9b\u5b89\u5168\u3001\u8212\u9069\u4e14\u6eab\u5ea6\u53ef\u63a7\u7684\u74b0\u5883\uff0c\u8b93\u5bf6\u5bf6\u8301\u58ef\u6210\u9577\u3002<\/p>\n\n\n\n<h3 class=\"wp-block-heading\"><strong>\u7e3d\u7d50<\/strong><\/h3>\n\n\n\n<p>\u5728\u5b30\u5152\u623f\u9593\u4f7f\u7528\u7a7a\u8abf\u53ef\u4ee5\u5e36\u4f86\u986f\u8457\u7684\u597d\u8655\uff0c\u53ea\u8981\u60a8\u63a1\u53d6\u5fc5\u8981\u7684\u7167\u9867\u5373\u53ef\u3002<\/p>\n\n\n\n<p>\u63a7\u5236\u6eab\u5ea6\u3001\u964d\u4f4e\u6fd5\u5ea6\u548c\u904e\u6ffe\u7a7a\u6c23\u662f\u78ba\u4fdd\u5b30\u5152\u5065\u5eb7\u74b0\u5883\u7684\u91cd\u8981\u512a\u9ede\u3002<\/p>\n\n\n\n<p>\u8acb\u8a18\u4f4f\u5b9a\u671f\u6e05\u6f54\u904e\u6ffe\u7db2\uff0c\u6839\u64da\u5b30\u5152\u7684\u9700\u6c42\u8abf\u6574\u6eab\u5ea6\uff0c\u4e26\u5c07\u7a7a\u8abf\u653e\u7f6e\u5728\u5b30\u5152\u62ff\u4e0d\u5230\u7684\u9069\u7576\u4f4d\u7f6e\u3002<\/p>\n\n\n\n<p>\u56e0\u6b64\uff0c\u53ea\u8981\u9075\u5faa\u9019\u4e9b\u6e96\u5247\uff0c\u60a8\u5c31\u80fd\u70ba\u5bf6\u5bf6\u4eab\u53d7\u6109\u5feb\u8212\u9069\u7684\u74b0\u5883\uff0c\u4fc3\u9032\u4ed6\/\u5979\u7684\u5065\u5eb7\u548c\u826f\u597d\u7684\u97f3\u8cea\u3002<\/p>\n\n\n\n<p>\u5982\u9700\u66f4\u591a\u76f8\u95dc\u8cc7\u8a0a\uff0c\u8acb\u806f\u7d61\u6211\u5011\u3002&nbsp;<a href=\"https:\/\/www.luzbaby.com.br\/\" target=\"_blank\" rel=\"noreferrer noopener\">A Luz Baby \u662f\u5152\u7ae5\u7528\u54c1\u7684\u6700\u4f73\u5546\u5e97\u4e4b\u4e00\u3002\u9ede\u9078\u9019\u88e1<\/a><\/p>\n\n\n\n<h3 class=\"wp-block-heading\"><strong>\u66f4\u591a\u8cc7\u8a0a<\/strong><\/h3>\n\n\n\n<p>\u82e5\u8981\u7372\u5f97\u66f4\u8a73\u7d30\u3001\u66f4\u8a73\u7d30\u7684\u8cc7\u8a0a\uff0c\u95dc\u65bc\u5728\u5b30\u5152\u623f\u4f7f\u7528\u7a7a\u8abf\uff0c\u5efa\u8b70\u60a8\u53c3\u8003\u5176\u4ed6\u8cc7\u6599\u4f86\u6e90\uff0c\u4e26\u8003\u616e\u5c08\u5bb6\u7684\u610f\u898b\u3002<\/p>\n\n\n\n<p><strong>\u4ee5\u4e0b\u662f\u4e00\u4e9b\u53ef\u9760\u7684\u53c3\u8003\u8cc7\u6599\uff0c\u60a8\u53ef\u4ee5\u53c3\u8003\uff1a<\/strong><\/p>\n\n\n\n<p><strong>Sociedade Brasileira de Pediatria (SBP)\uff1a<\/strong> SBP \u662f\u63d0\u4f9b\u80b2\u5152\u6307\u5357\u548c\u8cc7\u8a0a\u7684\u77e5\u540d\u6a5f\u69cb\u3002\u5176\u5b98\u65b9\u7db2\u7ad9 (https:\/\/www.sbp.com.br\/) \u53ef\u63d0\u4f9b\u6709\u95dc\u5728\u5b30\u5152\u623f\u9593\u4f7f\u7528\u7a7a\u8abf\u7684\u6307\u5f15\u3002<\/p>\n\n\n\n<p><strong>Associa\u00e7\u00e3o Brasileira de Refrigera\u00e7\u00e3o, Ar Condicionado, Ventila\u00e7\u00e3o e Aquecimento (ABRAVA)\uff1a<\/strong> ABRAVA \u662f\u4e00\u500b\u5c07\u7a7a\u8abf\u9818\u57df\u7684\u5c08\u696d\u4eba\u58eb\u548c\u516c\u53f8\u805a\u96c6\u5728\u4e00\u8d77\u7684\u5354\u6703\u3002\u5176\u7db2\u7ad9 (https:\/\/abrava.com.br\/) \u53ef\u63d0\u4f9b\u6b63\u78ba\u5b89\u88dd\u7a7a\u8abf\u7684\u6280\u8853\u8cc7\u8a0a\u3002<\/p>\n\n\n\n<p><strong>\u8aee\u8a62\u5152\u79d1\u91ab\u751f\u548c\u7a7a\u8abf\u5c08\u5bb6<\/strong>\u7576\u8a0e\u8ad6\u5728\u5b30\u5152\u623f\u9593\u4f7f\u7528\u7a7a\u8abf\u6642\uff0c\u5fb5\u8a62\u5065\u5eb7\u5c08\u5bb6\u548c\u7a7a\u8abf\u5c08\u5bb6\u7684\u610f\u898b\u7e3d\u662f\u660e\u667a\u4e4b\u8209\u3002<\/p>\n\n\n\n<p>\u8acb\u5b89\u6392\u8207\u60a8\u5bf6\u5bf6\u7684\u5152\u79d1\u91ab\u751f\u9032\u884c\u8aee\u8a62\uff0c\u4ee5\u4fbf\u6839\u64da\u60a8\u5bf6\u5bf6\u7684\u5065\u5eb7\u53f2\u63d0\u4f9b\u5177\u9ad4\u6307\u5c0e\u3002<\/p>\n\n\n\n<p>\u6b64\u5916\uff0c\u60a8\u53ef\u4ee5\u8aee\u8a62\u7a7a\u8abf\u5c08\u5bb6\uff0c\u6839\u64da\u74b0\u5883\u7279\u6027\u7372\u5f97\u500b\u6027\u5316\u5efa\u8b70\u3002<\/p>\n\n\n\n<p>\u8acb\u8a18\u4f4f\uff0c\u53d6\u5411\u53ef\u80fd\u6703\u56e0\u5b30\u5152\u7684\u500b\u5225\u9700\u6c42\u548c\u74b0\u5883\u7684\u7279\u5b9a\u689d\u4ef6\u800c\u6709\u6240\u4e0d\u540c\u3002<\/p>\n\n\n\n<p>\u56e0\u6b64\uff0c\u60a8\u5fc5\u9808\u5f9e\u53ef\u9760\u7684\u4f86\u6e90\u548c\u5408\u683c\u7684\u5c08\u696d\u4eba\u54e1\u8655\u5c0b\u6c42\u6700\u65b0\u7684\u500b\u4eba\u5316\u8cc7\u8a0a\u3002<\/p>","protected":false},"excerpt":{"rendered":"<p>\u5728\u5bb6\u990a\u80b2\u5bf6\u5bf6\u662f\u4e00\u4ef6\u4e0d\u53ef\u601d\u8b70\u7684\u7d93\u6b77\uff0c\u4f46\u5b83\u4e5f\u5f15\u767c\u4e86\u570b\u5bb6\u5c64\u9762\u7684\u5404\u7a2e\u64d4\u6182\u3002\u5b30\u5152\u623f\u88e1\u80fd\u7528\u7a7a\u8abf\u55ce\uff1f\u4eba\u5011\u5e38\u5e38\u64d4\u5fc3\u4f7f\u7528\u5b89\u5168\u7684\u7a7a\u8abf\u5b30\u5152\u623f\uff0c\u56e0\u6b64\uff0c\u9664\u4e86 [\u2026] \u4e4b\u5916\uff0c\u8b93\u6211\u5011\u4f86\u63a2\u8a0e\u4e00\u4e0b\u9019\u500b\u554f\u984c\u5e36\u4f86\u7684\u597d\u8655\u548c\u8b77\u7406\u65b9\u6cd5\u3002<\/p>","protected":false},"author":219,"featured_media":2766,"comment_status":"closed","ping_status":"open","sticky":false,"template":"","format":"standard","meta":{"footnotes":""},"categories":[4],"tags":[486,487,1310],"yoast_head":"<!-- This site is optimized with the Yoast SEO plugin v23.3 - https:\/\/yoast.com\/wordpress\/plugins\/seo\/ -->\n<title>Posso Utilizar Ar Condicionado no Quarto do Beb\u00ea? - Universo Fam\u00edlia<\/title>\n<meta name=\"description\" content=\"Posso Utilizar Ar Condicionado no Quarto do Beb\u00ea? Ter um beb\u00ea em casa \u00e9 uma experi\u00eancia incr\u00edvel, mas tamb\u00e9m traz diversas preocupa\u00e7\u00f5es para\" \/>\n<meta name=\"robots\" content=\"index, follow, max-snippet:-1, max-image-preview:large, max-video-preview:-1\" \/>\n<link rel=\"canonical\" href=\"https:\/\/universofamilia.com\/zh_hk\/posso-utilizar-ar-condicionado-no-quarto-do-bebe\/\" \/>\n<meta property=\"og:locale\" content=\"zh_HK\" \/>\n<meta property=\"og:type\" content=\"article\" \/>\n<meta property=\"og:title\" content=\"Posso Utilizar Ar Condicionado no Quarto do Beb\u00ea? - Universo Fam\u00edlia\" \/>\n<meta property=\"og:description\" content=\"Posso Utilizar Ar Condicionado no Quarto do Beb\u00ea? Ter um beb\u00ea em casa \u00e9 uma experi\u00eancia incr\u00edvel, mas tamb\u00e9m traz diversas preocupa\u00e7\u00f5es para\" \/>\n<meta property=\"og:url\" content=\"https:\/\/universofamilia.com\/zh_hk\/posso-utilizar-ar-condicionado-no-quarto-do-bebe\/\" \/>\n<meta property=\"og:site_name\" content=\"Universo Fam\u00edlia\" \/>\n<meta property=\"article:published_time\" content=\"2023-06-19T00:39:10+00:00\" \/>\n<meta property=\"article:modified_time\" content=\"2025-10-06T01:57:48+00:00\" \/>\n<meta property=\"og:image\" content=\"https:\/\/universofamilia.com\/wp-content\/uploads\/sites\/148\/2023\/06\/FOTO-DESTAQUE-ar-condicionado-universo-familia-.png\" \/>\n\t<meta property=\"og:image:width\" content=\"448\" \/>\n\t<meta property=\"og:image:height\" content=\"350\" \/>\n\t<meta property=\"og:image:type\" content=\"image\/png\" \/>\n<meta name=\"author\" content=\"Matheus Sangaletti\" \/>\n<meta name=\"twitter:card\" content=\"summary_large_image\" \/>\n<meta name=\"twitter:label1\" content=\"Written by\" \/>\n\t<meta name=\"twitter:data1\" content=\"Matheus Sangaletti\" \/>\n\t<meta name=\"twitter:label2\" content=\"Est. reading time\" \/>\n\t<meta name=\"twitter:data2\" content=\"8 \u5206\u9418\" \/>\n<script type=\"application\/ld+json\" class=\"yoast-schema-graph\">{\"@context\":\"https:\/\/schema.org\",\"@graph\":[{\"@type\":\"WebPage\",\"@id\":\"https:\/\/universofamilia.com\/da\/posso-utilizar-ar-condicionado-no-quarto-do-bebe\/\",\"url\":\"https:\/\/universofamilia.com\/da\/posso-utilizar-ar-condicionado-no-quarto-do-bebe\/\",\"name\":\"Posso Utilizar Ar Condicionado no Quarto do Beb\u00ea? - Universo Fam\u00edlia\",\"isPartOf\":{\"@id\":\"https:\/\/universofamilia.com\/el\/#website\"},\"primaryImageOfPage\":{\"@id\":\"https:\/\/universofamilia.com\/da\/posso-utilizar-ar-condicionado-no-quarto-do-bebe\/#primaryimage\"},\"image\":{\"@id\":\"https:\/\/universofamilia.com\/da\/posso-utilizar-ar-condicionado-no-quarto-do-bebe\/#primaryimage\"},\"thumbnailUrl\":\"https:\/\/universofamilia.com\/wp-content\/uploads\/sites\/148\/2023\/06\/FOTO-DESTAQUE-ar-condicionado-universo-familia-.png\",\"datePublished\":\"2023-06-19T00:39:10+00:00\",\"dateModified\":\"2025-10-06T01:57:48+00:00\",\"author\":{\"@id\":\"https:\/\/universofamilia.com\/el\/#\/schema\/person\/92fcd07e9b1f4323bf74f3170fc0f78a\"},\"description\":\"Posso Utilizar Ar Condicionado no Quarto do Beb\u00ea? Ter um beb\u00ea em casa \u00e9 uma experi\u00eancia incr\u00edvel, mas tamb\u00e9m traz diversas preocupa\u00e7\u00f5es para\",\"breadcrumb\":{\"@id\":\"https:\/\/universofamilia.com\/da\/posso-utilizar-ar-condicionado-no-quarto-do-bebe\/#breadcrumb\"},\"inLanguage\":\"zh-HK\",\"potentialAction\":[{\"@type\":\"ReadAction\",\"target\":[\"https:\/\/universofamilia.com\/da\/posso-utilizar-ar-condicionado-no-quarto-do-bebe\/\"]}]},{\"@type\":\"ImageObject\",\"inLanguage\":\"zh-HK\",\"@id\":\"https:\/\/universofamilia.com\/da\/posso-utilizar-ar-condicionado-no-quarto-do-bebe\/#primaryimage\",\"url\":\"https:\/\/universofamilia.com\/wp-content\/uploads\/sites\/148\/2023\/06\/FOTO-DESTAQUE-ar-condicionado-universo-familia-.png\",\"contentUrl\":\"https:\/\/universofamilia.com\/wp-content\/uploads\/sites\/148\/2023\/06\/FOTO-DESTAQUE-ar-condicionado-universo-familia-.png\",\"width\":448,\"height\":350},{\"@type\":\"BreadcrumbList\",\"@id\":\"https:\/\/universofamilia.com\/da\/posso-utilizar-ar-condicionado-no-quarto-do-bebe\/#breadcrumb\",\"itemListElement\":[{\"@type\":\"ListItem\",\"position\":1,\"name\":\"Home\",\"item\":\"https:\/\/universofamilia.com\/el\/\"},{\"@type\":\"ListItem\",\"position\":2,\"name\":\"Posso Utilizar Ar Condicionado no Quarto do Beb\u00ea?\"}]},{\"@type\":\"WebSite\",\"@id\":\"https:\/\/universofamilia.com\/el\/#website\",\"url\":\"https:\/\/universofamilia.com\/el\/\",\"name\":\"Universo Fam\u00edlia\",\"description\":\"\",\"potentialAction\":[{\"@type\":\"SearchAction\",\"target\":{\"@type\":\"EntryPoint\",\"urlTemplate\":\"https:\/\/universofamilia.com\/el\/?s={search_term_string}\"},\"query-input\":\"required name=search_term_string\"}],\"inLanguage\":\"zh-HK\"},{\"@type\":\"Person\",\"@id\":\"https:\/\/universofamilia.com\/el\/#\/schema\/person\/92fcd07e9b1f4323bf74f3170fc0f78a\",\"name\":\"Matheus Sangaletti\",\"image\":{\"@type\":\"ImageObject\",\"inLanguage\":\"zh-HK\",\"@id\":\"https:\/\/universofamilia.com\/el\/#\/schema\/person\/image\/\",\"url\":\"https:\/\/secure.gravatar.com\/avatar\/280ea957a14a48e6a1ad2133d2cc27c9?s=96&d=mm&r=g\",\"contentUrl\":\"https:\/\/secure.gravatar.com\/avatar\/280ea957a14a48e6a1ad2133d2cc27c9?s=96&d=mm&r=g\",\"caption\":\"Matheus Sangaletti\"},\"url\":\"https:\/\/universofamilia.com\/zh_hk\/author\/matheuss\/\"}]}<\/script>\n<!-- \/ Yoast SEO plugin. -->","yoast_head_json":{"title":"Posso Utilizar Ar Condicionado no Quarto do Beb\u00ea? - Universo Fam\u00edlia","description":"Posso Utilizar Ar Condicionado no Quarto do Beb\u00ea? Ter um beb\u00ea em casa \u00e9 uma experi\u00eancia incr\u00edvel, mas tamb\u00e9m traz diversas preocupa\u00e7\u00f5es para","robots":{"index":"index","follow":"follow","max-snippet":"max-snippet:-1","max-image-preview":"max-image-preview:large","max-video-preview":"max-video-preview:-1"},"canonical":"https:\/\/universofamilia.com\/zh_hk\/posso-utilizar-ar-condicionado-no-quarto-do-bebe\/","og_locale":"zh_HK","og_type":"article","og_title":"Posso Utilizar Ar Condicionado no Quarto do Beb\u00ea? - Universo Fam\u00edlia","og_description":"Posso Utilizar Ar Condicionado no Quarto do Beb\u00ea? Ter um beb\u00ea em casa \u00e9 uma experi\u00eancia incr\u00edvel, mas tamb\u00e9m traz diversas preocupa\u00e7\u00f5es para","og_url":"https:\/\/universofamilia.com\/zh_hk\/posso-utilizar-ar-condicionado-no-quarto-do-bebe\/","og_site_name":"Universo Fam\u00edlia","article_published_time":"2023-06-19T00:39:10+00:00","article_modified_time":"2025-10-06T01:57:48+00:00","og_image":[{"width":448,"height":350,"url":"https:\/\/universofamilia.com\/wp-content\/uploads\/sites\/148\/2023\/06\/FOTO-DESTAQUE-ar-condicionado-universo-familia-.png","type":"image\/png"}],"author":"Matheus Sangaletti","twitter_card":"summary_large_image","twitter_misc":{"Written by":"Matheus Sangaletti","Est. reading time":"8 \u5206\u9418"},"schema":{"@context":"https:\/\/schema.org","@graph":[{"@type":"WebPage","@id":"https:\/\/universofamilia.com\/da\/posso-utilizar-ar-condicionado-no-quarto-do-bebe\/","url":"https:\/\/universofamilia.com\/da\/posso-utilizar-ar-condicionado-no-quarto-do-bebe\/","name":"Posso Utilizar Ar Condicionado no Quarto do Beb\u00ea? - Universo Fam\u00edlia","isPartOf":{"@id":"https:\/\/universofamilia.com\/el\/#website"},"primaryImageOfPage":{"@id":"https:\/\/universofamilia.com\/da\/posso-utilizar-ar-condicionado-no-quarto-do-bebe\/#primaryimage"},"image":{"@id":"https:\/\/universofamilia.com\/da\/posso-utilizar-ar-condicionado-no-quarto-do-bebe\/#primaryimage"},"thumbnailUrl":"https:\/\/universofamilia.com\/wp-content\/uploads\/sites\/148\/2023\/06\/FOTO-DESTAQUE-ar-condicionado-universo-familia-.png","datePublished":"2023-06-19T00:39:10+00:00","dateModified":"2025-10-06T01:57:48+00:00","author":{"@id":"https:\/\/universofamilia.com\/el\/#\/schema\/person\/92fcd07e9b1f4323bf74f3170fc0f78a"},"description":"Posso Utilizar Ar Condicionado no Quarto do Beb\u00ea? Ter um beb\u00ea em casa \u00e9 uma experi\u00eancia incr\u00edvel, mas tamb\u00e9m traz diversas preocupa\u00e7\u00f5es para","breadcrumb":{"@id":"https:\/\/universofamilia.com\/da\/posso-utilizar-ar-condicionado-no-quarto-do-bebe\/#breadcrumb"},"inLanguage":"zh-HK","potentialAction":[{"@type":"ReadAction","target":["https:\/\/universofamilia.com\/da\/posso-utilizar-ar-condicionado-no-quarto-do-bebe\/"]}]},{"@type":"ImageObject","inLanguage":"zh-HK","@id":"https:\/\/universofamilia.com\/da\/posso-utilizar-ar-condicionado-no-quarto-do-bebe\/#primaryimage","url":"https:\/\/universofamilia.com\/wp-content\/uploads\/sites\/148\/2023\/06\/FOTO-DESTAQUE-ar-condicionado-universo-familia-.png","contentUrl":"https:\/\/universofamilia.com\/wp-content\/uploads\/sites\/148\/2023\/06\/FOTO-DESTAQUE-ar-condicionado-universo-familia-.png","width":448,"height":350},{"@type":"BreadcrumbList","@id":"https:\/\/universofamilia.com\/da\/posso-utilizar-ar-condicionado-no-quarto-do-bebe\/#breadcrumb","itemListElement":[{"@type":"ListItem","position":1,"name":"Home","item":"https:\/\/universofamilia.com\/el\/"},{"@type":"ListItem","position":2,"name":"Posso Utilizar Ar Condicionado no Quarto do Beb\u00ea?"}]},{"@type":"WebSite","@id":"https:\/\/universofamilia.com\/el\/#website","url":"https:\/\/universofamilia.com\/el\/","name":"Universo Fam\u00edlia","description":"","potentialAction":[{"@type":"SearchAction","target":{"@type":"EntryPoint","urlTemplate":"https:\/\/universofamilia.com\/el\/?s={search_term_string}"},"query-input":"required name=search_term_string"}],"inLanguage":"zh-HK"},{"@type":"Person","@id":"https:\/\/universofamilia.com\/el\/#\/schema\/person\/92fcd07e9b1f4323bf74f3170fc0f78a","name":"Matheus Sangaletti","image":{"@type":"ImageObject","inLanguage":"zh-HK","@id":"https:\/\/universofamilia.com\/el\/#\/schema\/person\/image\/","url":"https:\/\/secure.gravatar.com\/avatar\/280ea957a14a48e6a1ad2133d2cc27c9?s=96&d=mm&r=g","contentUrl":"https:\/\/secure.gravatar.com\/avatar\/280ea957a14a48e6a1ad2133d2cc27c9?s=96&d=mm&r=g","caption":"Matheus Sangaletti"},"url":"https:\/\/universofamilia.com\/zh_hk\/author\/matheuss\/"}]}},"_links":{"self":[{"href":"https:\/\/universofamilia.com\/zh_hk\/wp-json\/wp\/v2\/posts\/2760"}],"collection":[{"href":"https:\/\/universofamilia.com\/zh_hk\/wp-json\/wp\/v2\/posts"}],"about":[{"href":"https:\/\/universofamilia.com\/zh_hk\/wp-json\/wp\/v2\/types\/post"}],"author":[{"embeddable":true,"href":"https:\/\/universofamilia.com\/zh_hk\/wp-json\/wp\/v2\/users\/219"}],"replies":[{"embeddable":true,"href":"https:\/\/universofamilia.com\/zh_hk\/wp-json\/wp\/v2\/comments?post=2760"}],"version-history":[{"count":1,"href":"https:\/\/universofamilia.com\/zh_hk\/wp-json\/wp\/v2\/posts\/2760\/revisions"}],"predecessor-version":[{"id":9885,"href":"https:\/\/universofamilia.com\/zh_hk\/wp-json\/wp\/v2\/posts\/2760\/revisions\/9885"}],"wp:featuredmedia":[{"embeddable":true,"href":"https:\/\/universofamilia.com\/zh_hk\/wp-json\/wp\/v2\/media\/2766"}],"wp:attachment":[{"href":"https:\/\/universofamilia.com\/zh_hk\/wp-json\/wp\/v2\/media?parent=2760"}],"wp:term":[{"taxonomy":"category","embeddable":true,"href":"https:\/\/universofamilia.com\/zh_hk\/wp-json\/wp\/v2\/categories?post=2760"},{"taxonomy":"post_tag","embeddable":true,"href":"https:\/\/universofamilia.com\/zh_hk\/wp-json\/wp\/v2\/tags?post=2760"}],"curies":[{"name":"wp","href":"https:\/\/api.w.org\/{rel}","templated":true}]}}